{"id":572914,"date":"2026-05-27T06:02:19","date_gmt":"2026-05-27T06:02:19","guid":{"rendered":"https:\/\/www.europesays.com\/es\/572914\/"},"modified":"2026-05-27T06:02:19","modified_gmt":"2026-05-27T06:02:19","slug":"miedo-y-negacion-en-el-corazon-de-la-epidemia-de-ebola-en-rd-congo","status":"publish","type":"post","link":"https:\/\/www.europesays.com\/es\/572914\/","title":{"rendered":"Miedo y negaci\u00f3n en el coraz\u00f3n de la epidemia de \u00e9bola en RD Congo"},"content":{"rendered":"<p>    <img src=\"https:\/\/www.europesays.com\/es\/wp-content\/uploads\/2026\/05\/2026-05-27T043A003A51Z-91478997.jpg\" width=\"1024\" height=\"682\" alt=\"\" loading=\"eager\" decoding=\"sync\" fetchpriority=\"high\"\/><\/p>\n<p>            afp_tickers        <\/p>\n<p>        Este contenido fue publicado en    <\/p>\n<p>        27 mayo 2026 &#8211; 06:00\n<\/p>\n<p>A diferencia de otros habitantes de Mongbwalu, en el coraz\u00f3n del devastador brote de \u00e9bola en el este de Rep\u00fablica Democr\u00e1tica del Congo, Laureine Sakiya cree en la existencia del virus que ya ha matado a algunos de sus vecinos.<\/p>\n<p>\u00abLa enfermedad existe\u00bb, afirma esta mujer de 26 a\u00f1os entrevistada por la AFP. \u00abLas autoridades tienen que traernos vacunas\u00bb, agrega.<\/p>\n<p>Pero lo que no existe, precisamente, es inyecci\u00f3n ni tratamiento para la cepa Bundibugyo que ha provocado esta 17\u00aa epidemia de \u00e9bola en el vasto pa\u00eds centroafricano.<\/p>\n<p>Hasta ahora, la Organizaci\u00f3n Mundial de la Salud (OMS) estima en 220 el n\u00famero de muertes sospechosas por el brote, diez de ellas confirmadas. La cifra de supuestos contagios supera los 900 casos.<\/p>\n<p>El foco se centra en la regi\u00f3n de Ituri, en el noreste, donde d\u00e9cadas de abandono y de conflicto han alimentado un sentimiento de desconfianza hacia el Estado congole\u00f1o.<\/p>\n<p>Con la epidemia actual, la reacci\u00f3n de la poblaci\u00f3n se mueve entre las cr\u00edticas a la respuesta del gobierno y la negaci\u00f3n de la enfermedad.<\/p>\n<p>Buscadores de oro y vendedores ambulantes cruzan regularmente esta regi\u00f3n convulsa y rica en minerales.<\/p>\n<p>Las motos embarradas de gente que viene y va son una estampa habitual en la ciudad de Mongbwalu, a unos 100 kil\u00f3metros de Uganda y a apenas 200 kil\u00f3metros del inestable Sud\u00e1n del Sur.<\/p>\n<p>En el espacio de varias semanas, el brote se ha propagado a varias provincias cercanas y ha llegado a Uganda, lo que llev\u00f3 a la OMS a declarar una emergencia internacional.<\/p>\n<p>\u2013 \u00abFuera de lo com\u00fan\u00bb \u2013<\/p>\n<p>En el modesto hospital local, levantado en medio de \u00e1rboles y hierba alta, equipos sanitarios frotan el suelo y las paredes con una soluci\u00f3n de cloro.<\/p>\n<p>Mascarillas, gafas, trajes de protecci\u00f3n: est\u00e1n equipados de pies a cabeza ante una enfermedad que se transmite por contacto f\u00edsico cercano o por los fluidos corporales. Pero los dispositivos destinados al lavado de manos est\u00e1n hechos con cubos de pl\u00e1stico.<\/p>\n<p>En el epicentro de lo que se perfila como una de las epidemias m\u00e1s graves de la historia del \u00e9bola, la respuesta sanitaria tarda en organizarse.<\/p>\n<p>Hay oeneg\u00e9s locales y la organizaci\u00f3n internacional M\u00e9dicos Sin Fronteras (MSF) que ha prestado tiendas de campa\u00f1a para aislar a las personas infectadas.<\/p>\n<p>\u00abEsta epidemia es algo fuera de lo com\u00fan\u00bb, alerta el coordinador de MSF, Florent Uzzeni, desde Bunia, la capital de la provincia, situada a unos 80 km.<\/p>\n<p>Los balances oficiales est\u00e1n \u00absubestimados\u00bb porque \u00abla capacidad para hacer pruebas a la poblaci\u00f3n es extremadamente limitada\u00bb, asegura.<\/p>\n<p>En la parte trasera del hospital de Mongbwalu, un armaz\u00f3n ennegrecido es lo que queda de una de las tiendas de aislamiento incendiada en unos disturbios durante la noche.<\/p>\n<p>No es algo novedoso. En epidemias anteriores, la desconfianza de una parte de la poblaci\u00f3n hacia las autoridades y hacia la existencia de la enfermedad ya hab\u00eda provocado incidentes.<\/p>\n<p>\u2013 \u00abAsunto de ata\u00fades\u00bb \u2013<\/p>\n<p>Algunos cre\u00edan que la \u00faltima epidemia se deb\u00eda a una \u00abenfermedad m\u00edstica\u00bb, una creencia com\u00fan en algunas zonas remotas de RDC.<\/p>\n<p>\u00abAl principio, la gente cre\u00eda que se trataba de un asunto de ata\u00fades\u00bb, dijo Jonathan Imbalapay, l\u00edder de la sociedad civil en Mongbwalu.<\/p>\n<p>El primer caso sospechoso se identific\u00f3 en Bunia, la capital provincial. Tras la muerte del hombre, su familia traslad\u00f3 el cad\u00e1ver a Mongbwalu.<\/p>\n<p>Pero el trayecto de 80 kil\u00f3metros por las carreteras del este de RDC, conocidas por su mal estado y sus baches, da\u00f1\u00f3 el ata\u00fad, lo que dej\u00f3 al descubierto el cad\u00e1ver infectado por el \u00e9bola.<\/p>\n<p>Los l\u00edderes tradicionales y algunos lugare\u00f1os quer\u00edan quemar el ata\u00fad da\u00f1ado.<\/p>\n<p>Despu\u00e9s de que las pruebas realizadas en un laboratorio provincial no lograran identificar el \u00e9bola como la fuente, no se tomaron medidas para contener la enfermedad en la ciudad.<\/p>\n<p>No fue hasta que las muestras llegaron al laboratorio de investigaci\u00f3n biom\u00e9dica de la capital, Kinshasa, a casi 1.800 kil\u00f3metros de distancia, cuando se confirm\u00f3 el brote de \u00e9bola.\u00a0<\/p>\n<p>Adam Hussein, un representante de 35 a\u00f1os de los curanderos tradicionales de Mongbwalu, se inquieta por esta actitud incr\u00e9dula y pide a todo el mundo que tome precauciones.<\/p>\n<p>\u00abMe preocupan aquellos que dicen que esta enfermedad es inventada\u00bb, afirma.<\/p>\n<p>str-cld\/sbk\/rmb\/dbh\/jvb\/arm<\/p>\n","protected":false},"excerpt":{"rendered":"afp_tickers Este contenido fue publicado en 27 mayo 2026 &#8211; 06:00 A diferencia de otros habitantes de Mongbwalu,&hellip;\n","protected":false},"author":2,"featured_media":572915,"comment_status":"","ping_status":"","sticky":false,"template":"","format":"standard","meta":{"footnotes":""},"categories":[42],"tags":[635,17,18,58126,636,8543,58127,13,14,11,165,61,62,63,64,19,20,9,10,15,16,90,12,21,22,58128,65,66,67],"class_list":["post-572914","post","type-post","status-publish","format-standard","has-post-thumbnail","category-internacional","tag-armed-conflict","tag-breaking-news","tag-breakingnews","tag-communicable-diseases","tag-conflict","tag-disease","tag-epidemic-and-plague","tag-featured-news","tag-featurednews","tag-headlines","tag-health","tag-internacional","tag-international","tag-international-news","tag-internationalnews","tag-latest-news","tag-latestnews","tag-news","tag-noticias","tag-noticias-destacadas","tag-noticiasdestacadas","tag-ticker","tag-titulares","tag-ultimas-noticias","tag-ultimasnoticias","tag-virus-diseases","tag-world","tag-world-news","tag-worldnews"],"share_on_mastodon":{"url":"https:\/\/pubeurope.com\/@es\/116645026040446676","error":""},"_links":{"self":[{"href":"https:\/\/www.europesays.com\/es\/wp-json\/wp\/v2\/posts\/572914","targetHints":{"allow":["GET"]}}],"collection":[{"href":"https:\/\/www.europesays.com\/es\/wp-json\/wp\/v2\/posts"}],"about":[{"href":"https:\/\/www.europesays.com\/es\/wp-json\/wp\/v2\/types\/post"}],"author":[{"embeddable":true,"href":"https:\/\/www.europesays.com\/es\/wp-json\/wp\/v2\/users\/2"}],"replies":[{"embeddable":true,"href":"https:\/\/www.europesays.com\/es\/wp-json\/wp\/v2\/comments?post=572914"}],"version-history":[{"count":0,"href":"https:\/\/www.europesays.com\/es\/wp-json\/wp\/v2\/posts\/572914\/revisions"}],"wp:featuredmedia":[{"embeddable":true,"href":"https:\/\/www.europesays.com\/es\/wp-json\/wp\/v2\/media\/572915"}],"wp:attachment":[{"href":"https:\/\/www.europesays.com\/es\/wp-json\/wp\/v2\/media?parent=572914"}],"wp:term":[{"taxonomy":"category","embeddable":true,"href":"https:\/\/www.europesays.com\/es\/wp-json\/wp\/v2\/categories?post=572914"},{"taxonomy":"post_tag","embeddable":true,"href":"https:\/\/www.europesays.com\/es\/wp-json\/wp\/v2\/tags?post=572914"}],"curies":[{"name":"wp","href":"https:\/\/api.w.org\/{rel}","templated":true}]}}