{"id":57297,"date":"2025-08-19T06:42:10","date_gmt":"2025-08-19T06:42:10","guid":{"rendered":"https:\/\/www.europesays.com\/es\/57297\/"},"modified":"2025-08-19T06:42:10","modified_gmt":"2025-08-19T06:42:10","slug":"empezo-como-anticuario-en-1911-y-hoy-es-una-de-las-galerias-de-arte-mas-prestigiosas-de-barcelona","status":"publish","type":"post","link":"https:\/\/www.europesays.com\/es\/57297\/","title":{"rendered":"Empez\u00f3 como anticuario en 1911 y hoy es una de las galer\u00edas de arte m\u00e1s prestigiosas de Barcelona"},"content":{"rendered":"<p data-gtm-element-container=\"modulo-texto-link\" class=\"paragraph\"><a href=\"https:\/\/arturamon.com\/es\/\" rel=\"nofollow noopener\" target=\"_blank\">Artur Ramon Art<\/a> es un espacio \u00fanico en Barcelona. Capaz de conjugar historia, talento y rigor en el tratamiento del arte, esta\u00a0 galer\u00eda-laboratorio donde el pasado se lee siempre con mirada contempor\u00e1nea fue\u00a0<strong>fundada en 1911<\/strong> por Artur Ramon Vendrell y hoy es dirigida por la cuarta generaci\u00f3n de la misma familia.\u00a0<\/p>\n<p data-gtm-element-container=\"modulo-texto-link\" class=\"paragraph\">Empez\u00f3 como anticuario tradicional y con el paso del tiempo redefini\u00f3 su perfil hasta transformarse en <strong>una referencia internacional en dibujo antiguo, pintura, escultura y artes decorativas<\/strong>.\u00a0<\/p>\n<p data-gtm-element-container=\"modulo-texto-link\" class=\"paragraph\">Su identidad se sostiene desde entonces sobre tres pilares: exigencia en la selecci\u00f3n de obras, apertura al di\u00e1logo entre estilos y \u00e9pocas y <strong>una vocaci\u00f3n clara de transmitir el arte como experiencia vital y colectiva<\/strong>, lejos de la solemnidad distante.\u00a0<\/p>\n<p data-gtm-element-container=\"modulo-texto-link\" class=\"paragraph\">El equipo Artur Ram\u00f3n Art revitaliza el coleccionismo, promueve exposiciones de creadores -consagrados y emergentes- y desarrolla programas que conectan con las inquietudes y el pulso contempor\u00e1neo de la ciudad.\u00a0<\/p>\n<blockquote class=\"instagram-media\" data-instgrm-captioned=\"\" data-instgrm-version=\"6\" style=\"background: #FFF; border: 0; border-radius: 3px; box-shadow: 0 0 1px 0 rgba(0,&#10;0, 0, 0.5), 0 1px 10px 0 rgba(0, 0, 0, 0.15); margin: 1px; max-width: 658px; padding: 0;&#10;width: 99.375%; width: -webkit-calc(100% - 2px); width: calc(100% - 2px);\">\n<\/blockquote>\n<p>Historia, renovaci\u00f3n y expansi\u00f3n internacional\u00a0<\/p>\n<p data-gtm-element-container=\"modulo-texto-link\" class=\"paragraph\">El negocio familiar se inici\u00f3 en la hist\u00f3rica tienda de la calle de la Palla 25, epicentro barcelon\u00e9s del comercio de antig\u00fcedades durante el siglo XX.<\/p>\n<p data-gtm-element-container=\"modulo-texto-link\" class=\"paragraph\">La segunda generaci\u00f3n de la familia trajo consigo <strong>cambios fundamentales<\/strong>. Artur Ramon Picas, tras formarse en Par\u00eds y absorber las novedades del circuito art\u00edstico internacional de los a\u00f1os 60 y 70, fue quien introdujo el concepto de galer\u00eda, dando el salto de anticuario tradicional a expositor de arte con criterio y visi\u00f3n contempor\u00e1nea.\u00a0<\/p>\n<p data-gtm-element-container=\"modulo-texto-link\" class=\"paragraph\">Uno de los hitos fue <strong>la exposici\u00f3n monogr\u00e1fica de Joaquim Sunyer<\/strong> en 1973, seguida de muestras dedicadas a escultores y pintores catalanes de vanguardia como Subirachs, Chancho y Torres-Garc\u00eda.<\/p>\n<p data-gtm-element-container=\"modulo-texto-link\" class=\"paragraph\">La galer\u00eda sigui\u00f3 evolucionando, alcanz\u00f3 proyecci\u00f3n internacional en dos de las ferias de arte m\u00e1s prestigiosas -Le Salon du Dessin de Par\u00eds desde 2009 y la TEFAF de Maastricht desde 2010- y se\u00a0 convirti\u00f3 en <strong>el primer expositor catal\u00e1n habitual<\/strong> en ese escaparate global. Participar en estos eventos exige un minucioso trabajo de estudio y selecci\u00f3n de piezas excepcionales que ponen en valor la marca Artur Ramon y el patrimonio art\u00edstico catal\u00e1n.<\/p>\n<p>        Lee tambi\u00e9n<\/p>\n<p>    Redacci\u00f3n<\/p>\n<p>             <img loading=\"lazy\" decoding=\"async\" data-full-src=\"https:\/\/www.mundodeportivo.com\/uploads\/2025\/08\/14\/689d948d0ad46.jpeg\" alt=\"El Museo Moco es un referente ineludible del arte contempor\u00e1neo.\" width=\"334\" height=\"164\" src=\"https:\/\/www.europesays.com\/es\/wp-content\/uploads\/2025\/08\/689d948d0ad46.jpeg\" class=\"lazy\"\/><\/p>\n<p>Espacios vivos: galer\u00eda y laboratorio de arte<\/p>\n<p data-gtm-element-container=\"modulo-texto-link\" class=\"paragraph\">En 2017, Artur Ramon Art inaugur\u00f3 <strong>su sede actual en la calle Bail\u00e8n, 19,<\/strong> un antiguo edificio textil rehabilitado en el Quadrat d&#8217;Or, n\u00facleo del Eixample.\u00a0<\/p>\n<p data-gtm-element-container=\"modulo-texto-link\" class=\"paragraph\">El espacio est\u00e1 dividido en <strong>dos \u00e1mbitos<\/strong> que dialogan: el Espai d\u2019Art, nave industrial recuperada abierta al p\u00fablico, donde el arte antiguo convive y discute con la mirada contempor\u00e1nea, y la galer\u00eda privada, dedicada a la gesti\u00f3n de obras de alta calidad y coleccionismo, ofreciendo asesor\u00eda rigurosa y personalizada a coleccionistas exigentes.<\/p>\n<p data-gtm-element-container=\"modulo-texto-link\" class=\"paragraph\">La galer\u00eda programa <strong>media docena de exposiciones anuales<\/strong> y organiza intervenciones, conferencias y di\u00e1logos, consolid\u00e1ndose como centro din\u00e1mico y abierto a la investigaci\u00f3n, reflexi\u00f3n y exploraci\u00f3n art\u00edstica<\/p>\n<blockquote class=\"instagram-media\" data-instgrm-captioned=\"\" data-instgrm-version=\"6\" style=\"background: #FFF; border: 0; border-radius: 3px; box-shadow: 0 0 1px 0 rgba(0,&#10;0, 0, 0.5), 0 1px 10px 0 rgba(0, 0, 0, 0.15); margin: 1px; max-width: 658px; padding: 0;&#10;width: 99.375%; width: -webkit-calc(100% - 2px); width: calc(100% - 2px);\">\n<\/blockquote>\n<p>Del arte antiguo al contempor\u00e1neo: colecciones y artistas<\/p>\n<p data-gtm-element-container=\"modulo-texto-link\" class=\"paragraph\">Artur Ramon Art ha mantenido la fidelidad a las disciplinas cl\u00e1sicas, desde la pintura y el dibujo hasta la escultura, la cer\u00e1mica, el grabado y el mobiliario, pero sin perder nunca de vista <strong>la innovaci\u00f3n y la contemporaneidad<\/strong>.\u00a0<\/p>\n<p data-gtm-element-container=\"modulo-texto-link\" class=\"paragraph\">Hoy, su colecci\u00f3n incluye <strong>piezas de m\u00e1s de 36 artistas contempor\u00e1neos nacionales e internacionales<\/strong>, una prueba de la voluntad de la galer\u00eda de explorar nuevos enfoques y dar visibilidad a creadores de relevancia frecuentemente obviados por el circuito comercial. Exposiciones como \u201cTiempo imaginario\u201d de Pamen Pereira manifiestan el di\u00e1logo entre la fragilidad del tiempo y la metamorfosis art\u00edstica.<\/p>\n<p data-gtm-element-container=\"modulo-texto-link\" class=\"paragraph\">Obras gestionadas por Artur Ramon Art se han incorporado a instituciones tan relevantes como el MNAC, el Museo del Prado, el Louvre, la National Gallery de Canad\u00e1 o el Rijksmuseum, consolidando la galer\u00eda como referente nacional e internacional. El compromiso es claro: <strong>fomentar la cultura y el coleccionismo tanto p\u00fablico como privado<\/strong>.<\/p>\n","protected":false},"excerpt":{"rendered":"Artur Ramon Art es un espacio \u00fanico en Barcelona. Capaz de conjugar historia, talento y rigor en el&hellip;\n","protected":false},"author":2,"featured_media":57298,"comment_status":"","ping_status":"","sticky":false,"template":"","format":"standard","meta":{"footnotes":""},"categories":[173],"tags":[229,233,231,230,232,234,146,147,25,24,23],"class_list":{"0":"post-57297","1":"post","2":"type-post","3":"status-publish","4":"format-standard","5":"has-post-thumbnail","7":"category-arte-y-diseno","8":"tag-arte","9":"tag-arte-y-diseno","10":"tag-arts","11":"tag-arts-and-design","12":"tag-design","13":"tag-diseno","14":"tag-entertainment","15":"tag-entretenimiento","16":"tag-es","17":"tag-espana","18":"tag-spain"},"share_on_mastodon":{"url":"","error":""},"_links":{"self":[{"href":"https:\/\/www.europesays.com\/es\/wp-json\/wp\/v2\/posts\/57297","targetHints":{"allow":["GET"]}}],"collection":[{"href":"https:\/\/www.europesays.com\/es\/wp-json\/wp\/v2\/posts"}],"about":[{"href":"https:\/\/www.europesays.com\/es\/wp-json\/wp\/v2\/types\/post"}],"author":[{"embeddable":true,"href":"https:\/\/www.europesays.com\/es\/wp-json\/wp\/v2\/users\/2"}],"replies":[{"embeddable":true,"href":"https:\/\/www.europesays.com\/es\/wp-json\/wp\/v2\/comments?post=57297"}],"version-history":[{"count":0,"href":"https:\/\/www.europesays.com\/es\/wp-json\/wp\/v2\/posts\/57297\/revisions"}],"wp:featuredmedia":[{"embeddable":true,"href":"https:\/\/www.europesays.com\/es\/wp-json\/wp\/v2\/media\/57298"}],"wp:attachment":[{"href":"https:\/\/www.europesays.com\/es\/wp-json\/wp\/v2\/media?parent=57297"}],"wp:term":[{"taxonomy":"category","embeddable":true,"href":"https:\/\/www.europesays.com\/es\/wp-json\/wp\/v2\/categories?post=57297"},{"taxonomy":"post_tag","embeddable":true,"href":"https:\/\/www.europesays.com\/es\/wp-json\/wp\/v2\/tags?post=57297"}],"curies":[{"name":"wp","href":"https:\/\/api.w.org\/{rel}","templated":true}]}}