{"id":573227,"date":"2026-05-27T10:03:12","date_gmt":"2026-05-27T10:03:12","guid":{"rendered":"https:\/\/www.europesays.com\/es\/573227\/"},"modified":"2026-05-27T10:03:12","modified_gmt":"2026-05-27T10:03:12","slug":"david-broncano-regala-un-eguzkilore-a-borja-iglesias-2","status":"publish","type":"post","link":"https:\/\/www.europesays.com\/es\/573227\/","title":{"rendered":"David Broncano regala un eguzkilore a Borja Iglesias"},"content":{"rendered":"<p>  <strong>Un icono de la mitolog\u00eda vasca<\/strong><\/p>\n<p class=\"article-body__text \">\n        David Broncano recibi\u00f3 al futbolista en el plat\u00f3 de su programa con un <strong>regalo muy especial: un eguzkilore<\/strong> para <strong>protegerlo de los malos augurios<\/strong> y <strong>desearle buena suerte<\/strong>, para as\u00ed <strong>ahuyentar a las tormentas, brujas, enfermedades y otras desgracias<\/strong>.\n<\/p>\n<p class=\"article-body__text \">\n        En sus palabras, le ofrec\u00eda este regalo porque es un <strong>t\u00edo sensible<\/strong> y le iba a gustar. \u201cEs para <strong>desearte suerte<\/strong>. La gente lo pone en la <strong>puerta de las casas<\/strong>. Es una especie de <strong>cardo muy dif\u00edcil de conseguir<\/strong>\u201d, le comentaba, al mismo tiempo que le daba la <strong>primera versi\u00f3n arreglada de su \u00e1lbum de cromos<\/strong>.\n<\/p>\n<p class=\"article-photo__footer\">\n            Borja Iglesias y David Broncano, ayer en &#8216;La Revuelta&#8217;            YouTube-La Revuelta        <\/p>\n<p>  <strong>Con la vista puesta en el Mundial<\/strong><\/p>\n<p class=\"article-body__text \">\n        En el formato de TVE, en caso de que la <strong>selecci\u00f3n espa\u00f1ola ganase el <\/strong><a href=\"https:\/\/www.noticiasdenavarra.com\/tags\/mundial-2026\/\" title=\"Mundial\" rel=\"nofollow noopener\" target=\"_blank\" class=\"link copy\"><strong>Mundial<\/strong><\/a>, los jugadores deber\u00edan <strong>saludar a los mandatarios<\/strong>. Por lo tanto, deber\u00edan <strong>estrechar la mano a Donald Trump<\/strong>, algo que <strong>choca con los ideales de Borja Iglesias<\/strong>.\n<\/p>\n<p class=\"article-body__text \">\n        De acuerdo con lo que contaba, es algo que \u201cya lo hab\u00eda pensado, es un <strong>conflicto complejo<\/strong> porque <strong>no solo te representas a ti mismo<\/strong>. Hay un <strong>protocolo y un compromiso que cumplir por educaci\u00f3n<\/strong>, aunque lo que me pide a m\u00ed el cuerpo <strong>difiere de lo que tendr\u00eda que hacer<\/strong>\u201d, admit\u00eda.\n<\/p>\n<p class=\"article-body__text \">\n        Sin embargo, el invitado destacaba que le gusta \u201cla gente que <strong>lucha por progresar<\/strong> y que se <strong>cumplan los valores fundamentales<\/strong>\u201d, lo que, a su juicio, a personas como a \u201c<strong>Trump les cuesta<\/strong>\u201d.\n<\/p>\n<p>            <a href=\"https:\/\/www.noticiasdenavarra.com\/television\/2026\/05\/21\/la-revuelta-tve-sorprendente-movimiento-mejora-audiencia-11097364.html\" title=\"\u2018La Revuelta\u2019 y TVE dan con la tecla: este es el sorprendente movimiento que mejora su audiencia\" class=\"new__media\" rel=\"nofollow noopener\" target=\"_blank\"><\/p>\n<p>                <img alt=\"\u2018La Revuelta\u2019 y TVE dan con la tecla: este es el sorprendente movimiento que mejora su audiencia\" data-src=\"https:\/\/www.europesays.com\/es\/wp-content\/uploads\/2026\/05\/0eea86a5-5a50-4395-be8b-749cceedd0f7_16-9-aspect-ratio_default_0_x627y152.jpg\" class=\"lozad\"\/><\/p>\n<p>        <\/a><\/p>\n<p>        <a href=\"https:\/\/www.noticiasdenavarra.com\/television\/2026\/05\/21\/la-revuelta-tve-sorprendente-movimiento-mejora-audiencia-11097364.html\" title=\"\u2018La Revuelta\u2019 y TVE dan con la tecla: este es el sorprendente movimiento que mejora su audiencia\" class=\"new__headline\" rel=\"nofollow noopener\" target=\"_blank\"><br \/>\n            \u2018La Revuelta\u2019 y TVE dan con la tecla: este es el sorprendente movimiento que mejora su audiencia<br \/>\n        <\/a><\/p>\n<p>  <strong>Celebraci\u00f3n dedicada a los haters<\/strong><\/p>\n<p class=\"article-body__text \">\n        <a href=\"https:\/\/www.noticiasdenavarra.com\/television\/2026\/05\/19\/profunda-reflexion-ronald-araujo-la-revuelta-sobre-su-salud-mental-11086914.html\" title=\"\u2018La Revuelta\u2019\" rel=\"nofollow noopener\" target=\"_blank\" class=\"link copy\"><strong>\u2018La Revuelta\u2019<\/strong><\/a> tambi\u00e9n record\u00f3 anoche una <strong>celebraci\u00f3n particular<\/strong> del protagonista. En ese momento, David Broncano y Borja Iglesias recrearon el <strong>gesto de las comillas con los dedos<\/strong>, en referencia a los <strong>haters que se re\u00edan de \u00e9l por no ir al otro mundial<\/strong>.\n<\/p>\n<p class=\"article-body__text \">\n        Y no solo eso: el delantero ha tenido que soportar que hablaran de <strong>temas extradeportivos<\/strong>, como su <strong>relaci\u00f3n con la creadora de contenido Mar\u00eda Valero<\/strong>: \u201cAntes le dec\u00edan: <strong>Borja no mete goles por tu culpa<\/strong>. Pero ahora no le dicen: <strong>Borja va al Mundial por tu culpa<\/strong>\u201d, dec\u00eda el delantero con iron\u00eda.\n<\/p>\n<p class=\"article-body__text \">\n        Seg\u00fan reflexionaba el jugador del Celta, \u201ca veces <strong>menospreciamos lo que hacen los dem\u00e1s<\/strong>. Puede que no te guste lo que hace alguien, pero <strong>no molestes<\/strong>. Seguro que detr\u00e1s hay <strong>muchas cosas dignas de valorar<\/strong>\u201d, puntualizaba.\n<\/p>\n<p>            <a href=\"https:\/\/www.noticiasdenavarra.com\/television\/2026\/05\/20\/mercedes-mila-incendia-revuelta-zapatero-11093268.html\" title=\"Mercedes Mil\u00e1 incendia &#039;La Revuelta&#039; con su defensa a Zapatero y las pullas a Broncano: &quot;Eres un cobarde&quot;\" class=\"new__media\" rel=\"nofollow noopener\" target=\"_blank\"><\/p>\n<p>                <img alt=\"Mercedes Mil\u00e1 incendia 'La Revuelta' con su defensa a Zapatero y las pullas a Broncano: &quot;Eres un cobarde&quot;\" data-src=\"https:\/\/www.europesays.com\/es\/wp-content\/uploads\/2026\/05\/e2158215-e563-4231-904c-0dd289598894_16-9-aspect-ratio_default_0_x627y258.jpg\" class=\"lozad\"\/><\/p>\n<p>        <\/a><\/p>\n<p>        <a href=\"https:\/\/www.noticiasdenavarra.com\/television\/2026\/05\/20\/mercedes-mila-incendia-revuelta-zapatero-11093268.html\" title=\"Mercedes Mil\u00e1 incendia &#039;La Revuelta&#039; con su defensa a Zapatero y las pullas a Broncano: &quot;Eres un cobarde&quot;\" class=\"new__headline\" rel=\"nofollow noopener\" target=\"_blank\"><br \/>\n            Mercedes Mil\u00e1 incendia &#8216;La Revuelta&#8217; con su defensa a Zapatero y las pullas a Broncano: \u00abEres un cobarde\u00bb<br \/>\n        <\/a><\/p>\n<p>  <strong>La carrera de Borja Iglesias<\/strong><\/p>\n<p class=\"article-body__text \">\n        <strong>Borja Iglesias (1993)<\/strong> es <strong>uno de los delanteros del momento<\/strong>. Empez\u00f3 su trayectoria en el <strong>Celta de Vigo<\/strong> y despu\u00e9s fich\u00f3 por el <strong>Zaragoza<\/strong>, para m\u00e1s tarde incorporarse al <strong>Espanyol<\/strong>, donde rindi\u00f3 a un <strong>buen nivel<\/strong>.\n<\/p>\n<p class=\"article-body__text \">\n        Su pr\u00f3ximo equipo fue el <strong>Betis<\/strong>, donde <strong>se consolid\u00f3<\/strong> y logr\u00f3 ganar una <strong>Copa del Rey en el a\u00f1o 2022<\/strong>, hasta que en <strong>2023 fich\u00f3 por el Bayer Leverkusen alem\u00e1n<\/strong>.\n<\/p>\n<p class=\"article-body__text \">\n        Despu\u00e9s de una temporada, <strong>regres\u00f3 al Celta<\/strong>, equipo donde se form\u00f3 y en el que, gracias a su <strong>buen rendimiento<\/strong>, se ha convertido en <strong>uno de los jugadores de moda<\/strong> que <strong>formar\u00e1 parte de la convocatoria de la selecci\u00f3n espa\u00f1ola en este Mundial<\/strong>.<\/p>\n","protected":false},"excerpt":{"rendered":"Un icono de la mitolog\u00eda vasca David Broncano recibi\u00f3 al futbolista en el plat\u00f3 de su programa con&hellip;\n","protected":false},"author":2,"featured_media":573154,"comment_status":"","ping_status":"","sticky":false,"template":"","format":"standard","meta":{"footnotes":""},"categories":[93],"tags":[7533,13289,4389,2429,168,25,24,7534,1783,528,23,167,3156],"class_list":["post-573227","post","type-post","status-publish","format-standard","has-post-thumbnail","category-deportes","tag-borja","tag-broncano","tag-conocido","tag-david","tag-deportes","tag-es","tag-espana","tag-iglesias","tag-la","tag-revuelta","tag-spain","tag-sports","tag-tve"],"share_on_mastodon":{"url":"https:\/\/pubeurope.com\/@es\/116645973842017995","error":""},"_links":{"self":[{"href":"https:\/\/www.europesays.com\/es\/wp-json\/wp\/v2\/posts\/573227","targetHints":{"allow":["GET"]}}],"collection":[{"href":"https:\/\/www.europesays.com\/es\/wp-json\/wp\/v2\/posts"}],"about":[{"href":"https:\/\/www.europesays.com\/es\/wp-json\/wp\/v2\/types\/post"}],"author":[{"embeddable":true,"href":"https:\/\/www.europesays.com\/es\/wp-json\/wp\/v2\/users\/2"}],"replies":[{"embeddable":true,"href":"https:\/\/www.europesays.com\/es\/wp-json\/wp\/v2\/comments?post=573227"}],"version-history":[{"count":0,"href":"https:\/\/www.europesays.com\/es\/wp-json\/wp\/v2\/posts\/573227\/revisions"}],"wp:featuredmedia":[{"embeddable":true,"href":"https:\/\/www.europesays.com\/es\/wp-json\/wp\/v2\/media\/573154"}],"wp:attachment":[{"href":"https:\/\/www.europesays.com\/es\/wp-json\/wp\/v2\/media?parent=573227"}],"wp:term":[{"taxonomy":"category","embeddable":true,"href":"https:\/\/www.europesays.com\/es\/wp-json\/wp\/v2\/categories?post=573227"},{"taxonomy":"post_tag","embeddable":true,"href":"https:\/\/www.europesays.com\/es\/wp-json\/wp\/v2\/tags?post=573227"}],"curies":[{"name":"wp","href":"https:\/\/api.w.org\/{rel}","templated":true}]}}