{"id":57351,"date":"2025-08-19T07:13:09","date_gmt":"2025-08-19T07:13:09","guid":{"rendered":"https:\/\/www.europesays.com\/es\/57351\/"},"modified":"2025-08-19T07:13:09","modified_gmt":"2025-08-19T07:13:09","slug":"samsung-galaxy-buds3-fe-nuevos-auriculares-con-diseno-renovado-y-precio-competitivo-gadgets-smartlife","status":"publish","type":"post","link":"https:\/\/www.europesays.com\/es\/57351\/","title":{"rendered":"Samsung Galaxy Buds3 FE: nuevos auriculares con dise\u00f1o renovado y precio competitivo | Gadgets | Smartlife"},"content":{"rendered":"<p class=\"\">Samsung <a href=\"https:\/\/news.samsung.com\/es\/samsung-presenta-galaxy-buds3-fe-con-un-diseno-iconico-sonido-mejorado-e-integracion-con-galaxy-ai\" target=\"_blank\" rel=\"nofollow noopener\" title=\"https:\/\/news.samsung.com\/es\/samsung-presenta-galaxy-buds3-fe-con-un-diseno-iconico-sonido-mejorado-e-integracion-con-galaxy-ai\">ha ampliado<\/a> su cat\u00e1logo de accesorio de sonido con un lanzamiento que, aunque ya hab\u00eda sido adelantado, ahora se convierte en oficial: los auriculares <b>Galaxy Buds3 FE<\/b>, una nueva propuesta dentro de su gama de modelos inal\u00e1mbricos que llega con la misi\u00f3n de acercar prestaciones de alto nivel a un precio m\u00e1s accesible.<\/p>\n<p class=\"\">Con este producto, la compa\u00f1\u00eda surcoreana busca reforzar la apuesta que inici\u00f3 con los <a href=\"https:\/\/cincodias.elpais.com\/smartlife\/gadgets\/2025-02-28\/samsung-galaxy-buds3-mejora-one-ui-buds3.html\" target=\"_self\" rel=\"nofollow noopener\" title=\"https:\/\/cincodias.elpais.com\/smartlife\/gadgets\/2025-02-28\/samsung-galaxy-buds3-mejora-one-ui-buds3.html\">Galaxy Buds3<\/a> y Buds3 Pro, pero ofreciendo una <b>alternativa m\u00e1s econ\u00f3mica<\/b> sin dejar de lado el dise\u00f1o distintivo y la integraci\u00f3n con su ecosistema Galaxy.<\/p>\n<p>Un dise\u00f1o Blade que marca la diferencia<\/p>\n<p class=\"\">Uno de los principales atractivos de los Galaxy Buds3 FE est\u00e1 en su aspecto. Samsung ha optado por mantener el nuevo estilo Blade, con un <b>tallo alargado<\/b> que mejora la ergonom\u00eda y el posicionamiento del micr\u00f3fono, a la vez que tambi\u00e9n facilita los <b>gestos t\u00e1ctiles<\/b>. Con un simple deslizamiento del dedo se puede ajustar el volumen o reproducir la m\u00fasica sin necesidad de sacar el m\u00f3vil del bolsillo.<\/p>\n<p><img alt=\"Uso de los nuevos auriculares Samsung Galaxy Buds3 FE\" decoding=\"auto\" class=\"_re lazyload a_m-v\" height=\"450\"  width=\"414\"  src=\"https:\/\/www.europesays.com\/es\/wp-content\/uploads\/2025\/08\/UNK3FUCMXBDQ3GBCBI7TSSBJIY.jpg\" loading=\"lazy\"\/>Uso de los Samsung Galaxy Buds3 FESamsung <\/p>\n<p class=\"\">La marca describe el dise\u00f1o como \u201cic\u00f3nico\u201d y, lo cierto, es que transmite la <b>misma l\u00ednea visual estrenada en los modelos superiores<\/b>, lo que refuerza la identidad de la gama. En este sentido, el acabado mantiene un equilibrio entre minimalismo y funcionalidad, con colores discretos que prometen adaptarse a cualquier estilo.<\/p>\n<p>Sonido potente y claridad en las llamadas<\/p>\n<p class=\"\">Este apartado tambi\u00e9n ofrece importantes mejoras. Los Samsung Galaxy Buds3 FE integran un <b>altavoz de mayor tama\u00f1o<\/b> que en la generaci\u00f3n anterior, con el objetivo de ofrecer graves m\u00e1s profundos y agudos n\u00edtidos, lo que se traduce en una experiencia auditiva m\u00e1s envolvente.<\/p>\n<p class=\"\">Samsung ha incorporado adem\u00e1s la tecnolog\u00eda <b>Crystal Clear Call<\/b>, basada en modelos de aprendizaje autom\u00e1tico que separan la voz del ruido ambiental. Esto significa que, incluso en una calle concurrida o en el metro, las llamadas se escuchar\u00e1n con una mayor claridad. El micr\u00f3fono, estrat\u00e9gicamente colocado en el tallo del auricular, capta mejor la voz del usuario y reduce las interferencias externas.<\/p>\n<p class=\"\">Por otro lado, los Samsung Galaxy Buds3 FE no renuncian a caracter\u00edsticas de gama alta. Incluyen <b>cancelaci\u00f3n activa de ruido (ANC)<\/b> capaz de bloquear el sonido externo para que el usuario disfrute de momentos de silencio en casi cualquier ambiente. Para quienes necesitan estar atentos a lo que ocurre a su alrededor, tambi\u00e9n est\u00e1 disponible el Modo ambiente, que permite dejar pasar ciertas frecuencias y mantener la conciencia del entorno sin necesidad de quitarse los auriculares.<\/p>\n<p class=\"\">Este balance entre aislamiento y transparencia convierte a los Buds3 FE en <b>auriculares muy vers\u00e1tiles<\/b>, preparados tanto para el transporte p\u00fablico como para una jornada de teletrabajo en casa.<\/p>\n<p>Bater\u00eda suficiente y amplia integraci\u00f3n<\/p>\n<p class=\"\">Un aspecto clave en cualquier auricular inal\u00e1mbrico es la autonom\u00eda, y Samsung afirma que los Galaxy Buds3 FE est\u00e1n a la altura. Con la cancelaci\u00f3n de ruido activada, ofrecen hasta 6 horas de reproducci\u00f3n, que <b>se ampl\u00edan a 24 si se utiliza la funda de transporte<\/b>. Al desactivar la ANC, la autonom\u00eda individual se alarga hasta 8 horas y media, alcanzando unas 30 horas junto al estuche.<\/p>\n<p class=\"\">Adem\u00e1s, los nuevos auriculares no llegan solos, sino que se integran de lleno en el ecosistema Galaxy. Gracias a la funci\u00f3n <b>Auto Switch<\/b>, es posible saltar de un dispositivo a otro -por ejemplo, del m\u00f3vil a la tablet o al port\u00e1til- sin interrupciones. Esto resulta especialmente \u00fatil para quienes utilizan varios equipos en su rutina diaria.<\/p>\n<p><img alt=\"Nuevos auriculare3s Samsung Galaxy Buds3 FE de color negro\" decoding=\"auto\" class=\"_re lazyload a_m-h\" height=\"220\"  width=\"414\"  src=\"https:\/\/www.europesays.com\/es\/wp-content\/uploads\/2025\/08\/MGQRGL5ANZBEBMITRXOVJABGU4.jpg\" loading=\"lazy\"\/>Samsung Galaxy Buds3 FE de color negroSamsung <\/p>\n<p class=\"\">La <b>compatibilidad con Galaxy AI<\/b> abre la puerta a nuevas posibilidades. Desde los auriculares es posible consultar la agenda, revisar correos electr\u00f3nicos, escuchar notificaciones o interactuar con asistentes virtuales como el de la propia marca o Google, todo mediante comandos de voz. Esta integraci\u00f3n convierte a los Samsung Galaxy Buds3 FE no solo en una herramienta de entretenimiento, sino tambi\u00e9n en un aliado para la productividad.<\/p>\n<p>Precio y disponibilidad de los Samsung Galaxy Buds3 FE<\/p>\n<p class=\"\">Samsung ha confirmado que los Galaxy Buds3 FE estar\u00e1n disponibles a partir del <b>5 de septiembre<\/b> en tiendas f\u00edsicas en Espa\u00f1a, online y a trav\u00e9s de diferentes distribuidores. Aunque el comunicado de prensa inicial no revelaba el coste, en la web oficial de la marca para Estados Unidos se ha indicado que el precio de lanzamiento en Europa ser\u00e1 de <b>149 euros<\/b>. Por lo tanto, hablamos de una cantidad bastante sensata.<\/p>\n","protected":false},"excerpt":{"rendered":"Samsung ha ampliado su cat\u00e1logo de accesorio de sonido con un lanzamiento que, aunque ya hab\u00eda sido adelantado,&hellip;\n","protected":false},"author":2,"featured_media":57352,"comment_status":"","ping_status":"","sticky":false,"template":"","format":"standard","meta":{"footnotes":""},"categories":[81],"tags":[1771,119,123,124,2308,25,24,3826,10904,2309,1702,117,121,122,1775,23,118,120],"class_list":{"0":"post-57351","1":"post","2":"type-post","3":"status-publish","4":"format-standard","5":"has-post-thumbnail","7":"category-ciencia-y-tecnologia","8":"tag-auriculares","9":"tag-ciencia","10":"tag-ciencia-y-tecnologia","11":"tag-cienciaytecnologia","12":"tag-empresas","13":"tag-es","14":"tag-espana","15":"tag-gadgets","16":"tag-informatica","17":"tag-samsung-electronics","18":"tag-samsung-galaxy","19":"tag-science","20":"tag-science-and-technology","21":"tag-scienceandtechnology","22":"tag-sonido","23":"tag-spain","24":"tag-technology","25":"tag-tecnologia"},"share_on_mastodon":{"url":"","error":""},"_links":{"self":[{"href":"https:\/\/www.europesays.com\/es\/wp-json\/wp\/v2\/posts\/57351","targetHints":{"allow":["GET"]}}],"collection":[{"href":"https:\/\/www.europesays.com\/es\/wp-json\/wp\/v2\/posts"}],"about":[{"href":"https:\/\/www.europesays.com\/es\/wp-json\/wp\/v2\/types\/post"}],"author":[{"embeddable":true,"href":"https:\/\/www.europesays.com\/es\/wp-json\/wp\/v2\/users\/2"}],"replies":[{"embeddable":true,"href":"https:\/\/www.europesays.com\/es\/wp-json\/wp\/v2\/comments?post=57351"}],"version-history":[{"count":0,"href":"https:\/\/www.europesays.com\/es\/wp-json\/wp\/v2\/posts\/57351\/revisions"}],"wp:featuredmedia":[{"embeddable":true,"href":"https:\/\/www.europesays.com\/es\/wp-json\/wp\/v2\/media\/57352"}],"wp:attachment":[{"href":"https:\/\/www.europesays.com\/es\/wp-json\/wp\/v2\/media?parent=57351"}],"wp:term":[{"taxonomy":"category","embeddable":true,"href":"https:\/\/www.europesays.com\/es\/wp-json\/wp\/v2\/categories?post=57351"},{"taxonomy":"post_tag","embeddable":true,"href":"https:\/\/www.europesays.com\/es\/wp-json\/wp\/v2\/tags?post=57351"}],"curies":[{"name":"wp","href":"https:\/\/api.w.org\/{rel}","templated":true}]}}