{"id":57369,"date":"2025-08-19T07:23:16","date_gmt":"2025-08-19T07:23:16","guid":{"rendered":"https:\/\/www.europesays.com\/es\/57369\/"},"modified":"2025-08-19T07:23:16","modified_gmt":"2025-08-19T07:23:16","slug":"perfiles-de-etapa-recorrido-completo-y-claves-de-la-carrera","status":"publish","type":"post","link":"https:\/\/www.europesays.com\/es\/57369\/","title":{"rendered":"perfiles de etapa, recorrido completo y claves de la carrera"},"content":{"rendered":"<p class=\"article-text\">\n        La <strong>Vuelta a Espa\u00f1a 2025<\/strong> se prepara para celebrar su <strong>90 aniversario <\/strong>con un recorrido que combina tradici\u00f3n e innovaci\u00f3n y que promete emociones fuertes desde el inicio. La gran ronda espa\u00f1ola, \u00faltima de las tres grandes del calendario internacional, <strong>arrancar\u00e1 el 23 de agosto en Tur\u00edn y concluir\u00e1 el 14 de septiembre en Madrid<\/strong> tras <strong>21 etapas y m\u00e1s de 3.150 kil\u00f3metros<\/strong>. Ser\u00e1 la <strong>primera vez <\/strong>que la prueba <strong>parta de <\/strong><a href=\"https:\/\/www.eldiario.es\/temas\/italia\/\" data-mrf-recirculation=\"links-noticia\" class=\"link\" rel=\"nofollow noopener\" target=\"_blank\">Italia<\/a>, lo que convierte a esta edici\u00f3n en un gui\u00f1o hist\u00f3rico a la cultura ciclista europea y a figuras como <strong>Angelo Conterno, primer ganador italiano de la Vuelta en 1956.<\/strong>\n    <\/p>\n<p>    <a href=\"https:\/\/www.eldiario.es\/spin\/deportes\/china-inaugura-juegos-mundiales-robots-humanoides-pm_1_12541734.html\" data-mrf-recirculation=\"saber-mas\" data-dl-event=\"saber-mas\" rel=\"nofollow noopener\" target=\"_blank\"><\/p>\n<p class=\"know-more__title\">China inaugura los Juegos Mundiales de Robots Humanoides<\/p>\n<p>            <img decoding=\"async\" class=\"lazy\" loading=\"lazy\" data-src=\"https:\/\/static.eldiario.es\/clip\/a86c0c94-2bbc-4aa1-8b4a-d3121eb103ca_16-9-aspect-ratio_default_0.jpg\" src=\"data:image\/svg+xml,%3Csvg xmlns=\" http:=\"\" viewbox=\"0 0 880 495\" alt=\"China inaugura los Juegos Mundiales de Robots Humanoides\"\/><\/p>\n<p>                        <\/a><\/p>\n<p class=\"article-text\">\n        <strong>Las tres primeras jornadas se disputar\u00e1n \u00edntegramente en Piamonte,<\/strong> con perfiles que no dan margen al pelot\u00f3n para rodar tranquilo. La etapa inaugural, de 183 kil\u00f3metros entre Torino, Reggia di Venaria y Novara, pasar\u00e1 por el Puerto Bienca-Tomalino antes de otorgar al primer l\u00edder el honor de <strong>vestir La Roja<\/strong>. Al d\u00eda siguiente, la carretera pondr\u00e1 <strong>a prueba a los escaladores con un final en alto en Limone Piemonte<\/strong>, tras 157 kil\u00f3metros y una subida que marcar\u00e1 pronto las jerarqu\u00edas. La tercera etapa transalpina llevar\u00e1 a los corredores de San Maurizio Canavese a Ceres con el <strong>Puerto Issiglio como principal dificultad<\/strong>. La <strong>cuarta jornada,<\/strong> con salida en Susa, conducir\u00e1 al pelot\u00f3n hacia Francia antes del <strong>esperado desembarco en suelo espa\u00f1ol.<\/strong>\n    <\/p>\n<p>    Recuperar algunas de las cimas m\u00e1s m\u00edticas de La Vuelta<\/p>\n<p class=\"article-text\">\n        El trazado de esta edici\u00f3n quiere recuperar algunas de las cimas m\u00e1s emblem\u00e1ticas que han definido la historia de la carrera. <strong>El Angliru, convertido desde 1999 en icono del ciclismo mundial<\/strong>, volver\u00e1 a ser la gran etapa reina, con sus rampas imposibles y el recuerdo de <strong>victorias m\u00edticas de \u2018Chava\u2019 Jim\u00e9nez, Alberto Contado<\/strong>r o, m\u00e1s recientemente, <strong>Remco Evenepoel<\/strong>. Tambi\u00e9n regresan finales olvidados como <strong>Pal en Andorra, ausente desde 2010<\/strong>, <strong>Cerler, que no se visita desde 2007<\/strong>, Valdezcaray, donde triunf\u00f3 Simon Clarke en 2012, Larra-Belagua, escenario de la reacci\u00f3n de Evenepoel en 2023, o el Alto del Morredero, donde Alejandro Valverde venci\u00f3 en 2006.\n    <\/p>\n<p class=\"article-text\">\n        <strong>El otro gran final en alto ser\u00e1 La Bola del Mundo<\/strong>, en la <strong>pen\u00faltima jornada<\/strong>. Situada en la sierra madrile\u00f1a, esta cima se reconoce por sus antenas y por <strong>haber decidido generales en 2010 y 2012 con Nibali y Contador.<\/strong> Con sus 2.258 metros, <strong>ser\u00e1 el punto m\u00e1s alto de La Vuelta 25 y la cima Alberto Fern\u00e1ndez de esta edici\u00f3n<\/strong>. La dureza del encadenado previo promete un desenlace vibrante antes del paseo final en Madrid.\n    <\/p>\n<blockquote class=\"twitter-tweet\" data-lang=\"es\"><p><a href=\"https:\/\/twitter.com\/X\/status\/1955594179721175296?ref_src=twsrc%5Etfw\" rel=\"nofollow noopener\" target=\"_blank\"><\/p><\/blockquote>\n<p>    Las oportunidades para los velocistas y una media monta\u00f1a clave<\/p>\n<p class=\"article-text\">\n        No todo ser\u00e1 alta monta\u00f1a. La organizaci\u00f3n ha reservado <strong>entre cuatro y seis llegadas para los velocistas<\/strong>, que encontrar\u00e1n oportunidades en etapas llanas como la de <strong>Novara<\/strong>, donde <strong>el primer maillot rojo se decidir\u00e1 en la tierra natal de Giuseppe Saronn<\/strong>i, campe\u00f3n del mundo en 1982. Adem\u00e1s, habr\u00e1 <strong>dos contrarrelojes<\/strong>: una por equipos de 20 kil\u00f3metros en <strong>Figueres<\/strong> en la quinta etapa, que marcar\u00e1 el inicio en territorio espa\u00f1ol, y otra individual de 25 kil\u00f3metros en <strong>Valladolid<\/strong> en la decimoctava jornada, un recorrido que recuerda a la crono ganada por Filippo Ganna en 2023 ante Evenepoel y Roglic.\n    <\/p>\n<p class=\"article-text\">\n        <strong>La media monta\u00f1a<\/strong> tambi\u00e9n ser\u00e1 decisiva. En <strong>Bilbao<\/strong>, la und\u00e9cima etapa ofrecer\u00e1 un <strong>circuito exigente con la subida a Pike y doble ascensi\u00f3n a El Vivero<\/strong>, arropada por la siempre pasional afici\u00f3n vasca. Un d\u00eda despu\u00e9s, <strong>la Collada de Brenes, a 23 kil\u00f3metros de la meta en Los Corrales de Buelna<\/strong>, puede provocar movimientos estrat\u00e9gicos. Y ya en <strong>Galicia<\/strong>, la carrera repetir\u00e1 la espectacular r\u00e9plica de la Lieja-Basto\u00f1a-Lieja que en 2021 ofreci\u00f3 un aut\u00e9ntico espect\u00e1culo antes de la llegada a Mos. <strong>Castro de Herville<\/strong>, una propuesta del exciclista y embajador \u00d3scar Pereiro.\n    <\/p>\n<p class=\"article-text\">\n        El recorrido de 2025 est\u00e1 <strong>dise\u00f1ado para el lucimiento de los escaladores<\/strong>, <strong>pero con variedad suficiente para mantener la incertidumbre hasta el final<\/strong>. En total, el men\u00fa ofrece <strong>diez finales en alto, seis etapas de monta\u00f1a, siete de media monta\u00f1a, cinco llanas<\/strong> (una con final en alto) y las dos cronos ya mencionadas. La dureza acumulada y la colocaci\u00f3n estrat\u00e9gica de las jornadas clave har\u00e1n que los l\u00edderes deban estar atentos desde muy pronto, sin margen para errores.\n    <\/p>\n<blockquote class=\"twitter-tweet\" data-lang=\"es\"><p><a href=\"https:\/\/twitter.com\/X\/status\/1924787654345826659?ref_src=twsrc%5Etfw\" rel=\"nofollow noopener\" target=\"_blank\"><\/p><\/blockquote>\n<p>    Dominio de Roglic pero m\u00e1s nombres entre los favoritos<\/p>\n<p class=\"article-text\">\n        El palmar\u00e9s reciente refleja el <strong>dominio de Primoz Roglic, ganador en 2019, 2020, 2021 y 2024<\/strong>, con la excepci\u00f3n de las victorias de <strong>Sepp Kuss en 2023 y Remco Evenepoel en 2022<\/strong>. Este a\u00f1o, la n\u00f3mina de <strong>favoritos<\/strong> incluye a <strong>Jonas Vingegaard,<\/strong> Juan Ayuso, Richard Carapaz, Egan Bernal o Giulio Ciccone, entre otros. Tambi\u00e9n figuran nombres como Mikel Landa, Sepp Kuss, Filippo Ganna, Joao Almeida o Tom Pidcock, lo que asegura una batalla de alto nivel tanto en la monta\u00f1a como en las etapas de transici\u00f3n.\n    <\/p>\n<p>    <a href=\"https:\/\/www.eldiario.es\/spin\/deportes\/momentos-historicos-espana-victorias-inolvidables-derrotas-dolorosas-vuelta-pm_1_12541520.html\" data-mrf-recirculation=\"saber-mas-abajo\" data-dl-event=\"saber-mas-abajo\" rel=\"nofollow noopener\" target=\"_blank\"><\/p>\n<p class=\"know-more__title\">Momentos hist\u00f3ricos de la Vuelta a Espa\u00f1a: victorias inolvidables y derrotas dolorosas\n<\/p>\n<p>            <img decoding=\"async\" class=\"lazy\" loading=\"lazy\" data-src=\"https:\/\/static.eldiario.es\/clip\/b18313d8-8471-4e05-a3a5-04e6cc4b12ef_16-9-aspect-ratio_default_0.jpg\" src=\"data:image\/svg+xml,%3Csvg xmlns=\" http:=\"\" viewbox=\"0 0 880 495\" alt=\"Momentos hist\u00f3ricos de la Vuelta a Espa\u00f1a: victorias inolvidables y derrotas dolorosas\"\/><\/p>\n<p>                        <\/a><\/p>\n<p class=\"article-text\">\n        Con <strong>cuatro pa\u00edses implicados, Italia, Francia, Andorra y Espa\u00f1a<\/strong>, La Vuelta 2025 refuerza su car\u00e1cter internacional y consolida su posici\u00f3n como una de las grandes citas deportivas del calendario mundial. La salida desde la Venaria Reale, una de las residencias reales m\u00e1s impresionantes de Europa, a\u00f1ade un toque simb\u00f3lico a una edici\u00f3n que quiere celebrar sus nueve d\u00e9cadas de historia rindiendo homenaje a las monta\u00f1as, los ciclistas y las gestas que han forjado la leyenda de la ronda espa\u00f1ola.\n    <\/p>\n<p>                                    <script async src=\"https:\/\/platform.twitter.com\/widgets.js\" charset=\"utf-8\"><\/script><\/p>\n","protected":false},"excerpt":{"rendered":"La Vuelta a Espa\u00f1a 2025 se prepara para celebrar su 90 aniversario con un recorrido que combina tradici\u00f3n&hellip;\n","protected":false},"author":2,"featured_media":57370,"comment_status":"","ping_status":"","sticky":false,"template":"","format":"standard","meta":{"footnotes":""},"categories":[273],"tags":[45,4860,313,6365,4399,312,168,25,24,314,24452,2678,1786,23,167,1357],"class_list":{"0":"post-57369","1":"post","2":"type-post","3":"status-publish","4":"format-standard","5":"has-post-thumbnail","7":"category-ciclismo","8":"tag-45","9":"tag-carrera","10":"tag-ciclismo","11":"tag-claves","12":"tag-completo","13":"tag-cycling","14":"tag-deportes","15":"tag-es","16":"tag-espana","17":"tag-etapa","18":"tag-perfiles","19":"tag-pm","20":"tag-recorrido","21":"tag-spain","22":"tag-sports","23":"tag-vuelta"},"share_on_mastodon":{"url":"","error":""},"_links":{"self":[{"href":"https:\/\/www.europesays.com\/es\/wp-json\/wp\/v2\/posts\/57369","targetHints":{"allow":["GET"]}}],"collection":[{"href":"https:\/\/www.europesays.com\/es\/wp-json\/wp\/v2\/posts"}],"about":[{"href":"https:\/\/www.europesays.com\/es\/wp-json\/wp\/v2\/types\/post"}],"author":[{"embeddable":true,"href":"https:\/\/www.europesays.com\/es\/wp-json\/wp\/v2\/users\/2"}],"replies":[{"embeddable":true,"href":"https:\/\/www.europesays.com\/es\/wp-json\/wp\/v2\/comments?post=57369"}],"version-history":[{"count":0,"href":"https:\/\/www.europesays.com\/es\/wp-json\/wp\/v2\/posts\/57369\/revisions"}],"wp:featuredmedia":[{"embeddable":true,"href":"https:\/\/www.europesays.com\/es\/wp-json\/wp\/v2\/media\/57370"}],"wp:attachment":[{"href":"https:\/\/www.europesays.com\/es\/wp-json\/wp\/v2\/media?parent=57369"}],"wp:term":[{"taxonomy":"category","embeddable":true,"href":"https:\/\/www.europesays.com\/es\/wp-json\/wp\/v2\/categories?post=57369"},{"taxonomy":"post_tag","embeddable":true,"href":"https:\/\/www.europesays.com\/es\/wp-json\/wp\/v2\/tags?post=57369"}],"curies":[{"name":"wp","href":"https:\/\/api.w.org\/{rel}","templated":true}]}}