{"id":57371,"date":"2025-08-19T07:24:10","date_gmt":"2025-08-19T07:24:10","guid":{"rendered":"https:\/\/www.europesays.com\/es\/57371\/"},"modified":"2025-08-19T07:24:10","modified_gmt":"2025-08-19T07:24:10","slug":"schumacher-ve-necesaria-salida-de-un-piloto-en-aston-martin-para-exito-del-equipo","status":"publish","type":"post","link":"https:\/\/www.europesays.com\/es\/57371\/","title":{"rendered":"Schumacher ve necesaria salida de un piloto en Aston Martin para \u00e9xito del equipo"},"content":{"rendered":"<p>Con la llegada de <strong>Adrian Newey<\/strong> a <a href=\"https:\/\/www.record.com.mx\/formula1\/todo-terreno-valtteri-bottas-muestra-su-talento-en-la-bicicleta\" rel=\"nofollow noopener\" target=\"_blank\"><strong>Aston Martin<\/strong><\/a> y con un piloto como <a href=\"https:\/\/www.record.com.mx\/formula1\/te-va-costar-el-doble-por-ser-sudamericano-las-palabras-de-barrichello-franco-colapinto\" rel=\"nofollow noopener\" target=\"_blank\"><strong>Fernando Alonso<\/strong><\/a> en sus filas, la expectativa era verlos competir en los primeros lugares en la <a href=\"https:\/\/www.record.com.mx\/formula1\/isack-hadjar-adelanta-posible-regreso-de-checo-perez-he-oido-mucho\" rel=\"nofollow noopener\" target=\"_blank\"><strong>F\u00f3rmula 1<\/strong><\/a>. Sin embargo, en la Temporada 2025 est\u00e1n m\u00e1s cerca de que <strong>Sauber<\/strong> les quite el sexto lugar del <strong>Campeonato de Constructores<\/strong> que de acercarse al Top 3.\u00a0<\/p>\n<p>Si bien es cierto que muchas escuder\u00edas ya piensan en el desarrollo para 2026, cuando se d\u00e9 el cambio en el reglamento t\u00e9cnico, para <strong>Ralf Schumacher<\/strong> hay otro factor que el equipo debe considerar adem\u00e1s del auto: <strong>Lance Stroll<\/strong>. Para el alem\u00e1n, el canadiense no encaja por ahora en el equipo que su padre ha conformado con miras a buscar un t\u00edtulo.\u00a0 <img loading=\"lazy\" decoding=\"async\" data-entity-uuid=\"3f8035b8-d0ba-4b83-9829-07ed0088a3eb\" data-entity-type=\"file\" src=\"https:\/\/www.europesays.com\/es\/wp-content\/uploads\/2025\/08\/GxgD4Y9XoAAWucG (1).jpg\" width=\"960\" height=\"1200\" alt=\"Lance Stroll recibi\u00f3 una dura cr\u00edtica\" data-caption=\"Lance Stroll recibi\u00f3 una dura cr\u00edtica | X: @AstonMartinF1\"\/><\/p>\n<p>Lance Stroll recibi\u00f3 una dura cr\u00edtica | X: @AstonMartinF1<\/p>\n<p>Schumacher pidi\u00f3 a Lawrence Stroll tomar una decisi\u00f3n dif\u00edcil\u00a0<\/p>\n<p>Durante la pausa de verano en la categor\u00eda, comenz\u00f3 el rumor de que la escuder\u00eda de Silverstone prohibi\u00f3 al equipo de Sky Sports Alemania y a Schumacher acceder al personal. Lo anterior a partir de las fuertes cr\u00edticas que han realizado, en espec\u00edfico contra Lance Stroll.\u00a0<\/p>\n<p>\u00abSi Lawrence realmente quiere convertirse en campe\u00f3n del mundo de F\u00f3rmula 1, tiene que despedir a su hijo. La derrota de Lance 27-0 en la clasificaci\u00f3n contra Fernando Alonso lo dice todo\u00bb, fueron las palabras del hermano de la leyenda de F1, <strong>Michael Schumacher<\/strong>, a Sports Bild hace algunas semanas.\u00a0<\/p>\n<p>Estas declaraciones se sumaron a las que el alem\u00e1n realiz\u00f3 cuando acus\u00f3 de mala crianza con Lance, luego de que el canadiense se quej\u00f3 del auto del <strong>Gran Premio de Gran Breta\u00f1a.<\/strong> No obstante, este fin de semana suaviz\u00f3 su cr\u00edtica y mantuvo su postura, aunque especific\u00f3 que ser\u00eda necesario pensar un cambio hasta 2027.\u00a0<\/p>\n<p><img loading=\"lazy\" decoding=\"async\" data-entity-uuid=\"a6148ade-2445-4050-85d3-1798b56b4080\" data-entity-type=\"file\" src=\"https:\/\/www.europesays.com\/es\/wp-content\/uploads\/2025\/08\/GmuJvK3WgAAtcrN (1).jpg\" width=\"960\" height=\"1200\" alt=\"Stroll ha recibido fuertes cr\u00edticas\" data-caption=\"Stroll ha recibido fuertes cr\u00edticas | X: @AstonMartinF1\"\/><\/p>\n<p>Stroll ha recibido fuertes cr\u00edticas | X: @AstonMartinF1<\/p>\n<p>En un video en Instagram, Schumacher se\u00f1ak\u00f3 que \u00abStroll no es mal piloto, hace una buena dupla con Alonso en las nuevas regulaciones\u00bb, pero reiter\u00f3 que el cambio es necesario y que \u00abdespu\u00e9s de \u201926, las cartas ser\u00e1n rebarajadas\u00bb.\u00a0<\/p>\n<p>El padre debe decidir entre el afecto y el \u00e9xito, replante\u00e1ndose por completo la escuder\u00eda para 2026. Estoy convencido de que lo sabe, aunque la decisi\u00f3n no resulte f\u00e1cil. A menudo se nos acusa de ser demasiado duros con \u00e9l, y quiz\u00e1 en parte seamos acertados\u00bb, a\u00f1adi\u00f3 para el podcast Sky Deutschland Backstage Pitlane.\u00a0<\/p>\n<p><a href=\"https:\/\/www.record.com.mx\/formula1\/ya-hay-fecha-para-el-anuncio-de-checo-perez-con-cadillac#google_vignette\" rel=\"nofollow noopener\" target=\"_blank\"><strong>TAMBI\u00c9N TE PUEDE INTERESAR: \u00bfYa hay fecha para el anuncio de Checo P\u00e9rez con Cadillac?<\/strong><\/a><\/p>\n<p><img loading=\"lazy\" decoding=\"async\" data-entity-uuid=\"3af22f4c-fa1f-44b6-8a87-4094e3c5fb39\" data-entity-type=\"file\" src=\"https:\/\/www.europesays.com\/es\/wp-content\/uploads\/2025\/08\/GxbZy62XQAAA48j (1).jpg\" width=\"800\" height=\"1200\" data-caption=\"Schumacher ve necesrio un cambio de pilotos | X: @AstonMartinF1\"\/><\/p>\n<p>Schumacher ve necesrio un cambio de pilotos | X: @AstonMartinF1<\/p>\n","protected":false},"excerpt":{"rendered":"Con la llegada de Adrian Newey a Aston Martin y con un piloto como Fernando Alonso en sus&hellip;\n","protected":false},"author":2,"featured_media":57372,"comment_status":"","ping_status":"","sticky":false,"template":"","format":"standard","meta":{"footnotes":""},"categories":[270],"tags":[3077,168,25,24,306,271,272,2101,23,167],"class_list":{"0":"post-57371","1":"post","2":"type-post","3":"status-publish","4":"format-standard","5":"has-post-thumbnail","7":"category-formula-1","8":"tag-aston-martin","9":"tag-deportes","10":"tag-es","11":"tag-espana","12":"tag-f1","13":"tag-formula-1","14":"tag-formula1","15":"tag-lance-stroll","16":"tag-spain","17":"tag-sports"},"share_on_mastodon":{"url":"","error":""},"_links":{"self":[{"href":"https:\/\/www.europesays.com\/es\/wp-json\/wp\/v2\/posts\/57371","targetHints":{"allow":["GET"]}}],"collection":[{"href":"https:\/\/www.europesays.com\/es\/wp-json\/wp\/v2\/posts"}],"about":[{"href":"https:\/\/www.europesays.com\/es\/wp-json\/wp\/v2\/types\/post"}],"author":[{"embeddable":true,"href":"https:\/\/www.europesays.com\/es\/wp-json\/wp\/v2\/users\/2"}],"replies":[{"embeddable":true,"href":"https:\/\/www.europesays.com\/es\/wp-json\/wp\/v2\/comments?post=57371"}],"version-history":[{"count":0,"href":"https:\/\/www.europesays.com\/es\/wp-json\/wp\/v2\/posts\/57371\/revisions"}],"wp:featuredmedia":[{"embeddable":true,"href":"https:\/\/www.europesays.com\/es\/wp-json\/wp\/v2\/media\/57372"}],"wp:attachment":[{"href":"https:\/\/www.europesays.com\/es\/wp-json\/wp\/v2\/media?parent=57371"}],"wp:term":[{"taxonomy":"category","embeddable":true,"href":"https:\/\/www.europesays.com\/es\/wp-json\/wp\/v2\/categories?post=57371"},{"taxonomy":"post_tag","embeddable":true,"href":"https:\/\/www.europesays.com\/es\/wp-json\/wp\/v2\/tags?post=57371"}],"curies":[{"name":"wp","href":"https:\/\/api.w.org\/{rel}","templated":true}]}}