{"id":573726,"date":"2026-05-27T16:24:19","date_gmt":"2026-05-27T16:24:19","guid":{"rendered":"https:\/\/www.europesays.com\/es\/573726\/"},"modified":"2026-05-27T16:24:19","modified_gmt":"2026-05-27T16:24:19","slug":"alec-baldwin-privilegiado-visitante-de-la-torre-de-la-catedral-granada-es-preciosa","status":"publish","type":"post","link":"https:\/\/www.europesays.com\/es\/573726\/","title":{"rendered":"Alec Baldwin, privilegiado visitante de la torre de la Catedral: \u00abGranada es preciosa\u00bb"},"content":{"rendered":"<p style=\"\">Doscientos treinta y siete escalones. Esos son los pelda\u00f1os que tendr\u00e1n que subir los grupos de veinte personas que admitir\u00e1 el mirador m\u00e1s alto de  &#8230; Granada. Estar\u00e1 en la cima de la torre de la Catedral y se ultiman los trabajos para que sea una realidad.<\/p>\n<p class=\"v-d-p\" style=\"\">Permitir\u00e1 disfrutar de unas vistas no solo de Granada y la Alhambra, sino de todo el casco urbano y el \u00c1rea Metropolitana. Algunos lo llaman el Mirador de Granada. Y uno de los que ha podido disfrutar ya de \u00e9l ya es el actor internacional Alec Baldwin, que sigue disfrutando de la ciudad mientras rueda la pel\u00edcula &#8216;El sastre del rey&#8217;.<\/p>\n<p class=\"v-d-p\" style=\"\">\u00abMe encuentro en lo m\u00e1s alto de la Catedral de Granada\u00bb, se\u00f1ala en su \u00faltima publicaci\u00f3n en Instagram. Durante su recorrido en v\u00eddeo, hace parada en Sierra Nevada, el Hotel Palace o la Catedral. Luego, hace una panor\u00e1mica de la ciudad, \u00abesto es precioso\u00bb, insiste. El actor sigue mostrando su total enamoramiento de la ciudad y del sur de Espa\u00f1a en cada v\u00eddeo que sube durante el tiempo libre que le deja el rodaje. \u00abAmo Espa\u00f1a\u00bb, concluye.<\/p>\n<p class=\"v-d-p\" style=\"\">No se puede negar que el actor norteamericano no est\u00e1 haciendo promoci\u00f3n de la ciudad. Tampoco que no est\u00e9 aprovechando su tiempo aqu\u00ed para disfrutar de una ciudad a la que se rinde. Y es que, aprovechando el poco tiempo que le deja el rodaje, ya se ha escapado de noche a la Alhambra, ha disfrutado de la comida y ha paseado por las calles del Albaic\u00edn. \u00abMe alegro de estar aqu\u00ed. Me encantan las ciudades que conservan su historia\u00bb, ha explicado a sus seguidores.<\/p>\n","protected":false},"excerpt":{"rendered":"Doscientos treinta y siete escalones. Esos son los pelda\u00f1os que tendr\u00e1n que subir los grupos de veinte personas&hellip;\n","protected":false},"author":2,"featured_media":573727,"comment_status":"","ping_status":"","sticky":false,"template":"","format":"standard","meta":{"footnotes":""},"categories":[91],"tags":[59108,14962,21863,146,147,25,24,494,16690,55323,23,5344,43614],"class_list":["post-573726","post","type-post","status-publish","format-standard","has-post-thumbnail","category-entretenimiento","tag-alec","tag-baldwin","tag-catedral","tag-entertainment","tag-entretenimiento","tag-es","tag-espana","tag-granada","tag-preciosa","tag-privilegiado","tag-spain","tag-torre","tag-visitante"],"share_on_mastodon":{"url":"https:\/\/pubeurope.com\/@es\/116647471775052043","error":""},"_links":{"self":[{"href":"https:\/\/www.europesays.com\/es\/wp-json\/wp\/v2\/posts\/573726","targetHints":{"allow":["GET"]}}],"collection":[{"href":"https:\/\/www.europesays.com\/es\/wp-json\/wp\/v2\/posts"}],"about":[{"href":"https:\/\/www.europesays.com\/es\/wp-json\/wp\/v2\/types\/post"}],"author":[{"embeddable":true,"href":"https:\/\/www.europesays.com\/es\/wp-json\/wp\/v2\/users\/2"}],"replies":[{"embeddable":true,"href":"https:\/\/www.europesays.com\/es\/wp-json\/wp\/v2\/comments?post=573726"}],"version-history":[{"count":0,"href":"https:\/\/www.europesays.com\/es\/wp-json\/wp\/v2\/posts\/573726\/revisions"}],"wp:featuredmedia":[{"embeddable":true,"href":"https:\/\/www.europesays.com\/es\/wp-json\/wp\/v2\/media\/573727"}],"wp:attachment":[{"href":"https:\/\/www.europesays.com\/es\/wp-json\/wp\/v2\/media?parent=573726"}],"wp:term":[{"taxonomy":"category","embeddable":true,"href":"https:\/\/www.europesays.com\/es\/wp-json\/wp\/v2\/categories?post=573726"},{"taxonomy":"post_tag","embeddable":true,"href":"https:\/\/www.europesays.com\/es\/wp-json\/wp\/v2\/tags?post=573726"}],"curies":[{"name":"wp","href":"https:\/\/api.w.org\/{rel}","templated":true}]}}