{"id":574088,"date":"2026-05-27T21:02:14","date_gmt":"2026-05-27T21:02:14","guid":{"rendered":"https:\/\/www.europesays.com\/es\/574088\/"},"modified":"2026-05-27T21:02:14","modified_gmt":"2026-05-27T21:02:14","slug":"de-cari-lapique-y-su-hermana-a-los-gallardon-foto-a-foto-el-estreno-de-romeo-y-julieta-en-el-teatro-real-de-madrid","status":"publish","type":"post","link":"https:\/\/www.europesays.com\/es\/574088\/","title":{"rendered":"De Cari Lapique y su hermana a los Gallard\u00f3n: foto a foto, el estreno de &#8216;Romeo y Julieta&#8217; en el Teatro Real de Madrid"},"content":{"rendered":"<p id=\"eKqCJF3Zyk\" data-wc=\"83\">Es la tragedia rom\u00e1ntica m\u00e1s famosa de la literatura y ahora llega en forma de \u00f3pera a Madrid. \u00a0Basada en la obra de William Shakespeare, Romeo y Julieta\u00a0se estrena este 27 de mayo en el Teatro Real, donde estar\u00e1 hasta el 13 de junio. \u00a0Se trata de una de las citas m\u00e1s esperadas de la primavera de la capital y ha congregado a numerosas personalidades apasionadas de la cultura en todas sus forma<strong>s. Foto a foto, te mostramos a todos los asistentes.<\/strong><\/p>\n<p>  <img src=\"https:\/\/www.europesays.com\/es\/wp-content\/uploads\/2026\/05\/0c6df51c2161-europapress7554673albertoruizgallardonllegateatrorealjuntohijoignacio.jpg\"   width=\"763\" height=\"1024\" loading=\"lazy\" decoding=\"async\" alt=\"Alberto Ruiz Gallard\u00f3n con su hijo y su nuera\" fetchpriority=\"auto\" class=\"image ho-image\"\/>\u00a9 Europa Press<\/p>\n<p> Alberto Ruiz-Gallard\u00f3n\u00a0<\/p>\n<p id=\"eN2gD9Iqkx4\">El exalcalde de Madrid, Alberto Ruiz-Gallard\u00f3n, ha llegado al espect\u00e1culo con su hijo Alberto y su nuera, Nerea Zabala. Se da la circunstancia de que la pareja<a class=\"hm-link ho-link\" href=\"https:\/\/www.hola.com\/actualidad\/20250301817319\/ignacio-hijo-alberto-ruiz-gallardon-boda\/\" data-mrf-recirculation=\"article-body-link\" rel=\"nofollow noopener\" target=\"_blank\">\u00a0acaba de celebrar su primer aniversario de boda<\/a>, un enlace para el que eligieron la iglesia de Santa B\u00e1rbara de Madrid<\/p>\n<p>  <img src=\"https:\/\/www.europesays.com\/es\/wp-content\/uploads\/2026\/05\/3eb1d90141d5-cari-lapique.jpg\"   width=\"1024\" height=\"576\" loading=\"lazy\" decoding=\"async\" alt=\"Cari Lapique llegando al Teatro Real \" fetchpriority=\"auto\" class=\"image ho-image\"\/>\u00a9 Europa Press<\/p>\n<p> Cari Lapique<\/p>\n<p id=\"eR7e3fz0Rj20\">Dispuesta a disfrutar de una tarde \u00fanica ha llegado Cari Lapique junto a su inseparable hermana. \u00abSomos ya pareja de hecho\u00bb, ha dicho con gran sentido del humor sobre Myriam, con la que ha estado un tiempo viviendo porque ha sido su gran apoyo en sus meses m\u00e1s dif\u00edciles: \u00abYa no, cada una en su casa. Solo va a dormir\u00bb. Myriam, que <a class=\"hm-link ho-link\" href=\"https:\/\/www.hola.com\/actualidad\/20260518902130\/amelia-millan-reaparece-embarazadisima-junto-a-felipe-cortina-y-su-hijo\/\" data-mrf-recirculation=\"article-body-link\" rel=\"nofollow noopener\" target=\"_blank\">se prepara para ser abuela por cuarta vez<\/a>, es la presidenta del consejo de amigos del Teatro Real<\/p>\n<p>  <img src=\"https:\/\/www.europesays.com\/es\/wp-content\/uploads\/2026\/05\/ff558a2ac7d6-whatsapp-image-2026-05-27-at-204017.jpg\"   width=\"1024\" height=\"645\" loading=\"lazy\" decoding=\"async\" alt=\"Manuel Falc\u00f3 y Amparo Corsini en su llegada al Teatro Real\" fetchpriority=\"auto\" class=\"image ho-image\"\/>\u00a9 GTRES<\/p>\n<p> Manuel Falc\u00f3 y Amparo Corsini<\/p>\n<p id=\"e5dPxSo7Xpwb\">Adem\u00e1s de apasionados de la \u00f3pera, los marqueses de Castel-Moncayo est\u00e1n estrechamente unidos al Teatro Real de Madrid al ser miembros del consejo internacional, del que tambi\u00e9n forma parte Xandra Falc\u00f3, hermana de Manuel y marquesa de Mirabel\u00a0<\/p>\n<p id=\"ekexYl0UlI\" data-wc=\"124\">Los gestos de los asistentes al finalizar la \u00f3pera de Gounod, que ha durado m\u00e1s de tres horas, hablaban por s\u00ed solos.<strong>\u00a0Todos han quedado fascinados con el espect\u00e1culo, coproducido con la Op\u00e9ra national de Paris, en el que la direcci\u00f3n musical corre a cargo de Carlo Rizzi, mientras que de la direcci\u00f3n de escena se encarga Thomas Jolly.<\/strong>\u00a0 Adem\u00e1s, Nadine Sierra, Javier Camarena, Ismael Jordi y Laurent Naouri dan vida a los personajes de esta historia atemporal que sigue la historia de dos j\u00f3venes de familias enemigas que se enamoran apasionadamente, a pesar de saber que lo suyo es imposible. Logran casarse en secreto, pero todo se tomplica y una serie de tr\u00e1gicos malentendidos que llevan a la muerte de Romeo y Julieta.<\/p>\n<p>  <img src=\"https:\/\/www.europesays.com\/es\/wp-content\/uploads\/2026\/05\/0d4e7395b25d-dlu610427003.jpg\"   width=\"1024\" height=\"921\" loading=\"lazy\" decoding=\"async\" alt=\"Roca Rey se da un ba\u00f1o de masas en Madrid\" fetchpriority=\"auto\" class=\"image ho-image\"\/>\u00a9 GTRES<\/p>\n<p> Tana Rivera y Roca Rey<\/p>\n<p id=\"e5xCZx3ZLfOM\">En plena llegada de los asistentes se ha producido una curiosidad:<a class=\"hm-link ho-link\" href=\"https:\/\/www.hola.com\/actualidad\/20260527903925\/roca-rey-impactante-imagen-reaccion-de-victoria-federica\/\" data-mrf-recirculation=\"article-body-link\" rel=\"nofollow noopener\" target=\"_blank\">\u00a0Roca Rey estaba paseando con Tana Rivera<\/a> por las inmediaciones del teatro, que se sit\u00faa frente al Teatro Real. El torero, que ha retomado ya sus compromisos tras su grav\u00edsima cogida, ha causado sensaci\u00f3n y muchas fans le han pedido fotos mientras que su pareja ha apostado por mantenerse en un segundo plano<\/p>\n","protected":false},"excerpt":{"rendered":"Es la tragedia rom\u00e1ntica m\u00e1s famosa de la literatura y ahora llega en forma de \u00f3pera a Madrid.&hellip;\n","protected":false},"author":2,"featured_media":574089,"comment_status":"","ping_status":"","sticky":false,"template":"","format":"standard","meta":{"footnotes":""},"categories":[174],"tags":[517,5277,255,146,147,25,24,256,23],"class_list":["post-574088","post","type-post","status-publish","format-standard","has-post-thumbnail","category-famosos","tag-actualidad","tag-cari-lapique","tag-celebrities","tag-entertainment","tag-entretenimiento","tag-es","tag-espana","tag-famosos","tag-spain"],"share_on_mastodon":{"url":"https:\/\/pubeurope.com\/@es\/116648565537878348","error":""},"_links":{"self":[{"href":"https:\/\/www.europesays.com\/es\/wp-json\/wp\/v2\/posts\/574088","targetHints":{"allow":["GET"]}}],"collection":[{"href":"https:\/\/www.europesays.com\/es\/wp-json\/wp\/v2\/posts"}],"about":[{"href":"https:\/\/www.europesays.com\/es\/wp-json\/wp\/v2\/types\/post"}],"author":[{"embeddable":true,"href":"https:\/\/www.europesays.com\/es\/wp-json\/wp\/v2\/users\/2"}],"replies":[{"embeddable":true,"href":"https:\/\/www.europesays.com\/es\/wp-json\/wp\/v2\/comments?post=574088"}],"version-history":[{"count":0,"href":"https:\/\/www.europesays.com\/es\/wp-json\/wp\/v2\/posts\/574088\/revisions"}],"wp:featuredmedia":[{"embeddable":true,"href":"https:\/\/www.europesays.com\/es\/wp-json\/wp\/v2\/media\/574089"}],"wp:attachment":[{"href":"https:\/\/www.europesays.com\/es\/wp-json\/wp\/v2\/media?parent=574088"}],"wp:term":[{"taxonomy":"category","embeddable":true,"href":"https:\/\/www.europesays.com\/es\/wp-json\/wp\/v2\/categories?post=574088"},{"taxonomy":"post_tag","embeddable":true,"href":"https:\/\/www.europesays.com\/es\/wp-json\/wp\/v2\/tags?post=574088"}],"curies":[{"name":"wp","href":"https:\/\/api.w.org\/{rel}","templated":true}]}}