{"id":57410,"date":"2025-08-19T07:46:16","date_gmt":"2025-08-19T07:46:16","guid":{"rendered":"https:\/\/www.europesays.com\/es\/57410\/"},"modified":"2025-08-19T07:46:16","modified_gmt":"2025-08-19T07:46:16","slug":"el-abulense-javier-fabian-campeon-de-castilla-y-leon-de-pista-infantil","status":"publish","type":"post","link":"https:\/\/www.europesays.com\/es\/57410\/","title":{"rendered":"El abulense Javier Fabi\u00e1n, campe\u00f3n de Castilla y Le\u00f3n de Pista Infantil"},"content":{"rendered":"<p>El ciclista abulense Javier Fabi\u00e1n (Stream Bike) se ha proclamado campe\u00f3n de Castilla y Le\u00f3n de la modalidad de pista en la categor\u00eda infantil.<\/p>\n<p>En una jornada para el recuerdo, Javier Fabi\u00e1n se alz\u00f3 con la victoria en tres de las cuatro pruebas disputadas, logrando as\u00ed proclamarse Campe\u00f3n de Castilla y Le\u00f3n en categor\u00eda Infantil.<\/p>\n<p>En su actuaci\u00f3n demostr\u00f3 una gran superioridad y sirvi\u00f3 como revancha deportiva tras una temporada de carretera en la que una ca\u00edda y una lesi\u00f3n, en las dos \u00faltimas pruebas, le impidieron luchar por el campeonato regional.<\/p>\n<p>Con este resultado, Javier cierra una gran temporada y afronta con motivaci\u00f3n la preparaci\u00f3n de la pr\u00f3xima.<\/p>\n<p>Tambi\u00e9n particip\u00f3 en esta prueba otro ciclista del Stream Bike, Marco Jim\u00e9nez \u00a0quien mostr\u00f3 una destacada participaci\u00f3n y compromiso en todas las pruebas, defendiendo con orgullo los colores de su equipo.<\/p>\n","protected":false},"excerpt":{"rendered":"El ciclista abulense Javier Fabi\u00e1n (Stream Bike) se ha proclamado campe\u00f3n de Castilla y Le\u00f3n de la modalidad&hellip;\n","protected":false},"author":2,"featured_media":57411,"comment_status":"","ping_status":"","sticky":false,"template":"","format":"standard","meta":{"footnotes":""},"categories":[273],"tags":[3590,313,24458,312,168,25,24,23,167],"class_list":{"0":"post-57410","1":"post","2":"type-post","3":"status-publish","4":"format-standard","5":"has-post-thumbnail","7":"category-ciclismo","8":"tag-castilla-y-leon","9":"tag-ciclismo","10":"tag-cronoble-streambike","11":"tag-cycling","12":"tag-deportes","13":"tag-es","14":"tag-espana","15":"tag-spain","16":"tag-sports"},"share_on_mastodon":{"url":"","error":""},"_links":{"self":[{"href":"https:\/\/www.europesays.com\/es\/wp-json\/wp\/v2\/posts\/57410","targetHints":{"allow":["GET"]}}],"collection":[{"href":"https:\/\/www.europesays.com\/es\/wp-json\/wp\/v2\/posts"}],"about":[{"href":"https:\/\/www.europesays.com\/es\/wp-json\/wp\/v2\/types\/post"}],"author":[{"embeddable":true,"href":"https:\/\/www.europesays.com\/es\/wp-json\/wp\/v2\/users\/2"}],"replies":[{"embeddable":true,"href":"https:\/\/www.europesays.com\/es\/wp-json\/wp\/v2\/comments?post=57410"}],"version-history":[{"count":0,"href":"https:\/\/www.europesays.com\/es\/wp-json\/wp\/v2\/posts\/57410\/revisions"}],"wp:featuredmedia":[{"embeddable":true,"href":"https:\/\/www.europesays.com\/es\/wp-json\/wp\/v2\/media\/57411"}],"wp:attachment":[{"href":"https:\/\/www.europesays.com\/es\/wp-json\/wp\/v2\/media?parent=57410"}],"wp:term":[{"taxonomy":"category","embeddable":true,"href":"https:\/\/www.europesays.com\/es\/wp-json\/wp\/v2\/categories?post=57410"},{"taxonomy":"post_tag","embeddable":true,"href":"https:\/\/www.europesays.com\/es\/wp-json\/wp\/v2\/tags?post=57410"}],"curies":[{"name":"wp","href":"https:\/\/api.w.org\/{rel}","templated":true}]}}