{"id":57420,"date":"2025-08-19T07:51:23","date_gmt":"2025-08-19T07:51:23","guid":{"rendered":"https:\/\/www.europesays.com\/es\/57420\/"},"modified":"2025-08-19T07:51:23","modified_gmt":"2025-08-19T07:51:23","slug":"la-obra-redescubierta-de-jose-cuevas","status":"publish","type":"post","link":"https:\/\/www.europesays.com\/es\/57420\/","title":{"rendered":"la obra redescubierta de Jos\u00e9 Cuevas"},"content":{"rendered":"<p class=\"ft-text\">El dibujante y grabador asturiano Jos\u00e9 Fern\u00e1ndez Cuevas (Oviedo, 1844-Madrid, 1929) dedic\u00f3 toda su vida al \u00abtrabajo liberal de retener en l\u00edneas perdurables las bellezas fugitivas de su patria -tipos y costumbres de una \u00e9poca- para deleite de sus contempor\u00e1neos y de las generaciones venideras\u00bb. As\u00ed se le define en una carta, muy probablemente escrita por Ram\u00f3n P\u00e9rez de Ayala, donde se ped\u00eda al Instituto Cervantes que auxiliase, en su desvalida vejez en Madrid, a un artista olvidado pero que, en la cumbre de su carrera, hab\u00eda llenado las revistas ilustradas de su \u00e9poca con un sinn\u00famero de obras sobre Asturias y los asturianos. Nadie se acordaba ya del anciano Cuevas pero este asturiano en Madrid, hab\u00eda fijado con sus dibujos en la memoria colectiva la imagen de la Asturias tradicional. A\u00fan hoy \u00abaquella Asturias\u00bb es la que nos leg\u00f3 Cuevas.<\/p>\n<p><img decoding=\"async\" src=\"https:\/\/www.europesays.com\/es\/wp-content\/uploads\/2025\/08\/c4f1ba35-f754-46a8-b6d3-a8787cd34886_alta-libre-aspect-ratio_default_0.jpg\" width=\"1200\" height=\"1655\" alt=\"La litograf\u00eda de 43,2 x 32 cent\u00edmetros obra de Jos\u00e9 Cuevas. | MUS\u00c9U DEL PUEBLU D\u2019ASTURIES\" class=\"ft-helper-img-rd\" loading=\"lazy\" hasdataaida=\"true\"\/><\/p>\n<p class=\"ft-helper-fontColor-quaternary ft-helper-fontSize-body-S ft-helper-spacer-t-xxs\">La litograf\u00eda de 43,2 x 32 cent\u00edmetros obra de Jos\u00e9 Cuevas.  \/ MUS\u00c9U DEL PUEBLU D\u2019ASTURIES<\/p>\n<p class=\"ft-text\">\u00abFue el artista m\u00e1s relevante que ha dado Asturias a la ilustraci\u00f3n gr\u00e1fica espa\u00f1ola, tanto por la amplitud de su obra como por haber reflejado en ella una imagen precisa y rica en matices de su pa\u00eds natal. Era un artista realista y muy riguroso, absolutamente honesto con la plasmaci\u00f3n de la verdad\u00bb, afirma Francisco Crabiffosse, uno de los grandes especialistas de la obra de Cuevas, ampliamente representada en la exposici\u00f3n \u00abL\u00edneas al vuelo\u00bb sobre la ilustraci\u00f3n y dise\u00f1o gr\u00e1fico en Asturias entre 1879 y 1937, producida por el Mus\u00e9u del Pueblu D\u2019Asturies.<\/p>\n<p class=\"ft-text\">Precisamente esta \u00faltima instituci\u00f3n muse\u00edstica acaba de adquirir una litograf\u00eda de la Catedral de Oviedo, obra de Jos\u00e9 Fern\u00e1ndez Cuevas que se basa en una fotograf\u00eda de Laureano Gord\u00f3n, impresa hacia 1861 en el taller litogr\u00e1fico de este \u00faltimo, que fue uno de los primeros lit\u00f3grafos instalados en Asturias. En concreto, en la calle Rosal de Oviedo, donde abri\u00f3 su empresa en torno al a\u00f1o 1850. Posteriormente se trasladar\u00eda a la calle San Francisco n.\u00ba 1. All\u00ed estuvo su taller hasta 1864 cuando se muda a San Sebasti\u00e1n. Gord\u00f3n, profesor ayudante en la Escuela de Bellas Artes de Oviedo, imprimi\u00f3 estampas religiosas y algunas vistas de Avil\u00e9s, Gij\u00f3n y Oviedo. \u00abAunque casi no se conocen ejemplares de estos trabajos\u00bb, apunta Juaco L\u00f3pez director del Mus\u00e9u del Pueblu d\u2019Asturies. De ah\u00ed la importancia de esta pieza adquirida recientemente por su museo. Pero tiene un valor a\u00f1adido: \u00abLa litograf\u00eda de la catedral de Oviedo fue hecha por un joven Jos\u00e9 Cuevas, tendr\u00eda unos 17 o 18 a\u00f1os, y en ella ya muestra unas dotes excepcionales para el dibujo y la litograf\u00eda. Es el primer trabajo conocido hasta ahora de este ilustrador ovetense\u00bb.<\/p>\n<p><img decoding=\"async\" src=\"https:\/\/www.europesays.com\/es\/wp-content\/uploads\/2025\/08\/8596c6b2-8d49-45b1-a621-5f148b2b5ef6_alta-libre-aspect-ratio_default_0.jpg\" width=\"1200\" height=\"1609\" alt=\"Un asturiano emigrante cre\u00f3 la imagen de la Asturias tradicional\" class=\"ft-helper-img-rd\" loading=\"lazy\" hasdataaida=\"true\"\/><\/p>\n<p class=\"ft-helper-fontColor-quaternary ft-helper-fontSize-body-S ft-helper-spacer-t-xxs\">Una ilustraci\u00f3n de Jos\u00e9 Fern\u00e1ndez Cuevas.  \/ MUS\u00c9U DEL PUEBLU D\u2019ASTURIES<\/p>\n<p class=\"ft-text\">Esta litograf\u00eda de la catedral ovetense tiene otra peculiaridad. La explica Juaco L\u00f3pez: \u00abLa imagen est\u00e1 tomada de una fotograf\u00eda hecha por Laureano Gord\u00f3n, que hizo esta fotograf\u00eda desde la cubierta del Hospital de Santiago, que estaba anexo a la antigua parroquia de San Juan, en la calle Schulz (actual Colegio de Abogados). En aquellos a\u00f1os exist\u00eda delante de la Catedral una plaza que imped\u00eda tomar fotograf\u00edas al templo y su torre, y por eso los fot\u00f3grafos sub\u00edan hasta esta cubierta del Hospital de Santiago, como hizo Charles Clifford en 1854\u00bb.<\/p>\n<p class=\"ft-text\">El director del Mus\u00e9u del Pueblu D\u2019Asturies coincide con Crabifosse en que \u00abFern\u00e1ndez Cuevas fue el gran dibujante y lit\u00f3grafo asturiano de la segunda mitad del siglo XIX. La imagen de Asturias de ese momento la cre\u00f3 Jos\u00e9 Cuevas a partir de los numerosos dibujos que public\u00f3 de paisajes, ambientes y costumbres de Asturias\u00bb.<\/p>\n<p class=\"ft-text\">Jos\u00e9 Fern\u00e1ndez Cuevas y Garc\u00eda de la Mata estudi\u00f3 en la Escuela de Dibujo de Oviedo y fue disc\u00edpulo de Vicente Arbiol. De su mano se inici\u00f3 en la t\u00e9cnica litogr\u00e1fica. En torno al a\u00f1o 1867 Cuevas se traslad\u00f3 a Madrid. All\u00ed demostr\u00f3 que era un trabajador incansable. Su obra apareci\u00f3 en numerosas revistas: \u00abLa Ilustraci\u00f3n Gallega y Asturiana\u00bb, \u00abLa Ilustraci\u00f3n Cant\u00e1brica\u00bb, \u00abLa Ilustraci\u00f3n Espa\u00f1ola y Americana\u00bb, \u00abLa Ilustraci\u00f3n Art\u00edstica\u00bb, \u00abEl Mundo de los Ni\u00f1os\u00bb. Tambi\u00e9n \u00aben cubiertas de partituras musicales, libretas escolares de dibujo y otros muchos trabajos\u00bb, apunta Juaco L\u00f3pez. Se convirti\u00f3, indica Crabiffosse, en \u00abint\u00e9rprete pr\u00e1cticamente \u00fanico de los rasgos distintivos del paisaje, tipos, costumbres y monumentos de Asturias, y esa condici\u00f3n primera y original lo convertir\u00e1 en maestro y referente de generaciones siguientes\u00bb. En la segunda d\u00e9cada del siglo XX ya casi nadie recordaba su nombre y su obra. \u00abDe esa marginaci\u00f3n vendr\u00e1n a rescatarlo las m\u00e1s prominentes personalidades asturianas del Madrid de 1923\u00bb, precisa Crabiffosse. Escribieron al conde de L\u00f3pez Mu\u00f1oz, presidente del Instituto Cervantes, para que ingresara a Cuevas en la Residencia de Escritores y Artistas. En esa carta recordaban al conde que de la mano de este anciano desvalido hab\u00edan salido estampas que ya se hab\u00edan convertido en \u00abdocumentos hist\u00f3ricos\u00bb a los que los asturianos de la capital acud\u00edan para contemplarlos \u00abcon admiraci\u00f3n, con ternura y acaso con nostalgia\u00bb.<\/p>\n","protected":false},"excerpt":{"rendered":"El dibujante y grabador asturiano Jos\u00e9 Fern\u00e1ndez Cuevas (Oviedo, 1844-Madrid, 1929) dedic\u00f3 toda su vida al \u00abtrabajo liberal&hellip;\n","protected":false},"author":2,"featured_media":57421,"comment_status":"","ping_status":"","sticky":false,"template":"","format":"standard","meta":{"footnotes":""},"categories":[173],"tags":[229,233,231,230,12232,1770,10345,232,234,24460,146,147,25,24,24461,1157,205,23],"class_list":{"0":"post-57420","1":"post","2":"type-post","3":"status-publish","4":"format-standard","5":"has-post-thumbnail","7":"category-arte-y-diseno","8":"tag-arte","9":"tag-arte-y-diseno","10":"tag-arts","11":"tag-arts-and-design","12":"tag-asturiano","13":"tag-asturias","14":"tag-creo","15":"tag-design","16":"tag-diseno","17":"tag-emigrante","18":"tag-entertainment","19":"tag-entretenimiento","20":"tag-es","21":"tag-espana","22":"tag-ilustracion","23":"tag-imagen","24":"tag-madrid","25":"tag-spain"},"share_on_mastodon":{"url":"","error":""},"_links":{"self":[{"href":"https:\/\/www.europesays.com\/es\/wp-json\/wp\/v2\/posts\/57420","targetHints":{"allow":["GET"]}}],"collection":[{"href":"https:\/\/www.europesays.com\/es\/wp-json\/wp\/v2\/posts"}],"about":[{"href":"https:\/\/www.europesays.com\/es\/wp-json\/wp\/v2\/types\/post"}],"author":[{"embeddable":true,"href":"https:\/\/www.europesays.com\/es\/wp-json\/wp\/v2\/users\/2"}],"replies":[{"embeddable":true,"href":"https:\/\/www.europesays.com\/es\/wp-json\/wp\/v2\/comments?post=57420"}],"version-history":[{"count":0,"href":"https:\/\/www.europesays.com\/es\/wp-json\/wp\/v2\/posts\/57420\/revisions"}],"wp:featuredmedia":[{"embeddable":true,"href":"https:\/\/www.europesays.com\/es\/wp-json\/wp\/v2\/media\/57421"}],"wp:attachment":[{"href":"https:\/\/www.europesays.com\/es\/wp-json\/wp\/v2\/media?parent=57420"}],"wp:term":[{"taxonomy":"category","embeddable":true,"href":"https:\/\/www.europesays.com\/es\/wp-json\/wp\/v2\/categories?post=57420"},{"taxonomy":"post_tag","embeddable":true,"href":"https:\/\/www.europesays.com\/es\/wp-json\/wp\/v2\/tags?post=57420"}],"curies":[{"name":"wp","href":"https:\/\/api.w.org\/{rel}","templated":true}]}}