{"id":57432,"date":"2025-08-19T07:58:07","date_gmt":"2025-08-19T07:58:07","guid":{"rendered":"https:\/\/www.europesays.com\/es\/57432\/"},"modified":"2025-08-19T07:58:07","modified_gmt":"2025-08-19T07:58:07","slug":"comienza-la-venta-de-entradas-del-festival-del-patiometropolis-que-el-13-de-septiembre-trae-a-rozalen-a-alcala-de-guadaira","status":"publish","type":"post","link":"https:\/\/www.europesays.com\/es\/57432\/","title":{"rendered":"Comienza la venta de entradas del Festival del Patio+Metr\u00f3polis, \u200bque el 13 de septiembre trae a Rozal\u00e9n a Alcal\u00e1 de Guada\u00edra"},"content":{"rendered":"<p>\t\t\t\t\t<strong>Las entradas para disfrutar de los conciertos de la segunda edici\u00f3n del Festival del Patio+Metr\u00f3polis estar\u00e1n disponibles desde hoy martes, a las 12.00 horas, a trav\u00e9s de la web <\/strong><a href=\"https:\/\/www.festivaldelpatio.com\/\" class=\"western\" rel=\"nofollow noopener\" target=\"_blank\">festivaldelpatio.com<\/a><strong> <\/strong><strong>y de forma f\u00edsica en La Teatral (C\/ Vel\u00e1zquez, 12, Sevilla).<\/strong><strong> La oferta musical incluye para el pr\u00f3ximo 13 de septiembre (22:30 h) el concierto de Rozal\u00e9n en la explanada del Auditorio Riberas del Guada\u00edra de Alcal\u00e1.<\/strong><\/p>\n<p> <strong>Organizado por la Diputaci\u00f3n Provincial, <\/strong><strong>con la colaboraci\u00f3n del Ayuntamiento de Alcal\u00e1 de Guada\u00edra, <\/strong><strong>se celebra la segunda edici\u00f3n de un ciclo que ofrece la m\u00fasica como hilo conductor entre generaciones, escenarios y estilos, con el que Sevilla y su \u00e1rea metropolitana volver\u00e1n a vibrar este oto\u00f1o con el Festival del Patio+Metr\u00f3polis.<\/strong><strong> <\/strong>  <\/p>\n<p> <strong>La cita, que en apenas dos ediciones se ha consolidado como uno de los encuentros musicales de referencia en la provincia, volver\u00e1 a convertir el hist\u00f3rico Patio de la Diputaci\u00f3n en un escenario abierto a la m\u00fasica y al encuentro ciudadano. Junto a \u00e9l, el festival se extiende al \u00e1rea metropolitana con conciertos en Utrera, Alcal\u00e1 de Guada\u00edra, La Rinconada, Dos Hermanas y Mairena del Aljarafe, llevando el pulso cultural de la capital a municipios que tambi\u00e9n vibrar\u00e1n con artistas de primer nivel en esta apuesta por descentralizar la cultura y acercarla a todos los rincones de la provincia.<\/strong>\n <\/p>\n<p> <b>Metr\u00f3polis: la m\u00fasica se expande al \u00e1rea metropolitana<\/b>\n <\/p>\n<p> Metr\u00f3polis llevar\u00e1 la energ\u00eda del Festival m\u00e1s all\u00e1 de la capital, con conciertos en espacios emblem\u00e1ticos de cinco municipios del \u00e1rea metropolitana. Todas las actuaciones comenzar\u00e1n a las 22.00 horas (excepto el que se celebrar\u00e1 el 10 de octubre, que comenzar\u00e1 a las 21.00 horas) y tendr\u00e1n un precio \u00fanico de 5 euros, con una programaci\u00f3n que re\u00fane a artistas consagrados y referentes de distintos g\u00e9neros musicales.\n <\/p>\n<p> El viernes 12 de septiembre, en la Plaza de Toros de Utrera, abrir\u00e1 el ciclo Duncan Dhu, una de las bandas m\u00e1s ic\u00f3nicas del pop-rock espa\u00f1ol de los a\u00f1os ochenta y noventa. Con Mikel Erentxun al frente, su regreso a los escenarios con cl\u00e1sicos como En alg\u00fan lugar o Esos ojos negros, canciones que marcaron a toda una generaci\u00f3n y que hoy mantienen plena vigencia, son todo un homenaje a sus 40 a\u00f1os de trayectoria, con una mirada renovada que conecta generaciones.\n <\/p>\n<p> El s\u00e1bado 13 ser\u00e1 el turno de Rozal\u00e9n, que actuar\u00e1 en el Teatro Auditorio Ribera del Guada\u00edra de Alcal\u00e1 de Guada\u00edra. La cantautora manchega, una de las voces m\u00e1s comprometidas y queridas de la m\u00fasica espa\u00f1ola actual, combina sensibilidad, mensaje social y un repertorio cargado de emoci\u00f3n. Con discos como El \u00e1rbol y el bosque o Cuando el r\u00edo suena\u2026, Rozal\u00e9n ha sabido tender puentes entre generaciones gracias a su autenticidad y cercan\u00eda en el escenario.\n <\/p>\n<p> Por su parte, el Recinto Multiusos \u2018El Abrazo\u2019 de La Rinconada acoger\u00e1 la doble cita de Fangoria y Nancys Rubias el domingo 14. Fangoria, el proyecto de Alaska y Nacho Canut, es sin\u00f3nimo de reinvenci\u00f3n constante y de un pop electr\u00f3nico irreverente que ha acompa\u00f1ado a varias d\u00e9cadas de p\u00fablico fiel. A su lado, Nancys Rubias, el grupo liderado por Mario Vaquerizo, aportar\u00e1 su mezcla de glam, punk y humor desinhibido, en una noche que estar\u00e1 marcada por el espect\u00e1culo y la diversi\u00f3n.\n <\/p>\n<p> En Dos Hermanas, concretamente en el Auditorio Los del R\u00edo, tendr\u00e1 lugar el concierto de Coque Malla, programado para el domingo 21 de septiembre. Reconocido como uno de los cantautores y compositores m\u00e1s destacados del panorama espa\u00f1ol, tras sus inicios en Los Ronaldos, Malla ha desarrollado una s\u00f3lida carrera en solitario, con discos que exploran desde el rock hasta la canci\u00f3n de autor m\u00e1s intimista. Su directo, elegante y cercano, es siempre una experiencia para los amantes de la buena m\u00fasica.\n <\/p>\n<p> <strong>Metr\u00f3polis se cerrar\u00e1 el viernes 10 de octubre en el Recinto H\u00edpico de Mairena del Aljarafe con Camela, pioneros del tecno-rumba y convertidos en aut\u00e9ntico fen\u00f3meno popular desde los a\u00f1os 90. Con canciones que forman parte de la memoria sentimental de varias generaciones, el d\u00fao sigue llenando recintos y manteniendo la complicidad con un p\u00fablico que se reconoce en himnos como Cuando zarpa el amor o Sue\u00f1o contigo.<\/strong>\n <\/p>\n<p> <b>Festival del Patio: cuatro noches de m\u00fasica en el coraz\u00f3n de Sevilla<\/b>\n <\/p>\n<p> El Patio de la Diputaci\u00f3n volver\u00e1 a ser en septiembre uno de los espacios m\u00e1s singulares para disfrutar de la m\u00fasica en directo. Con conciertos a las 21.00 horas y entradas a 10 euros, acoger\u00e1 cuatro noches consecutivas de g\u00e9neros diversos y artistas de primera l\u00ednea.\n <\/p>\n<p> El festival dar\u00e1 comienzo el mi\u00e9rcoles 17 con Miss Cafe\u00edna, formaci\u00f3n madrile\u00f1a que desde hace m\u00e1s de una d\u00e9cada es referente del pop alternativo espa\u00f1ol. Con discos como Detroit o Oh Long Johnson, la banda ha construido un repertorio cargado de himnos generacionales, letras directas y un sonido en\u00e9rgico que brilla especialmente en el directo.\n <\/p>\n<p> El jueves 18 ser\u00e1 el turno de Silo\u00e9, tr\u00edo vallisoletano formado por Fito Robles, Xavi Road y Jaco Betanzos. Su propuesta fusiona el pop m\u00e1s luminoso con la electr\u00f3nica y el folk, generando un estilo propio que les ha situado entre los grupos emergentes m\u00e1s originales del panorama nacional. Su m\u00fasica, fresca y emocional, conecta con p\u00fablicos de diferentes edades, encajando a la perfecci\u00f3n con la vocaci\u00f3n intergeneracional de la cita.\n <\/p>\n<p> La noche siguiente, el viernes 19, resonar\u00e1 en el Patio de la Diputaci\u00f3n una de las voces m\u00e1s influyentes del rock en espa\u00f1ol. Santiago Auser\u00f3n y la Academia Nocturna combina en este formato la fuerza de su repertorio con la elegancia de una formaci\u00f3n instrumental que bebe del jazz, el blues y las m\u00fasicas de ra\u00edz latina. La Academia Nocturna le permite reinterpretar sus canciones con un aire renovado, donde conviven la poes\u00eda de sus letras, el mestizaje sonoro y el carisma de un artista que ha marcado a varias generaciones.\n <\/p>\n<p> La programaci\u00f3n del Patio se cerrar\u00e1 el s\u00e1bado 20 con Derby Motoreta\u2019s Burrito Kachimba, banda sevillana que ha revolucionado la escena rock con su estilo bautizado como \u201ckinkidelia\u201d. Con una mezcla explosiva de rock andaluz setentero, psicodelia y potencia guitarrera, el grupo se ha ganado el respeto de la cr\u00edtica y el entusiasmo del p\u00fablico, llevando su propuesta m\u00e1s all\u00e1 de nuestras fronteras y convirti\u00e9ndose en uno de los directos m\u00e1s potentes de la actualidad.<\/p>\n","protected":false},"excerpt":{"rendered":"Las entradas para disfrutar de los conciertos de la segunda edici\u00f3n del Festival del Patio+Metr\u00f3polis estar\u00e1n disponibles desde&hellip;\n","protected":false},"author":2,"featured_media":57433,"comment_status":"","ping_status":"","sticky":false,"template":"","format":"standard","meta":{"footnotes":""},"categories":[91],"tags":[24471,24470,24478,24469,1250,777,209,24474,168,24489,2026,24491,146,147,24480,25,24,24488,24487,24490,24492,24473,2178,3624,15235,891,6850,6688,24483,24054,24497,4044,24493,10,24477,24482,24415,24472,12365,24496,1922,24485,24481,24479,24475,24484,19497,24486,1171,23,24494,24476,4664,24495],"class_list":{"0":"post-57432","1":"post","2":"type-post","3":"status-publish","4":"format-standard","5":"has-post-thumbnail","7":"category-entretenimiento","8":"tag-accesibilidad","9":"tag-administracion-electronica","10":"tag-agenda-de-actividades","11":"tag-alcala-de-guadaira","12":"tag-ayuntamiento","13":"tag-ciudad","14":"tag-cultura","15":"tag-datos-abiertos","16":"tag-deportes","17":"tag-desarrollo-economico","18":"tag-educacion","19":"tag-edusi","20":"tag-entertainment","21":"tag-entretenimiento","22":"tag-equipamientos","23":"tag-es","24":"tag-espana","25":"tag-feria-de-alcala","26":"tag-fiestas-mayores","27":"tag-formacion-y-empleo","28":"tag-gestion-tributaria","29":"tag-gobierno-abierto","30":"tag-igualdad","31":"tag-infancia","32":"tag-infraestructura","33":"tag-inmigrantes","34":"tag-juventud","35":"tag-medio-ambiente","36":"tag-molinos","37":"tag-movilidad-urbana","38":"tag-movilidad-y-transporte","39":"tag-mujeres","40":"tag-museo-de-alcala","41":"tag-noticias","42":"tag-oferta-de-empleo","43":"tag-oromana","44":"tag-participacion-ciudadana","45":"tag-personas-con-discapacidad","46":"tag-personas-mayores","47":"tag-punto-limpio","48":"tag-redes-sociales","49":"tag-secretaria","50":"tag-sede-electronica","51":"tag-servicio-de-quejas-y-sugerencias","52":"tag-servicios-destacados","53":"tag-servicios-municipales","54":"tag-servicios-sociales","55":"tag-servicios-urbanos","56":"tag-sevilla","57":"tag-spain","58":"tag-teatro-auditorio-riberas-del-guadaira","59":"tag-tramites-y-servicios","60":"tag-turismo","61":"tag-universidad-popular"},"share_on_mastodon":{"url":"","error":""},"_links":{"self":[{"href":"https:\/\/www.europesays.com\/es\/wp-json\/wp\/v2\/posts\/57432","targetHints":{"allow":["GET"]}}],"collection":[{"href":"https:\/\/www.europesays.com\/es\/wp-json\/wp\/v2\/posts"}],"about":[{"href":"https:\/\/www.europesays.com\/es\/wp-json\/wp\/v2\/types\/post"}],"author":[{"embeddable":true,"href":"https:\/\/www.europesays.com\/es\/wp-json\/wp\/v2\/users\/2"}],"replies":[{"embeddable":true,"href":"https:\/\/www.europesays.com\/es\/wp-json\/wp\/v2\/comments?post=57432"}],"version-history":[{"count":0,"href":"https:\/\/www.europesays.com\/es\/wp-json\/wp\/v2\/posts\/57432\/revisions"}],"wp:featuredmedia":[{"embeddable":true,"href":"https:\/\/www.europesays.com\/es\/wp-json\/wp\/v2\/media\/57433"}],"wp:attachment":[{"href":"https:\/\/www.europesays.com\/es\/wp-json\/wp\/v2\/media?parent=57432"}],"wp:term":[{"taxonomy":"category","embeddable":true,"href":"https:\/\/www.europesays.com\/es\/wp-json\/wp\/v2\/categories?post=57432"},{"taxonomy":"post_tag","embeddable":true,"href":"https:\/\/www.europesays.com\/es\/wp-json\/wp\/v2\/tags?post=57432"}],"curies":[{"name":"wp","href":"https:\/\/api.w.org\/{rel}","templated":true}]}}