{"id":574482,"date":"2026-05-28T02:13:16","date_gmt":"2026-05-28T02:13:16","guid":{"rendered":"https:\/\/www.europesays.com\/es\/574482\/"},"modified":"2026-05-28T02:13:16","modified_gmt":"2026-05-28T02:13:16","slug":"el-aeropuerto-de-santiago-reabre-este-jueves-tras-35-dias-de-obras-con-mas-rutas-internacionales-que-el-verano-pasado-trabajamos-para-que-sea-un-punto-de-inflexion-la-voz-de-galicia","status":"publish","type":"post","link":"https:\/\/www.europesays.com\/es\/574482\/","title":{"rendered":"El aeropuerto de Santiago reabre este jueves tras 35 d\u00edas de obras con m\u00e1s rutas internacionales que el verano pasado: \u00abTrabajamos para que sea un punto de inflexi\u00f3n\u00bb &#8211; La Voz de Galicia"},"content":{"rendered":"<ol>\n<li><a href=\"https:\/\/news.google.com\/rss\/articles\/CBMiqwJBVV95cUxOcGhBTXdVY0RfSzBPb05nTldKbDEwZFdWc1RwU1J2M29IUW9iQl82STh4MHNaRnlSellGMkp1UnE1WmhhVVFZT2k5WEh5ZUVtWGFaNEVER1pfWHRVNEFDTFkxTGhrVndCcGJuU0ZLbnJKSWg5U1VubTBqbFpCOXo0M1RXRVdWWjlKN2kxbXpHWkp4TzZXT2ttaEl0SlV3S0xCM0hTR3g0R3NZV2Vfb3BKVldnQThBUndhMnRpeUhyb2lLOGJfS0ZyRk1zeHlJLUxaa3dPM241dm1KanpYLXFRMnNDOTZFT2Q2ajZvaWZVcGRqaGFaOEVIbDQ3dWZxVG85RTBBdEFaY01xdUVKM0xENzQ2X1cybzUwRlpDUUxYeFl3M2hIOUdTNE9Ucw?oc=5\" target=\"_blank\" rel=\"nofollow noopener\">El aeropuerto de Santiago reabre este jueves tras 35 d\u00edas de obras con m\u00e1s rutas internacionales que el verano pasado: \u00abTrabajamos para que sea un punto de inflexi\u00f3n\u00bb<\/a>&nbsp;&nbsp;La Voz de Galicia<\/li>\n<li><a href=\"https:\/\/news.google.com\/rss\/articles\/CBMiwgFBVV95cUxPOEhEVTdwTHVMOVFFR3pXdkk2eFZzLXdLSXVROTllVHN3ZFNNaEtVRmZicWVPaUpmWnJYdFRCZTZOT2VsSUFNLThiZFYzblZueUxER05iczZHVGJ3WFFDZkc3eFNTdWdmUWxzTE1sQ0ZodnJQRThUdl9zTEJYMFI1dmhmSUc2dGtlT0NnN2hoRUhINGVWRzFSV2xIRV9MR2k4UHNfNHc5UkpweFdES2R6YWtVTEpRMmlqYnVxLURVcklaQdIBxwFBVV95cUxNRnF2Zkp6b2YtOElPd3J2T3QxaThWWHNEME42UFJ6U2ZRT0RPcHlTS1JiUTJjQVZQU1NGM2d2YnBKNnliYVlpcGFtTGFQblR5Qk1MT0VKbXVaUmt1OV9Ea29NWHFNRV9xY3dzX3hna1ZzZW5LZXZvOUlxWXZTdEJndEhBX1dPVm1zNUtMNzZkeU1hVGVBcGp5ck9wOVhVaERxTjVOVzEwWHU3dGpaRF9PaW80ck9KX0x3cW00ZXlUVFRpUm5tdDRj?oc=5\" target=\"_blank\" rel=\"nofollow noopener\">El aeropuerto de Santiago se reactiva con el estreno de las rutas a Nueva York, Cork y \u00c1msterdam<\/a>&nbsp;&nbsp;El Correo Gallego<\/li>\n<li><a href=\"https:\/\/news.google.com\/rss\/articles\/CBMitwFBVV95cUxPcGVPVHY5OUFveVJwUS1Nd2tZbFp1cVZvNkdkMFJCbWxBbENwdXJoQXphWFNWZnprYWFUUVVuVmhqSi1ocGRZQkNEa1J2WjItUTYtUVlyUGNsVFIwRUdHY1czU1lKNkdEaXRvSTV3TDlSQ3k1Z09jamoybnBWLXY3UnZnNUpsSXVITURudEZuSVMydTd5dTNzSFUzdGI5RTFHTk5ZUUZ0VWhPQV9wSEtfYkVUV2JIWWs?oc=5\" target=\"_blank\" rel=\"nofollow noopener\">El aeropuerto de Santiago reabre con la pista renovada y una ruta a Nueva York<\/a>&nbsp;&nbsp;Hosteltur<\/li>\n<li><a href=\"https:\/\/news.google.com\/rss\/articles\/CBMi4wFBVV95cUxQdFRqM0JNbmZxeThBbThvVWRRZTRmR015X0tGeTUyWGxtejljSmpBZTk2dWdHZ1Y5Sm9zalF3S1c2S0pHRHpPX1psM1RNZmpLNkZ3WmltVDRyV2hhandvT3JkckM0Rmh0Wi1MTk1VcWpYLTZIUGlPN2stRW5yS1dqQjBoX1pCTTRLVzZBbWVHR1ZrRHA4VmRmMDFvNXBzdmRmSjFZbkZvNm16c0tyTjlhUVBOVG9tblBPRUVKTlBOc0h1NzFTZFJXTEdHTXl5dDlzcHhKQ2x2TDZXZDhjTW50Y0RXd9IB9wFBVV95cUxPUUxvV1c0amdsNEZlYWswMmpVTGZkS2dtU3NpYmhSTHMtMVUyMkJoWld5WVFENGpKck0zZWhIU0xXZUsyZEVTcXVmY2JyajlPWTIwMFNNdmRtREhLdF9FclUtLUhncXBvR0xFQXItcGJVMmZQQW5obi10VjFrNzhYQ1hfYW1OeVc0NVdFaDF3R05INmRrd2xSNVFTUzQ2aVRjczIyeG1JamZuVzFQMVVhUGN4ekFxR00zZ2o5WV94cndfMWY1dzkzbTlyS2dDbFpOM01faEo1QnAyUmVUdHNiX0JwN2RjNmVOWWxpOFE3VF9PNzFlWE5N?oc=5\" target=\"_blank\" rel=\"nofollow noopener\">El aeropuerto de Santiago reabre ma\u00f1ana con vuelos a Nueva York y 35 d\u00edas despu\u00e9s de cerrar su pista<\/a>&nbsp;&nbsp;La Raz\u00f3n<\/li>\n<li><a href=\"https:\/\/news.google.com\/rss\/articles\/CBMi6gFBVV95cUxQYXVHcTJZS2txUjB5b1BjZkNwc3hFS2tSMG53dnp0N1VIc015dWlmLU8xbjFkNEhVdG1vWE1yQ2dqYWxqdHY0c19jTFFpck5JREtPd2NJcGMyR2pFOU5kay1VVGRDXzhzOTN2Nkk1em1kbFhiZlpnTU5fTlhqX0FxTHJQSFBiVlRhZjR0UFJaa3FIaHFVaW5LcjZqSEpBUnMtZjVXUkp1UE81S3c3eUt0Sm1kNkR4ZXJjaVhITTdTbTRJdFo0SnlNRWptWFBKeXlSaHRmVGxDSm1kaWF4MnhvQlZYWjZVNGRrbmfSAe8BQVVfeXFMTkp4X0hBVUZTNjR1Vy04V2p0WmpuXzRGQXphWGV4bXU1dnY5S1Q4LWFUMGtxeWFBc0RMSkgyRjZLSF9UOUpYa2ZQNUQ3WW1WSWkwZUxsd3FybllueUIta0lKQUpick1hdUMyNUNhLUlMelNaQlpCYlhyT25hQnRpM3d2U2YwNVhqMXNUUVU2QVczb0xhVWd5VU42MXNZTktfT1dKMTQwSU9yRFVOVzBxakp4WGhBN2tBUV9CdjNmRzhiOFJsYnJ4Y0s0bkpxQm5nZGNPcjdHNi1SaFIxU0RiWFpJWkR1ZHZNc1hjSmJOekk?oc=5\" target=\"_blank\" rel=\"nofollow noopener\">\u00bfPor qu\u00e9 apuesta United Airlines por un enlace directo entre Santiago y Nueva York?<\/a>&nbsp;&nbsp;COPE<\/li>\n<\/ol>\n","protected":false},"excerpt":{"rendered":"El aeropuerto de Santiago reabre este jueves tras 35 d\u00edas de obras con m\u00e1s rutas internacionales que el&hellip;\n","protected":false},"author":2,"featured_media":574483,"comment_status":"","ping_status":"","sticky":false,"template":"","format":"standard","meta":{"footnotes":""},"categories":[8],"tags":[1162,100388,33532,33533,17,18,25,24,13,14,11,19,20,9,10,15,16,13620,4478,30524,23,12,21,22],"class_list":["post-574482","post","type-post","status-publish","format-standard","has-post-thumbnail","category-espana","tag-aena","tag-aeropuerto-de-alvedro","tag-aeropuerto-de-lavacolla","tag-aeropuerto-de-peinador","tag-breaking-news","tag-breakingnews","tag-es","tag-espana","tag-featured-news","tag-featurednews","tag-headlines","tag-latest-news","tag-latestnews","tag-news","tag-noticias","tag-noticias-destacadas","tag-noticiasdestacadas","tag-oporto","tag-ryanair","tag-santiago-ciudad","tag-spain","tag-titulares","tag-ultimas-noticias","tag-ultimasnoticias"],"share_on_mastodon":{"url":"","error":"Validation failed: Text character limit of 500 exceeded"},"_links":{"self":[{"href":"https:\/\/www.europesays.com\/es\/wp-json\/wp\/v2\/posts\/574482","targetHints":{"allow":["GET"]}}],"collection":[{"href":"https:\/\/www.europesays.com\/es\/wp-json\/wp\/v2\/posts"}],"about":[{"href":"https:\/\/www.europesays.com\/es\/wp-json\/wp\/v2\/types\/post"}],"author":[{"embeddable":true,"href":"https:\/\/www.europesays.com\/es\/wp-json\/wp\/v2\/users\/2"}],"replies":[{"embeddable":true,"href":"https:\/\/www.europesays.com\/es\/wp-json\/wp\/v2\/comments?post=574482"}],"version-history":[{"count":0,"href":"https:\/\/www.europesays.com\/es\/wp-json\/wp\/v2\/posts\/574482\/revisions"}],"wp:featuredmedia":[{"embeddable":true,"href":"https:\/\/www.europesays.com\/es\/wp-json\/wp\/v2\/media\/574483"}],"wp:attachment":[{"href":"https:\/\/www.europesays.com\/es\/wp-json\/wp\/v2\/media?parent=574482"}],"wp:term":[{"taxonomy":"category","embeddable":true,"href":"https:\/\/www.europesays.com\/es\/wp-json\/wp\/v2\/categories?post=574482"},{"taxonomy":"post_tag","embeddable":true,"href":"https:\/\/www.europesays.com\/es\/wp-json\/wp\/v2\/tags?post=574482"}],"curies":[{"name":"wp","href":"https:\/\/api.w.org\/{rel}","templated":true}]}}