{"id":574530,"date":"2026-05-28T02:58:12","date_gmt":"2026-05-28T02:58:12","guid":{"rendered":"https:\/\/www.europesays.com\/es\/574530\/"},"modified":"2026-05-28T02:58:12","modified_gmt":"2026-05-28T02:58:12","slug":"la-tasa-de-letalidad-del-brote-de-ebola-en-rd-congo-por-debajo-del-25-dice-la-oms-2","status":"publish","type":"post","link":"https:\/\/www.europesays.com\/es\/574530\/","title":{"rendered":"La tasa de letalidad del brote de \u00e9bola en RD Congo, por debajo del 25%, dice la OMS"},"content":{"rendered":"<p>    <img src=\"https:\/\/www.europesays.com\/es\/wp-content\/uploads\/2026\/05\/2026-05-27T223A473A56Z-91485372.jpg\" width=\"1024\" height=\"678\" alt=\"\" loading=\"eager\" decoding=\"sync\" fetchpriority=\"high\"\/><\/p>\n<p>            afp_tickers        <\/p>\n<p>        Este contenido fue publicado en    <\/p>\n<p>        28 mayo 2026 &#8211; 00:47\n<\/p>\n<p>La tasa de letalidad de la epidemia de \u00e9bola que afecta a Rep\u00fablica Democr\u00e1tica del Congo est\u00e1 por debajo del 25%, un nivel menor que el de otros brotes, seg\u00fan una actualizaci\u00f3n de datos de la Organizaci\u00f3n Mundial de la Salud.\u00a0\u00a0<\/p>\n<p>Desde que se declar\u00f3 el brote a mediados de mayo, la OMS ha registrado m\u00e1s de 1.000 casos sospechosos y confirmados en el pa\u00eds africano.\u00a0<\/p>\n<p>Entre estos casos, hay 10 muertes confirmadas y 223 sospechosas que fueron atribuidas al virus, seg\u00fan una actualizaci\u00f3n publicada en X por la OMS este mi\u00e9rcoles, fechada el 24 de mayo.\u00a0<\/p>\n<p>Adem\u00e1s, hay una muerte confirmada en Uganda y seis casos confirmados en este pa\u00eds vecino de Rep\u00fablica Democr\u00e1tica del Congo, seg\u00fan este conteo.\u00a0<\/p>\n<p>Esta tasa de letalidad es significativamente inferior a la registrada en los 16 brotes de \u00e9bola ocurridos en la Rep\u00fablica Democr\u00e1tica del Congo desde que la enfermedad se identific\u00f3 por primera vez en ese pa\u00eds en 1976.\u00a0<\/p>\n<p>La mayor\u00eda de esas epidemias fueron causadas por la cepa Zaire, que suele tener una tasa de letalidad del 60% al 90% y es la \u00fanica variante para la que hay vacunas.\u00a0<\/p>\n<p>El actual brote se debe a la cepa Bundibugyo, para la cual no hay vacunas ni tratamientos aprobados. Las tasas de letalidad en los dos brotes anteriores en la RDC relacionados con esa cepa, en 2007 y 2012, oscilaron entre el 30% y el 50%.<\/p>\n<p>La agencia de salud de la ONU ha advertido que el alcance de la epidemia puede ser mayor que el registrado, ya que se cree que el virus estuvo circulando sin ser detectado durante alg\u00fan tiempo.<\/p>\n<p>nl\/rjm\/sbk\/an\/jvb<\/p>\n","protected":false},"excerpt":{"rendered":"afp_tickers Este contenido fue publicado en 28 mayo 2026 &#8211; 00:47 La tasa de letalidad de la epidemia&hellip;\n","protected":false},"author":2,"featured_media":574531,"comment_status":"","ping_status":"","sticky":false,"template":"","format":"standard","meta":{"footnotes":""},"categories":[42],"tags":[17,18,58126,83,8543,13,14,11,165,61,62,63,14688,86,64,19,20,9,10,15,16,88,90,12,21,22,58128,65,66,67],"class_list":["post-574530","post","type-post","status-publish","format-standard","has-post-thumbnail","category-internacional","tag-breaking-news","tag-breakingnews","tag-communicable-diseases","tag-diplomacy","tag-disease","tag-featured-news","tag-featurednews","tag-headlines","tag-health","tag-internacional","tag-international","tag-international-news","tag-international-organisation","tag-international-relations","tag-internationalnews","tag-latest-news","tag-latestnews","tag-news","tag-noticias","tag-noticias-destacadas","tag-noticiasdestacadas","tag-politics","tag-ticker","tag-titulares","tag-ultimas-noticias","tag-ultimasnoticias","tag-virus-diseases","tag-world","tag-world-news","tag-worldnews"],"share_on_mastodon":{"url":"","error":"Validation failed: Text character limit of 500 exceeded"},"_links":{"self":[{"href":"https:\/\/www.europesays.com\/es\/wp-json\/wp\/v2\/posts\/574530","targetHints":{"allow":["GET"]}}],"collection":[{"href":"https:\/\/www.europesays.com\/es\/wp-json\/wp\/v2\/posts"}],"about":[{"href":"https:\/\/www.europesays.com\/es\/wp-json\/wp\/v2\/types\/post"}],"author":[{"embeddable":true,"href":"https:\/\/www.europesays.com\/es\/wp-json\/wp\/v2\/users\/2"}],"replies":[{"embeddable":true,"href":"https:\/\/www.europesays.com\/es\/wp-json\/wp\/v2\/comments?post=574530"}],"version-history":[{"count":0,"href":"https:\/\/www.europesays.com\/es\/wp-json\/wp\/v2\/posts\/574530\/revisions"}],"wp:featuredmedia":[{"embeddable":true,"href":"https:\/\/www.europesays.com\/es\/wp-json\/wp\/v2\/media\/574531"}],"wp:attachment":[{"href":"https:\/\/www.europesays.com\/es\/wp-json\/wp\/v2\/media?parent=574530"}],"wp:term":[{"taxonomy":"category","embeddable":true,"href":"https:\/\/www.europesays.com\/es\/wp-json\/wp\/v2\/categories?post=574530"},{"taxonomy":"post_tag","embeddable":true,"href":"https:\/\/www.europesays.com\/es\/wp-json\/wp\/v2\/tags?post=574530"}],"curies":[{"name":"wp","href":"https:\/\/api.w.org\/{rel}","templated":true}]}}