{"id":574571,"date":"2026-05-28T03:37:13","date_gmt":"2026-05-28T03:37:13","guid":{"rendered":"https:\/\/www.europesays.com\/es\/574571\/"},"modified":"2026-05-28T03:37:13","modified_gmt":"2026-05-28T03:37:13","slug":"candela-pena-se-estrena-como-invitada-de-la-revuelta-y-recuerda-su-primera-entrevista-con-david-broncano-te-enamoraste-de-mi","status":"publish","type":"post","link":"https:\/\/www.europesays.com\/es\/574571\/","title":{"rendered":"Candela Pe\u00f1a se estrena como invitada de &#8216;La Revuelta&#8217; y recuerda su primera entrevista con David Broncano: \u00abTe enamoraste de m\u00ed\u00bb"},"content":{"rendered":"<p id=\"eeAkr8SJvuB\" data-wc=\"101\">Candela Pe\u00f1a es una de las actrices m\u00e1s ic\u00f3nicas de nuestro pa\u00eds. Con tres Goyas que respaldan a su innegable talento ante las c\u00e1maras (dos por Mejor Actriz Protagonista y uno por Mejor Actriz de Reparto), <a class=\"hm-link ho-link\" href=\"https:\/\/www.hola.com\/actualidad\/20240426253136\/candela-pena-cambio-fisico-rosario-porto-caso-asunta\/\" data-mrf-recirculation=\"article-body-link\" rel=\"nofollow noopener\" target=\"_blank\">la int\u00e9rprete dio un vuelco a su carrera con la exitosa serie de Netflix El caso Asunta<\/a> y, desde entonces, su nombre ha vuelto al foco medi\u00e1tico y acapara titulares casi a diario. A ra\u00edz del innegable \u00e9xito de la producci\u00f3n mencionada, Candela comenz\u00f3 a colaborar de manera habitual en el programa de\u00a0La Revuelta, conducido por David Broncano, con quien comparte una innegable complicidad.\u00a0<\/p>\n<p> <img src=\"https:\/\/www.europesays.com\/es\/wp-content\/uploads\/2026\/05\/cb71a79e85ba-saveclipapp706981397179323157762969821099058458124543789n.jpg\"   width=\"576\" height=\"1024\" loading=\"lazy\" decoding=\"async\" alt=\"Candela Pe\u00f1a se estrena como invitada de 'La Revuelta' y recuerda su primera entrevista con David Broncano: \u201cTe enamoraste de m\u00ed\u201d\" fetchpriority=\"auto\" class=\"image ho-image\"\/>\u00a9 La RevueltaCandela Pe\u00f1a y David Broncano, muy sonrientes en el programa de hoy<\/p>\n<p id=\"ewu18x8SazX\" data-wc=\"89\">Sin embargo, y tras casi una temporada visitando el espacio todas las semanas para realizar su secci\u00f3n (la cual no deja indiferente a nadie), la actriz se ha estrenado este mi\u00e9rcoles, 27 de mayo, como invitada estrella (compartiendo pantalla con Manuel Carrasco, quien ha entrado nada m\u00e1s terminar la entrevista de la int\u00e9rprete). Candela, fiel a su car\u00e1cter exc\u00e9ntricamente divertido, no ha dejado indiferente a nadie durante su conversaci\u00f3n con su amigo, &#8216;Davi&#8217;, como le llama cari\u00f1osamente, y las inesperadas confesiones que ha realizado a lo largo del programa.\u00a0<\/p>\n<p> <img src=\"https:\/\/www.europesays.com\/es\/wp-content\/uploads\/2026\/05\/7900ab5d5362-saveclipapp710226672179323244192969822135954928596436769n.jpg\"   width=\"768\" height=\"1024\" loading=\"lazy\" decoding=\"async\" alt=\"La actriz ha visitado el programa por primera vez en calidad de entrevistada\" fetchpriority=\"auto\" class=\"image ho-image\"\/>\u00a9 La RevueltaLa actriz ha visitado el programa por primera vez en calidad de entrevistada<\/p>\n<p id=\"eljo78vb-d\" data-wc=\"74\">Desde protagonizar un baile con la luz bajada y una balada rom\u00e1ntica de fondo a se\u00f1alar a David Broncano como uno de los tantos que calleron a sus pies la primera vez que la vieron, <a class=\"hm-link ho-link\" href=\"https:\/\/www.hola.com\/actualidad\/20220127203551\/premios-feroz-2022-candela-pena-doble-nominacion\/\" data-mrf-recirculation=\"article-body-link\" rel=\"nofollow noopener\" target=\"_blank\">Candela ha hecho de su entrevista su momento para hacer un repaso de su d\u00eda a d\u00eda<\/a>, qu\u00e9 no hace jam\u00e1s a pesar de estar siempre en tendencia y para recordar c\u00f3mo fue su primer encuentro con el humorista.\u00a0<\/p>\n<p>As\u00ed fue su primera entrevista juntos<\/p>\n<p id=\"eGJZRw312Tn\" data-wc=\"75\">\u00abQuiero que me hagas un tomat\u00f3n\u00bb, ha indicado Candela, sorprendiendo a David Broncano, quien no estaba seguro en un primer momento de a qu\u00e9 se refer\u00eda la actriz, la cual no ha dudado en explicar su ins\u00f3lita expresi\u00f3n: \u00abO sea, que t\u00fa me preguntes cosas, que no las tenga que decir yo\u00bb. Ante esto, el c\u00f3mico y presentador ha aprovechado para recordar cu\u00e1ndo y c\u00f3mo fue la primera entrevista de la int\u00e9rprete en su programa.\u00a0<\/p>\n<p> <img src=\"https:\/\/www.europesays.com\/es\/wp-content\/uploads\/2026\/05\/0604c0e445f5-saveclipapp708294253179323245152969823116393450935977228n.jpg\"   width=\"768\" height=\"1024\" loading=\"lazy\" decoding=\"async\" alt=\"Candela y David bailando durante el programa\" fetchpriority=\"auto\" class=\"image ho-image\"\/>\u00a9 La RevueltaCandela y David bailando durante el programa<\/p>\n<p id=\"e9MwGEucWB\" data-wc=\"76\">Fue durante el a\u00f1o 2019, cuando La Revuelta a\u00fan no exist\u00eda y el programa se llamaba La Resistencia y se emit\u00eda en Movistar+, y Candela se encontraba promocionando la serie Hierro. \u00abLa primera vez que viniste al programa&#8230;\u00bb, ha comenzado diciendo Broncano, <a class=\"hm-link ho-link\" href=\"https:\/\/www.hola.com\/actualidad\/20260224885668\/candela-pena-marisa-paredes-oscar-la-revuelta\/\" data-mrf-recirculation=\"article-body-link\" rel=\"nofollow noopener\" target=\"_blank\">que ha sido interrumpido por Candela, quien ha exclamado que \u00abte enamoraste de m\u00ed\u00bb.<\/a> \u00abNo lo hagas como si fuera una cosa loca de&#8230; &#8216;Ay la primera vez que me viste&#8217; como si fuera&#8230;\u00bb.\u00a0<\/p>\n<p>Un flechazo inesperado<\/p>\n<p id=\"e9tlpAE3E7\" data-wc=\"54\">Una respuesta fren\u00e9tica que ha arrancado una carcajada a los all\u00ed presentes, incluido el propio presentador, que continuaba mostrando su asombro con las dicharacheras intervenciones de su compa\u00f1era (bueno, hoy invitada). \u00abTe enamoraste de m\u00ed perdidamente\u00bb, ha continuado la actriz, subrayando entonces el conductor que el flechazo fue \u00abnada m\u00e1s verte, nada m\u00e1s entrar\u00bb.\u00a0<\/p>\n<p> <img src=\"https:\/\/www.europesays.com\/es\/wp-content\/uploads\/2026\/05\/ecb51a3779be-saveclipapp708362872179323244072969827154238962870656791n.jpg\"   width=\"768\" height=\"1024\" loading=\"lazy\" decoding=\"async\" alt=\"David y Candela son dos grandes amigos\" fetchpriority=\"auto\" class=\"image ho-image\"\/>\u00a9 La RevueltaDavid y Candela son dos grandes amigos<\/p>\n<p id=\"eBi3mRveel\" data-wc=\"56\">Algo con lo que la int\u00e9rprete no ha estado del todo de acuerdo, apostillando que \u00abcuando me sent\u00e9 ah\u00ed m\u00e1s\u00bb, haciendo un gesto hacia el m\u00edtico sof\u00e1 al lado de la mesa del presentador donde, usualmente, tienen lugar las entrevistas. \u00abS\u00ed, claro. Ya de cerca imag\u00ednate&#8230;\u00bb, ha afirmado Broncano, siguiendo con la conversaci\u00f3n de su amiga.\u00a0<\/p>\n<p> <img src=\"https:\/\/www.europesays.com\/es\/wp-content\/uploads\/2026\/05\/67e597a8b7d7-saveclipapp707885732179323244432969827118293328595092666n.jpg\"   width=\"768\" height=\"1024\" loading=\"lazy\" decoding=\"async\" alt=\"David y Candela en otro fragmento de la entrevista\" fetchpriority=\"auto\" class=\"image ho-image\"\/>\u00a9 La RevueltaDavid y Candela en otro fragmento de la entrevista<\/p>\n<p id=\"ehH403T1B3\" data-wc=\"112\">Ante esto, <a class=\"hm-link ho-link\" href=\"https:\/\/www.hola.com\/actualidad\/20250910855040\/candela-pena-relata-su-encuentro-surrealista-con-georgina-rodriguez-en-una-iglesia\/\" data-mrf-recirculation=\"article-body-link\" rel=\"nofollow noopener\" target=\"_blank\">Candela ha aprovechado para confesar que esa entrevista tiene un lugar muy especial en su coraz\u00f3n<\/a> y suele revisitarlo con frecuencia. \u00ab\u00bfT\u00fa sabes que yo de so\u00f1adora es el \u00fanico v\u00eddeo que veo a veces?\u00bb, ha desvelado la actriz con una gran sonrisa, sorprendiendo de nuevo al humorista, quien, seg\u00fan ha indicado la actriz, es el principal motivo por el que ve una y otra vez la conversaci\u00f3n. \u00abTe veo tan inocente, te veo con esto tan estrechito, tan estrechito como para adentro&#8230; Tu dientecito, que a m\u00ed ese diente me gustaba mucho&#8230;\u00bb, ha enumerado, subrayando que si bien no se acordaba de la fecha exacta, s\u00ed \u00ablo recuerdo much\u00edsimo\u00bb.<\/p>\n","protected":false},"excerpt":{"rendered":"Candela Pe\u00f1a es una de las actrices m\u00e1s ic\u00f3nicas de nuestro pa\u00eds. Con tres Goyas que respaldan a&hellip;\n","protected":false},"author":2,"featured_media":574572,"comment_status":"","ping_status":"","sticky":false,"template":"","format":"standard","meta":{"footnotes":""},"categories":[171],"tags":[517,18411,9029,146,147,25,24,23,807,214],"class_list":["post-574571","post","type-post","status-publish","format-standard","has-post-thumbnail","category-tv","tag-actualidad","tag-candela-pena","tag-david-broncano","tag-entertainment","tag-entretenimiento","tag-es","tag-espana","tag-spain","tag-television","tag-tv"],"share_on_mastodon":{"url":"https:\/\/pubeurope.com\/@es\/116650118660899129","error":""},"_links":{"self":[{"href":"https:\/\/www.europesays.com\/es\/wp-json\/wp\/v2\/posts\/574571","targetHints":{"allow":["GET"]}}],"collection":[{"href":"https:\/\/www.europesays.com\/es\/wp-json\/wp\/v2\/posts"}],"about":[{"href":"https:\/\/www.europesays.com\/es\/wp-json\/wp\/v2\/types\/post"}],"author":[{"embeddable":true,"href":"https:\/\/www.europesays.com\/es\/wp-json\/wp\/v2\/users\/2"}],"replies":[{"embeddable":true,"href":"https:\/\/www.europesays.com\/es\/wp-json\/wp\/v2\/comments?post=574571"}],"version-history":[{"count":0,"href":"https:\/\/www.europesays.com\/es\/wp-json\/wp\/v2\/posts\/574571\/revisions"}],"wp:featuredmedia":[{"embeddable":true,"href":"https:\/\/www.europesays.com\/es\/wp-json\/wp\/v2\/media\/574572"}],"wp:attachment":[{"href":"https:\/\/www.europesays.com\/es\/wp-json\/wp\/v2\/media?parent=574571"}],"wp:term":[{"taxonomy":"category","embeddable":true,"href":"https:\/\/www.europesays.com\/es\/wp-json\/wp\/v2\/categories?post=574571"},{"taxonomy":"post_tag","embeddable":true,"href":"https:\/\/www.europesays.com\/es\/wp-json\/wp\/v2\/tags?post=574571"}],"curies":[{"name":"wp","href":"https:\/\/api.w.org\/{rel}","templated":true}]}}