{"id":57465,"date":"2025-08-19T08:16:18","date_gmt":"2025-08-19T08:16:18","guid":{"rendered":"https:\/\/www.europesays.com\/es\/57465\/"},"modified":"2025-08-19T08:16:18","modified_gmt":"2025-08-19T08:16:18","slug":"estoy-mas-que-emocionada-de-unirme-a-este-elenco","status":"publish","type":"post","link":"https:\/\/www.europesays.com\/es\/57465\/","title":{"rendered":"\u201cEstoy m\u00e1s que emocionada de unirme a este elenco"},"content":{"rendered":"<p id=\"e5DKOsfsXi\" data-wc=\"133\">Tras un arranque de rodaje en mayo en <strong>Roma<\/strong>, donde <strong>Emily,<\/strong> el ic\u00f3nico personaje interpretado por <strong>Lily Collins<\/strong>, contin\u00faa asent\u00e1ndose en su nuevo papel al frente de la oficina italiana de<strong>\u00a0Agence Grateau<\/strong>, la quinta temporada de<strong>\u00a0Emily en Paris<\/strong> vuelve a instalarse en la capital francesa, el verdadero epicentro de la serie y casi un personaje m\u00e1s. Sin embargo, no importa d\u00f3nde se desarrolle la acci\u00f3n \u2014si en la cuidad eterna, en la del amor o en cualquier otro rinc\u00f3n del planeta \u2014, los seguidores siguen \u00e1vidos por conocer m\u00e1s sobre las aventuras y desventuras de la joven publicista. Los nuevos episodios llegar\u00e1n a<strong>\u00a0Netflix\u00a0<\/strong>este 2025 y, con ellos, tres nuevos rostros se asomar\u00e1n a la pantalla sumando nuevas historias y, si es que es posible, un toque m\u00e1s de sofisticaci\u00f3n.<\/p>\n<p> <img src=\"https:\/\/www.europesays.com\/es\/wp-content\/uploads\/2025\/08\/24f9c594276b-eip408unit01159r.jpg\"   width=\"1024\" height=\"682\" loading=\"lazy\" decoding=\"async\" alt=\"Lily Collins como Emily, Ashley Park como Mindy en  &quot;Emily en Paris&quot;\" fetchpriority=\"auto\" class=\"image ho-image\"\/>\u00a9 Netflix<\/p>\n<p id=\"eJM063llgq\" data-wc=\"135\">La nueva entrega seguir\u00e1 a Emily en su nueva vida en la capital italiana, adapt\u00e1ndose a su nuevo puesto y en su apartamento romano. Esta etapa trae nuevos retos profesionales y, sobre todo, nuevas relaciones. Entre ellas, destaca su romance con<strong>\u00a0Marcello (Eugenio Franceschini)<\/strong>, un atractivo gal\u00e1n italiano que promete aportar un aire fresco a la vida sentimental de la protagonista. Pero no lo tendr\u00e1 tan f\u00e1cil: <strong>Gabriel \u00a0(Lucas Bravo)\u00a0<\/strong>y <strong>Alfie (Lucien Laviscount)<\/strong> tambi\u00e9n contin\u00faan presentes, dejando claro que el tri\u00e1ngulo amoroso que ha mantenido en vilo a los seguidores seguir\u00e1 dando que hablar. Adem\u00e1s, la temporada parece preparar cambios significativos, tanto a nivel laboral como personal, para otros personajes clave como<strong>\u00a0Sylvie (Philippine Leroy-Beaulieu)<\/strong><a class=\"hm-link\" href=\"https:\/\/www.hola.com\/actualidad\/20250418824720\/temporada-5-de-emily-en-paris-ashley-park-revela-los-secretos-del-rodaje\/\" data-mrf-recirculation=\"article-body-link\" rel=\"nofollow noopener\" target=\"_blank\">\u00a0y Mindy (Ashley Park),<\/a> manteniendo la f\u00f3rmula de humor, drama, glamour y ese toque cosmopolita que define la serie.<\/p>\n<p> <img src=\"https:\/\/www.europesays.com\/es\/wp-content\/uploads\/2025\/08\/ee5b3cdbcf22-gettyimages-2200090464.jpg\"   width=\"682\" height=\"1024\" loading=\"lazy\" decoding=\"async\" alt=\"Bryan Greenberg dar\u00e1 vida a Jake, un estadounidense que reside en Par\u00eds\" fetchpriority=\"auto\" class=\"image ho-image\"\/>\u00a9 Getty Images<\/p>\n<p id=\"eDNu7D4OrO\" data-wc=\"121\">Para darle m\u00e1s emoci\u00f3n y nuevos aires, el universo de Emily en Par\u00eds\u00a0se ampl\u00eda con tres nuevos rostros. El actor y m\u00fasico <strong data-end=\"570\" data-start=\"551\">Bryan Greenberg<\/strong>, de 46 a\u00f1os, conocido por su papel como<strong>\u00a0Ben Epstein\u00a0<\/strong>en la serie de HBO <strong>Buscarse la vida en Am\u00e9rica,<\/strong> as\u00ed como por su participaci\u00f3n en <strong>One Tree Hill\u00a0<\/strong>o, m\u00e1s recientemente,<a class=\"hm-link\" href=\"https:\/\/www.hola.com\/actualidad\/20241208733702\/suits-la-spin-off-de-la-serie-que-lanzo-a-la-fama-a-meghan-markle\/\" data-mrf-recirculation=\"article-body-link\" rel=\"nofollow noopener\" target=\"_blank\">\u00a0en Suits L.A<\/a>. \u2014el spin-off de la serie que lanz\u00f3 al estrellato a <strong>Meghan Markle<\/strong>\u2014, se incorpora a la vida parisina como <strong data-end=\"874\" data-start=\"866\">Jake<\/strong>, un estadounidense que reside en la capital francesa. Poco m\u00e1s se ha desvelado sobre su trama, pero, al tratarse de un expatriado como Emily&#8230; \u00bfse convertir\u00e1 en un apoyo para ella o en un nuevo quebradero de cabeza para la protagonista?<\/p>\n<p> <img src=\"https:\/\/www.europesays.com\/es\/wp-content\/uploads\/2025\/08\/322ab5048565-gettyimages-2218764966.jpg\"   width=\"1024\" height=\"682\" loading=\"lazy\" decoding=\"async\" alt=\"Mich\u00e8le Laroque, se incorpora a la quinta temporada como Yvette una amiga de Sylvie\" fetchpriority=\"auto\" class=\"image ho-image\"\/>\u00a9 Getty Images<\/p>\n<p id=\"elHvnyuw9QW\" data-wc=\"105\">Tambi\u00e9n se une al elenco la veterana actriz francesa <strong data-end=\"1072\" data-start=\"1053\">Mich\u00e8le Laroque<\/strong>, de 65 a\u00f1os, nominada al C\u00e9sar por <strong>La Crise<\/strong><strong>\u00a0<\/strong>y con una larga trayectoria en cine y televisi\u00f3n con t\u00edtulos como<strong>\u00a0Luna de miel con mam\u00e1, Novia a medida, Jubilaci\u00f3n: Imposible<\/strong> o<strong>\u00a0Dios m\u00edo, \u00a1los ni\u00f1os han vuelto!.<\/strong> En la ficci\u00f3n dar\u00e1 vida a <strong data-end=\"1426\" data-start=\"1416\">Yvette<\/strong>, una antigua amiga de Sylvie. Si su personaje guarda alguna similitud con la directora de la Agence Grateau, lo desconocemos hasta el momento, pero s\u00ed tenemos claro que promete aportar estilo, presencia y ese humor sutil y sofisticado que tan bien encaja en la atm\u00f3sfera chic de la serie.\u00a0<\/p>\n<p> <img src=\"https:\/\/www.europesays.com\/es\/wp-content\/uploads\/2025\/08\/dc3854d49adc-gettyimages-2216355062.jpg\"   width=\"751\" height=\"1024\" loading=\"lazy\" decoding=\"async\" alt=\"Minnie Driver ser\u00e1 la princesa Jane, una amiga de Sylvie casada con un miembro de la familia real\" fetchpriority=\"auto\" class=\"image ho-image\"\/>\u00a9 Getty Images<\/p>\n<p id=\"eFtvO_nw7Pq\" data-wc=\"82\">Y si hablamos de elegancia y glamour \u2014dos ingredientes imprescindibles en cualquier temporada de la ficci\u00f3n creada por <strong>Darren Sta<\/strong><strong>r<\/strong>\u2014, esta entrega viene especialmente cargada. <strong data-end=\"1849\" data-start=\"1832\">Minnie Driver<\/strong>, actriz y cantante brit\u00e1nica, se suma al reparto como <strong data-end=\"1924\" data-start=\"1904\">la princesa Jane<\/strong>, una amiga de Sylvie que est\u00e1 casada con un miembro de la realeza. Driver ha trabajado en t\u00edtulos como <strong>C\u00edrculo de amigos<\/strong>, la versi\u00f3n de <strong>Cenicienta<\/strong> protagonizada por <strong>Camila Cabello<\/strong> o El <strong>indomable Will Hunting<\/strong>, pel\u00edcula por la que fue nominada al Oscar.<\/p>\n<p> <img src=\"https:\/\/www.europesays.com\/es\/wp-content\/uploads\/2025\/08\/f563e8ce78a8-its-why-im-in-rome-second-slide-depicts-moment-of-being-told-what-was-happenin.jpg\"   width=\"716\" height=\"1024\" loading=\"lazy\" decoding=\"async\" alt=\"Minnie Driver asegura que esta es la cara que puso cuando supo que formar\u00eda parte de 'Emily en Par\u00eds'\" fetchpriority=\"auto\" class=\"image ho-image\"\/>\u00a9 @driverminnie<\/p>\n<p id=\"eeZ6swqOLYP\" data-wc=\"109\">\u201cEse es el motivo por el que me encuentro en Roma\u201d, comenzaba explicando en su perfil la actriz de <strong>The Witcher: Origen de sangre<\/strong>, de 55 a\u00f1os, poco despu\u00e9s de que Netflix anunciara su incorporaci\u00f3n. \u201cEstoy m\u00e1s que emocionada de unirme a este elenco y programa sensacionales\u201d, escrib\u00eda, visiblemente ilusionada con este nuevo proyecto. Minnie tambi\u00e9n compart\u00eda un dato muy especial que la une con la protagonista: \u201c\u00bfSab\u00edas que conozco al dulce \u00e1ngel que es Lily Collins desde que ten\u00eda 11 a\u00f1os? Porque&#8230; su padre: Tarz\u00e1n (m\u00e1s o menos) y yo: Jane\u201d, explicaba, recordando as\u00ed su colaboraci\u00f3n con <strong>Phil Collins<\/strong> en la banda sonora de la pel\u00edcula de Disney.<\/p>\n<p id=\"eZuSouutJck\" data-wc=\"37\">\u201c\u00a1Y Roma! Mi adorada. Esta temporada es simplemente\u2026\u201d, as\u00ed finalizaba sus palabras junto a varios emojis que dejaban intuir lo que vendr\u00e1: una entrega m\u00e1gica, llena de energ\u00eda y romanticismo como el que desprende la capital italiana.<\/p>\n<p> <img src=\"https:\/\/www.europesays.com\/es\/wp-content\/uploads\/2025\/08\/bc9719b1daab-emily-netflix.jpg\"   width=\"1024\" height=\"576\" loading=\"lazy\" decoding=\"async\" alt=\"La quinta temporada de 'Emily en Par\u00eds' llegar\u00e1 durante 2025 pero a\u00fan sin fecha confirmada\" fetchpriority=\"auto\" class=\"image ho-image\"\/>\u00a9 Netflix<br \/>\n\u00a0\u00bfQu\u00e9 pasar\u00e1 en la quinta temporada?<\/p>\n<p id=\"e-MYqNPCXtC\" data-wc=\"80\">Aunque Netflix a\u00fan no ha anunciado la fecha de estreno de la nueva entrega y son pocos los datos que se conocen por el momento, el creador de la serie, <strong data-end=\"466\" data-start=\"451\">Darren Star<\/strong>, ha ofrecido algunas pistas sobre lo que veremos en los nuevos episodios. <strong data-end=\"678\" data-start=\"543\">\u201cDesde las azoteas parisinas hasta las ruinas romanas, estamos deseando compartir a d\u00f3nde nos lleva el pr\u00f3ximo cap\u00edtulo de Emily\u201d<\/strong>, explicaba el director a Tudum, dejando claro cu\u00e1les ser\u00e1n los dos escenarios donde transcurre la acci\u00f3n.<\/p>\n<p> <img src=\"https:\/\/www.europesays.com\/es\/wp-content\/uploads\/2025\/08\/3e550177aced-emilyinpariss3e1000175520rc.jpg\"   width=\"1024\" height=\"575\" loading=\"lazy\" decoding=\"async\" alt=\"Camille Razat rompe su silencio y dice adi\u00f3s a 'Emily in Paris'\" fetchpriority=\"auto\" class=\"image ho-image\"\/>\u00a9 Netflix<\/p>\n<p id=\"eyJXPHeGPFJ\" data-wc=\"105\">Emily regresa a ciudad ba\u00f1ada por el Sena acompa\u00f1ada por los habituales del reparto: Gabriel, Sylvie, Mindy, <strong>Luc (Bruno Gouery), Julien (Samuel Arnold), Antoine (William Abadie),<\/strong> Alfie, Marcello,<strong>\u00a0Genevieve (Thalia Besson), Nico (Paul Forman) y Laurent G (Arnaud Binard).<\/strong> Sin embargo, habr\u00e1 <a class=\"hm-link\" href=\"https:\/\/www.hola.com\/actualidad\/20250501828824\/emily-in-paris-camille-razat-rompe-su-silencio-y-dice-adios-a-la-serie\/\" data-mrf-recirculation=\"article-body-link\" rel=\"nofollow noopener\" target=\"_blank\">una notable ausencia: la de Camille\u00a0<\/a>(interpretada por <strong>Camille Razat<\/strong>), quien no volver\u00e1 tras cerrar su trama en la cuarta temporada. Star cree que su personaje \u00abllega a un final natural\u00bb, aunque no descarta su regreso m\u00e1s adelante. \u201cElla sigue siendo parte del mundo de\u00a0Emily en Paris, aunque no sabemos si la volveremos a ver pronto\u201d, aseguraba en una entrevista con Deadline. \u00a0<\/p>\n<p> <img src=\"https:\/\/www.europesays.com\/es\/wp-content\/uploads\/2025\/08\/4bd670de5b1f-snapinstaapp44788349011327507977763919066369857322310334n1080.jpg\"   width=\"1024\" height=\"683\" loading=\"lazy\" decoding=\"async\" alt=\"Escena de Emily y Gabriel en 'Emily en Par\u00eds'\" fetchpriority=\"auto\" class=\"image ho-image\"\/>\u00a9 @emilyinparis<\/p>\n<p id=\"emANgUBgOP\" data-wc=\"52\">A pesar de los rumores sobre una posible marcha de Lucas Bravo por no estar de acuerdo con el rumbo que estaba tomando su personaje en la ficci\u00f3n, el director ha disipado dudas sobre su regreso como Gabriel: \u201cCreo que fue m\u00e1s bien un malentendido. Nunca tuvo la intenci\u00f3n de no volver\u201d.<\/p>\n<p> <img src=\"https:\/\/www.europesays.com\/es\/wp-content\/uploads\/2025\/08\/a031bb924a5b-emilyinparisns4e900251619r.jpg\"   width=\"1024\" height=\"682\" loading=\"lazy\" decoding=\"async\" alt=\"Marcello ha sabido conquistar el coraz\u00f3n de Emlily\" fetchpriority=\"auto\" class=\"image ho-image\"\/>\u00a9 Netflix<\/p>\n<p> <img src=\"https:\/\/www.europesays.com\/es\/wp-content\/uploads\/2025\/08\/70a9652a8d52-eip405unit01137rjpgeip405unit01137r.jpg\"   width=\"1024\" height=\"683\" loading=\"lazy\" decoding=\"async\" alt=\"Media Image\" fetchpriority=\"auto\" class=\"image ho-image\"\/>\u00a9 Netflix<\/p>\n<p id=\"e6fhQbmvVT\" data-wc=\"76\">En cuanto a la turbulenta vida amorosa de Emily, que cuenta con tres pretendientes: Marcello, Alfie y Gabriel, no faltar\u00e1n giros \u201cSu vida sentimental siempre es complicada\u201d, confesaba Star, anticipando \u201cdesarrollos interesantes y sorprendentes\u201d. El creador tambi\u00e9n se muestra muy satisfecho por la vuelta de Lucien Laviscount a tiempo completo: \u00abEst\u00e1 b\u00e1sicamente en todos los episodios de esta temporada. Es fant\u00e1stico y estoy muy feliz de verlo de vuelta este a\u00f1o de una manera m\u00e1s significativa\u00bb.<\/p>\n<p> <img src=\"https:\/\/www.europesays.com\/es\/wp-content\/uploads\/2025\/08\/860fd023a680-eip301unit00081r.jpg\"   width=\"1024\" height=\"682\" loading=\"lazy\" decoding=\"async\" alt=\"Alfie regresa a tiempo completo a la serie en a cuarta temporada\" fetchpriority=\"auto\" class=\"image ho-image\"\/>\u00a9 Netflix<\/p>\n<p id=\"e0pKwP2GlQo\" data-wc=\"88\">Adem\u00e1s, el showrunner ha insinuado que algunas tramas abiertas en temporadas anteriores podr\u00edan reaparecer. \u201cHay historias que dejamos en pausa y que podr\u00edan volver de formas inesperadas\u201d, comentaba, sin entrar en m\u00e1s detalles. Lo que s\u00ed ha dejado claro es que esta nueva entrega mantendr\u00e1 el tono ligero y visualmente atractivo que caracteriza a la serie, pero tambi\u00e9n incorporar\u00e1 una dimensi\u00f3n emocional m\u00e1s marcada. \u201cEs una temporada realmente fant\u00e1stica\u201d, resum\u00eda Star, que promete un equilibrio entre el humor, el drama rom\u00e1ntico y el crecimiento personal de los personajes. \u00a0<\/p>\n","protected":false},"excerpt":{"rendered":"Tras un arranque de rodaje en mayo en Roma, donde Emily, el ic\u00f3nico personaje interpretado por Lily Collins,&hellip;\n","protected":false},"author":2,"featured_media":57466,"comment_status":"","ping_status":"","sticky":false,"template":"","format":"standard","meta":{"footnotes":""},"categories":[171],"tags":[517,7065,23114,146,147,25,24,152,23,807,214],"class_list":{"0":"post-57465","1":"post","2":"type-post","3":"status-publish","4":"format-standard","5":"has-post-thumbnail","7":"category-tv","8":"tag-actualidad","9":"tag-el-buscador-de-series","10":"tag-emily-in-paris","11":"tag-entertainment","12":"tag-entretenimiento","13":"tag-es","14":"tag-espana","15":"tag-netflix","16":"tag-spain","17":"tag-television","18":"tag-tv"},"share_on_mastodon":{"url":"","error":""},"_links":{"self":[{"href":"https:\/\/www.europesays.com\/es\/wp-json\/wp\/v2\/posts\/57465","targetHints":{"allow":["GET"]}}],"collection":[{"href":"https:\/\/www.europesays.com\/es\/wp-json\/wp\/v2\/posts"}],"about":[{"href":"https:\/\/www.europesays.com\/es\/wp-json\/wp\/v2\/types\/post"}],"author":[{"embeddable":true,"href":"https:\/\/www.europesays.com\/es\/wp-json\/wp\/v2\/users\/2"}],"replies":[{"embeddable":true,"href":"https:\/\/www.europesays.com\/es\/wp-json\/wp\/v2\/comments?post=57465"}],"version-history":[{"count":0,"href":"https:\/\/www.europesays.com\/es\/wp-json\/wp\/v2\/posts\/57465\/revisions"}],"wp:featuredmedia":[{"embeddable":true,"href":"https:\/\/www.europesays.com\/es\/wp-json\/wp\/v2\/media\/57466"}],"wp:attachment":[{"href":"https:\/\/www.europesays.com\/es\/wp-json\/wp\/v2\/media?parent=57465"}],"wp:term":[{"taxonomy":"category","embeddable":true,"href":"https:\/\/www.europesays.com\/es\/wp-json\/wp\/v2\/categories?post=57465"},{"taxonomy":"post_tag","embeddable":true,"href":"https:\/\/www.europesays.com\/es\/wp-json\/wp\/v2\/tags?post=57465"}],"curies":[{"name":"wp","href":"https:\/\/api.w.org\/{rel}","templated":true}]}}