{"id":574770,"date":"2026-05-28T06:18:12","date_gmt":"2026-05-28T06:18:12","guid":{"rendered":"https:\/\/www.europesays.com\/es\/574770\/"},"modified":"2026-05-28T06:18:12","modified_gmt":"2026-05-28T06:18:12","slug":"un-mural-que-refleja-la-identidad-del-barrio-de-san-juanillo","status":"publish","type":"post","link":"https:\/\/www.europesays.com\/es\/574770\/","title":{"rendered":"Un mural que refleja la identidad del barrio de San Juanillo"},"content":{"rendered":"<p style=\"\">El barrio de San Juanillo cuenta desde este martes con un nuevo s\u00edmbolo de identidad. El mural realizado en el CEAS Jes\u00fas Paredes ha sido  &#8230; inaugurado tras varias semanas de trabajo en las que cerca de 40 alumnos de los talleres de pintura de los centros sociales de San Juanillo y Pan y Guindas han dado forma a una obra colectiva cargada de referencias al barrio y a su historia.<\/p>\n<p class=\"v-d-p\" style=\"\">El proyecto comenz\u00f3 despu\u00e9s de Semana Santa y se ha desarrollado a lo largo de aproximadamente un mes y medio, con jornadas de trabajo de entre cuatro y cinco horas semanales. Los participantes han trabajado con pintura especial para pared exterior y bajo la direcci\u00f3n de Guillermo \u00c1lvarez Ibarra, profesor de los cursos de pintura de ambos centros sociales.<\/p>\n<p class=\"v-d-p\" style=\"\">La inauguraci\u00f3n cont\u00f3 con la presencia de la alcaldesa de <a href=\"https:\/\/www.elnortedecastilla.es\/palencia\/\" target=\"_self\" data-voc-vtm-id=\"in-text-traffic\" title=\"Palencia\" data-mrf-link=\"www.elnortedecastilla.es\" rel=\"nofollow noopener\">Palencia<\/a>, Miriam Andr\u00e9s, del propio Guillermo \u00c1lvarez y de Mario Mart\u00ednez, presidente de la Asociaci\u00f3n de Vecinos de San Juanillo, adem\u00e1s de alumnos, responsables de los CEAS y representantes municipales.<\/p>\n<p class=\"v-d-p\" style=\"\">Durante su intervenci\u00f3n, Miriam Andr\u00e9s agradeci\u00f3 el trabajo desarrollado por el profesor y por todos los participantes, destacando el car\u00e1cter representativo del mural. La regidora subray\u00f3 adem\u00e1s la importancia de las actividades que se desarrollan en los centros sociales y el papel de los alumnos para dar vida a estos espacios de convivencia.<\/p>\n<p class=\"v-d-p\" style=\"\">La alcaldesa tambi\u00e9n puso en valor el componente humano y comunitario del proyecto. \u00abSin alumnos, sin gente que est\u00e9 dispuesta a participar en las actividades, las actividades y los espacios no sirven de nada\u00bb, afirm\u00f3 antes de felicitar a los participantes por el resultado art\u00edstico conseguido. Adem\u00e1s, el Ayuntamiento entreg\u00f3 un peque\u00f1o recuerdo a todos los integrantes del proyecto para reconocer su participaci\u00f3n en la iniciativa.<\/p>\n<p class=\"v-d-p\" style=\"\">Por su parte, Guillermo \u00c1lvarez explic\u00f3 algunas de las claves de la composici\u00f3n y quiso agradecer especialmente el esfuerzo de los alumnos durante todo el proceso creativo. \u00abHan estado trabajando un mont\u00f3n de d\u00edas sin las mejores condiciones clim\u00e1ticas\u00bb, record\u00f3 el profesor, quien destac\u00f3 la buena coordinaci\u00f3n del grupo y el resultado final obtenido.<\/p>\n<p class=\"v-d-p\" style=\"\">El mural recoge algunos de los elementos m\u00e1s caracter\u00edsticos de San Juanillo, como la iglesia, la plaza de toros, las v\u00edas del tren o la hoguera de San Juan. \u00abHemos apostado por elementos distintivos del barrio y otros s\u00edmbolos como el Cristo, que, pese a no ser del barrio, se puede disfrutar desde \u00e9l. La hoguera de San Juan es muy caracter\u00edstica del barrio y da vida con los tonos c\u00e1lidos\u00bb, explic\u00f3 \u00c1lvarez, quien reconoci\u00f3 que tambi\u00e9n surgieron peque\u00f1os debates durante el dise\u00f1o sobre qu\u00e9 elementos deb\u00edan aparecer representados.<\/p>\n<p class=\"v-d-p\" style=\"\">Las condiciones meteorol\u00f3gicas y las dificultades derivadas del uso del andamio fueron algunos de los principales obst\u00e1culos durante la realizaci\u00f3n de la obra. En varios momentos, la lluvia oblig\u00f3 a suspender las sesiones previstas y el propio andamio dificult\u00f3 el acceso a determinadas zonas del mural, especialmente aquellas que quedaban parcialmente cubiertas por la estructura.<\/p>\n<p class=\"v-d-p\" style=\"\">El presidente de la Asociaci\u00f3n de Vecinos de San Juanillo, Mario Mart\u00ednez, tambi\u00e9n quiso agradecer la implicaci\u00f3n de todos los participantes. \u00abHab\u00e9is representado muy bien esos elementos tan caracter\u00edsticos del barrio, de lo que es nuestra propia identidad\u00bb, destac\u00f3. Mart\u00ednez asegur\u00f3 adem\u00e1s que el mural contribuye a reforzar el sentimiento de comunidad dentro del barrio. \u00abDais vida, dais comunidad y eso es muy importante que lo mantengamos\u00bb, se\u00f1al\u00f3.<\/p>\n<p class=\"v-d-p\" style=\"\">La obra permanecer\u00e1 desde ahora como parte del paisaje habitual del CEAS Jes\u00fas Paredes y como reflejo del trabajo colaborativo desarrollado durante las \u00faltimas semanas por los alumnos de ambos centros sociales.<\/p>\n","protected":false},"excerpt":{"rendered":"El barrio de San Juanillo cuenta desde este martes con un nuevo s\u00edmbolo de identidad. El mural realizado&hellip;\n","protected":false},"author":2,"featured_media":574771,"comment_status":"","ping_status":"","sticky":false,"template":"","format":"standard","meta":{"footnotes":""},"categories":[173],"tags":[229,233,231,230,1626,232,234,146,147,25,24,6949,109837,15050,32281,2228,23],"class_list":["post-574770","post","type-post","status-publish","format-standard","has-post-thumbnail","category-arte-y-diseno","tag-arte","tag-arte-y-diseno","tag-arts","tag-arts-and-design","tag-barrio","tag-design","tag-diseno","tag-entertainment","tag-entretenimiento","tag-es","tag-espana","tag-identidad","tag-juanillo","tag-mural","tag-refleja","tag-san","tag-spain"],"share_on_mastodon":{"url":"https:\/\/pubeurope.com\/@es\/116650750950318957","error":""},"_links":{"self":[{"href":"https:\/\/www.europesays.com\/es\/wp-json\/wp\/v2\/posts\/574770","targetHints":{"allow":["GET"]}}],"collection":[{"href":"https:\/\/www.europesays.com\/es\/wp-json\/wp\/v2\/posts"}],"about":[{"href":"https:\/\/www.europesays.com\/es\/wp-json\/wp\/v2\/types\/post"}],"author":[{"embeddable":true,"href":"https:\/\/www.europesays.com\/es\/wp-json\/wp\/v2\/users\/2"}],"replies":[{"embeddable":true,"href":"https:\/\/www.europesays.com\/es\/wp-json\/wp\/v2\/comments?post=574770"}],"version-history":[{"count":0,"href":"https:\/\/www.europesays.com\/es\/wp-json\/wp\/v2\/posts\/574770\/revisions"}],"wp:featuredmedia":[{"embeddable":true,"href":"https:\/\/www.europesays.com\/es\/wp-json\/wp\/v2\/media\/574771"}],"wp:attachment":[{"href":"https:\/\/www.europesays.com\/es\/wp-json\/wp\/v2\/media?parent=574770"}],"wp:term":[{"taxonomy":"category","embeddable":true,"href":"https:\/\/www.europesays.com\/es\/wp-json\/wp\/v2\/categories?post=574770"},{"taxonomy":"post_tag","embeddable":true,"href":"https:\/\/www.europesays.com\/es\/wp-json\/wp\/v2\/tags?post=574770"}],"curies":[{"name":"wp","href":"https:\/\/api.w.org\/{rel}","templated":true}]}}