{"id":574933,"date":"2026-05-28T08:24:14","date_gmt":"2026-05-28T08:24:14","guid":{"rendered":"https:\/\/www.europesays.com\/es\/574933\/"},"modified":"2026-05-28T08:24:14","modified_gmt":"2026-05-28T08:24:14","slug":"trump-vuelve-a-atacar-iran-y-amenaza-con-volar-oman","status":"publish","type":"post","link":"https:\/\/www.europesays.com\/es\/574933\/","title":{"rendered":"Trump vuelve a atacar Ir\u00e1n y amenaza con \u00abvolar Om\u00e1n\u00bb"},"content":{"rendered":"<p class=\"article-text\">\n        La tregua cada vez es menos tregua, por mucho que la Administraci\u00f3n Trump haya asegurado ante el Capitolio que \u201csuspendi\u00f3\u201d la guerra en Ir\u00e1n el pasado 8 de abril, d\u00eda del arranque del fr\u00e1gil alto el fuego violado en diversas ocasiones desde entonces, sobre todo en los \u00faltimos d\u00edas con bombardeos de EEUU en el sur de Ir\u00e1n.\n    <\/p>\n<p class=\"article-text\">\n        En efecto, desde que Trump asegur\u00f3 el s\u00e1bado pasado que el acuerdo con Ir\u00e1n era \u201cinminente\u201d, no dejan de emitirse se\u00f1ales que lo desmienten, como los bombardeos estadounidenses de los \u00faltimos d\u00edas pero, tambi\u00e9n, la escalada b\u00e9lica de Israel en L\u00edbano, hasta el punto de declarar este mi\u00e9rcoles el sur del pa\u00eds \u201czona de combate\u201d.\n    <\/p>\n<p class=\"article-text\">\n        Kuwait, por su parte, ha informado haber sufrido un ataque con misiles y drones desde Ir\u00e1n, despu\u00e9s del ataque de Estados Unidos contra el pa\u00eds persa.\n    <\/p>\n<p class=\"article-text\">\n        La Guardia Revolucionaria ha declarado en un comunicado que ha respondido al ataque estadounidense contra una posici\u00f3n militar iran\u00ed cerca del aeropuerto de Bandar Abbas, atacando una base a\u00e9rea de EE UU en Kuwait: \u201cEsta respuesta constituye una seria advertencia para que el enemigo sepa que la agresi\u00f3n no quedar\u00e1 sin respuesta y que, de repetirse, nuestra reacci\u00f3n ser\u00e1 a\u00fan m\u00e1s contundente\u201d\n    <\/p>\n<p class=\"article-text\">\n        Trump ha afirmado este mi\u00e9rcoles, durante una reuni\u00f3n de su gabinete en la Casa Blanca, que Ir\u00e1n est\u00e1 \u201cnegociando con las reservas agotadas\u201d, el mismo d\u00eda en que el Mando Comando Central de EEUU ha derribado cuatro drones iran\u00edes en las inmediaciones del estrecho de Ormuz y ha atacado una estaci\u00f3n de control terrestre iran\u00ed en Bandar Abbas (ciudad iran\u00ed cerca del estrecho de Ormuz) que estaba a punto de lanzar un quinto dron, seg\u00fan el Ej\u00e9rcito de EEUU, informa AP.\n    <\/p>\n<p class=\"article-text\">\n        En este contexto, el presidente de EEUU ha amenazado con \u201cvolar Om\u00e1n\u201d si no se \u201ccomporta\u201d en relaci\u00f3n con las ambiciones del pa\u00eds sobre el estrecho de Ormuz.\n    <\/p>\n<p class=\"article-text\">\n        Los ataques han llegado despu\u00e9s de que Trump expresara su confianza en que su Administraci\u00f3n estaba logrando avances para resolver la guerra, a pesar de que las conversaciones siguen siendo muy inciertas y cambiantes.\n    <\/p>\n<p class=\"article-text\">\n        Trump busca desesperadamente un acuerdo que permita reabrir el estrecho de Ormuz y le proporcione un argumento cre\u00edble de que la capacidad nuclear de Ir\u00e1n ha sido mermada lo suficiente como para declarar la victoria, poniendo fin as\u00ed a un conflicto impopular para los republicanos.\n    <\/p>\n<p class=\"article-text\">\n        Sin embargo, Trump tambi\u00e9n corre el riesgo de que el cierre de esta guerra, que \u00e9l mismo eligi\u00f3 iniciar, conlleva un desenlace insatisfactorio. El acuerdo que est\u00e1 tomando forma pospone para m\u00e1s adelante la resoluci\u00f3n de muchas cuestiones cr\u00edticas y ya ha expuesto al presidente de EEUU a feroces cr\u00edticas, incluso por parte de algunos de sus propios partidarios, bajo el argumento de que la l\u00ednea dura en Ir\u00e1n saldr\u00e1 del conflicto maltrecho, pero envalentonada.\n    <\/p>\n<p class=\"article-text\">\n        Y todo ello a meses de las elecciones de mitad de mandato, de las que depende el control del Congreso que puede perder Trump, entre otras cosas por el aumento de los costes y de los precios de los combustibles, algo que el presidente de EEUU ahora quiere quitar importancia: \u201cPensaron que podr\u00edan ganarme por desgaste, pero a m\u00ed no me importan las elecciones de mitad de mandato.\n    <\/p>\n<p class=\"article-text\">\n        Seg\u00fan el presidente de EEUU, Ir\u00e1n \u201ctiene un gran deseo de llegar a un acuerdo, hasta ahora no lo han logrado. Nosotros no estamos satisfechos con la situaci\u00f3n, pero lo estaremos; o eso, o simplemente tendremos que terminar el trabajo\u201d.\n    <\/p>\n<p class=\"article-text\">\n        Los nuevos ataques de EEUU este mi\u00e9rcoles se producen despu\u00e9s de los realizados el lunes pasado contra emplazamientos de lanzamiento de misiles y embarcaciones minadoras en el sur de Ir\u00e1n.\n    <\/p>\n<p class=\"article-text\">\n        En virtud del posible acuerdo que se est\u00e1 negociando, Teher\u00e1n acceder\u00eda a desprenderse de su reserva de uranio altamente enriquecido \u2014una exigencia fundamental de Trump\u2014 a cambio del levantamiento de las sanciones. Seg\u00fan AP, la forma en que Ir\u00e1n se desprender\u00eda del uranio ser\u00eda objeto de conversaciones adicionales durante un plazo de 60 d\u00edas, y que estaba sobre la mesa la idea de que una parte fuera transferida a un tercer pa\u00eds.\n    <\/p>\n<p class=\"article-text\">\n        Sin embargo, Trump ha declarado este mi\u00e9rcoles que no se \u201csentir\u00eda c\u00f3modo\u201d con que fuera Rusia o China quienes se hicieran cargo de las reservas de uranio altamente enriquecido de Ir\u00e1n. Ambos pa\u00edses mantienen las relaciones m\u00e1s estrechas con Teher\u00e1n.\n    <\/p>\n<p class=\"article-text\">\n        Ir\u00e1n posee 440,9 kilogramos de uranio enriquecido hasta un 60% de pureza, lo que supone un paso para alcanzar los niveles de grado armament\u00edstico del 90%, seg\u00fan el Organismo Internacional de Energ\u00eda At\u00f3mica. Ir\u00e1n no se ha comprometido p\u00fablicamente a renunciar a su uranio.\n    <\/p>\n<p>    Ofensiva de Israel en L\u00edbano<\/p>\n<p class=\"article-text\">\n        Ir\u00e1n ha insistido en que L\u00edbano debe quedar incluido en cualquier acuerdo de alto el fuego que se negocie con Estados Unidos, pero mientras tanto Israel ha declarado este mi\u00e9rcoles el sur del pa\u00eds \u201czona de combate\u201d.\n    <\/p>\n<p class=\"article-text\">\n        El ej\u00e9rcito israel\u00ed y Hezbol\u00e1 siguen los combates en el sur de L\u00edbano, mientras las tropas israel\u00edes avanzan hacia el norte.\n    <\/p>\n<p>    <a href=\"https:\/\/www.eldiario.es\/internacional\/trump-vincula-ahora-paz-iran-polemicos-acuerdos-abraham_1_13255150.html\" data-mrf-recirculation=\"saber-mas-abajo\" data-dl-event=\"saber-mas-abajo\" rel=\"nofollow noopener\" target=\"_blank\"><\/p>\n<p class=\"know-more__title\">Por qu\u00e9 Trump vincula ahora la paz con Ir\u00e1n con los pol\u00e9micos Acuerdos de Abraham\n<\/p>\n<p>            <img decoding=\"async\" class=\"lazy\" loading=\"lazy\" data-src=\"https:\/\/static.eldiario.es\/clip\/09bcb3fe-11f7-49c2-9480-75247f84b3af_16-9-aspect-ratio_default_0.jpg\" src=\"data:image\/svg+xml,%3Csvg xmlns=\" http:=\"\" viewbox=\"0 0 880 495\" alt=\"Por qu\u00e9 Trump vincula ahora la paz con Ir\u00e1n con los pol\u00e9micos Acuerdos de Abraham\"\/><\/p>\n<p>                        <\/a><\/p>\n<p class=\"article-text\">\n        Por el camino, Trump est\u00e1 vinculando los Acuerdos de Abraham con el pacto con Ir\u00e1n. As\u00ed, este mi\u00e9rcoles ha vuelto a exigir el acuerdo incluya el requisito de que varios pa\u00edses adicionales \u2014entre ellos Kuwait, Arabia Saud\u00ed, Qatar y Pakist\u00e1n\u2014 se adhieran a los Acuerdos de Abraham para normalizar las relaciones diplom\u00e1ticas y econ\u00f3micas con Israel. \u201cEstamos, ya saben, solicitando encarecidamente que se unan\u201d, ha afirmado Trump.\n    <\/p>\n","protected":false},"excerpt":{"rendered":"La tregua cada vez es menos tregua, por mucho que la Administraci\u00f3n Trump haya asegurado ante el Capitolio&hellip;\n","protected":false},"author":2,"featured_media":574934,"comment_status":"","ping_status":"","sticky":false,"template":"","format":"standard","meta":{"footnotes":""},"categories":[42],"tags":[14603,4213,5668,17,18,10378,13,14,11,61,62,63,64,3137,74,19,20,13831,22027,9,10,15,16,524,58540,23711,12,936,21,22,12587,65,66,67],"class_list":["post-574933","post","type-post","status-publish","format-standard","has-post-thumbnail","category-internacional","tag-acelera","tag-amenaza","tag-ataca","tag-breaking-news","tag-breakingnews","tag-e","tag-featured-news","tag-featurednews","tag-headlines","tag-internacional","tag-international","tag-international-news","tag-internationalnews","tag-iran","tag-israel","tag-latest-news","tag-latestnews","tag-libano","tag-negociaciones","tag-news","tag-noticias","tag-noticias-destacadas","tag-noticiasdestacadas","tag-nuevo","tag-oman","tag-plenas","tag-titulares","tag-trump","tag-ultimas-noticias","tag-ultimasnoticias","tag-volar","tag-world","tag-world-news","tag-worldnews"],"share_on_mastodon":{"url":"https:\/\/pubeurope.com\/@es\/116651246737737588","error":""},"_links":{"self":[{"href":"https:\/\/www.europesays.com\/es\/wp-json\/wp\/v2\/posts\/574933","targetHints":{"allow":["GET"]}}],"collection":[{"href":"https:\/\/www.europesays.com\/es\/wp-json\/wp\/v2\/posts"}],"about":[{"href":"https:\/\/www.europesays.com\/es\/wp-json\/wp\/v2\/types\/post"}],"author":[{"embeddable":true,"href":"https:\/\/www.europesays.com\/es\/wp-json\/wp\/v2\/users\/2"}],"replies":[{"embeddable":true,"href":"https:\/\/www.europesays.com\/es\/wp-json\/wp\/v2\/comments?post=574933"}],"version-history":[{"count":0,"href":"https:\/\/www.europesays.com\/es\/wp-json\/wp\/v2\/posts\/574933\/revisions"}],"wp:featuredmedia":[{"embeddable":true,"href":"https:\/\/www.europesays.com\/es\/wp-json\/wp\/v2\/media\/574934"}],"wp:attachment":[{"href":"https:\/\/www.europesays.com\/es\/wp-json\/wp\/v2\/media?parent=574933"}],"wp:term":[{"taxonomy":"category","embeddable":true,"href":"https:\/\/www.europesays.com\/es\/wp-json\/wp\/v2\/categories?post=574933"},{"taxonomy":"post_tag","embeddable":true,"href":"https:\/\/www.europesays.com\/es\/wp-json\/wp\/v2\/tags?post=574933"}],"curies":[{"name":"wp","href":"https:\/\/api.w.org\/{rel}","templated":true}]}}