{"id":575249,"date":"2026-05-28T12:20:17","date_gmt":"2026-05-28T12:20:17","guid":{"rendered":"https:\/\/www.europesays.com\/es\/575249\/"},"modified":"2026-05-28T12:20:17","modified_gmt":"2026-05-28T12:20:17","slug":"todo-preparado-para-el-pregon-de-feria-de-jaime-otero","status":"publish","type":"post","link":"https:\/\/www.europesays.com\/es\/575249\/","title":{"rendered":"Todo preparado para el Preg\u00f3n de Feria de Jaime Otero"},"content":{"rendered":"<p>Alcal\u00e1 de Guada\u00edra vivir\u00e1 estos d\u00edas su \u00faltimo semana de Preferia. El Ayuntamiento lo tiene todo preparado para el arranque de la feria de la ciudad, del 4 al 7de junio, celebrando este viernes 29 de junio uno de los platos fuertes de la ambientaci\u00f3n: el Preg\u00f3n de Feria de la mano de Jaime Otero Guti\u00e9rrez. Ser\u00e1 a las 21.00 horas en la caseta municipal con entrada libre y gratuita.<\/p>\n<p><img decoding=\"async\" src=\"https:\/\/www.europesays.com\/es\/wp-content\/uploads\/2026\/05\/9599-pregon-archivo-2.jpg\"\/><\/p>\n<p>El pregonero es amante de las tradiciones y muy feriante, especialmente conocido en Alcal\u00e1 por su vinculaci\u00f3n con el mundo de las hermandades. Jaime Otero es miembro de distintas corporaciones de la Semana Santa alcalare\u00f1a y en la actualidad es hermano mayor de la Hermandad del Soberano Poder. Tiene una larga trayectoria como costalero y capataz, llevando en la actualidad el martillo del paso de misterio de la cofrad\u00eda de Pablo VI. Hizo el preg\u00f3n de la Semana Santa de 2015, el Preg\u00f3n del Costalero de la Hermandad de Jes\u00fas en 2014 y la Exaltaci\u00f3n Eucar\u00edstica de la Adoraci\u00f3n Nocturna en 2017, y entre las calles del Real es m\u00e1s que conocido. Otero desgranar\u00e1 los recuerdos y vivencias que, adem\u00e1s de otras\u00a0 tradiciones en las que siempre participa, se centran en el albero, las lonas, los cacharritos y los encuentros con familiares y amigos. Tras el preg\u00f3n, se podr\u00e1 disfrutar del concierto `Tributo al Lebrijano\u00b4 que pondr\u00e1 un broche de oro a una noche de tradiciones de la localidad.<\/p>\n<p><img decoding=\"async\" src=\"https:\/\/www.europesays.com\/es\/wp-content\/uploads\/2026\/05\/9599-pregonero-jaime-otero.jpg\"\/><\/p>\n<p>La delegada de Fiestas Mayores, Roc\u00edo Bastida, ha destacado \u201cla experiencia y entrega\u201d del pregonero asegurando que \u201ces un preg\u00f3n muy esperado porque Jaime Otero es muy querido adem\u00e1s en la ciudad\u201d. Por otro lado, ha agradecido el trabajo de caseteros, feriantes y personal municipal, tanto de Fiestas Mayores, como de H\u00e1bitat, Inspecci\u00f3n, Gobernaci\u00f3n, Tr\u00e1fico, Aira Gesti\u00f3n Ambiental, etc., como de las fuerzas de seguridad y salvamento por tenerlo todo preparado para que la ciudadan\u00eda disfrute en las mejores condiciones. \u201cEsta coordinaci\u00f3n en torno al Plan Albero ha demostrado su eficacia en la organizaci\u00f3n y gesti\u00f3n de esta fiesta multitudinaria\u201d- ha apostillado.<\/p>\n<p><img decoding=\"async\" src=\"https:\/\/www.europesays.com\/es\/wp-content\/uploads\/2026\/05\/9599-pregon-archivo.jpg\"\/><\/p>\n<p>Otro punto fuerte ser\u00e1 el domingo 31 de mayo. Se ha preparado la jornada `Alcal\u00e1 canta por Sevillanas\u00b4 para cerrar los conciertos de Preferia que comenzaron con Mar\u00eda Toledo hace unas semanas y al que siguieron el Concierto Joven \u2018Pisando Albero\u2019 con Alba Dreid y Party Revive, y Pastora Soler y D\u2019Dulce en \u2018Aires de Feria\u2019 el pasado fin de semana.\u00a0<\/p>\n<p>Ser\u00e1 en la caseta municipal a partir de las 13.00 horas con un homenaje al hist\u00f3rico grupo alcalare\u00f1o Retama por su 50 aniversario. \u00c9stos deleitar\u00e1n a los asistentes con una actuaci\u00f3n especial. Durante las actuaciones se celebrar\u00e1 tambi\u00e9n la final del segundo Concurso Nacional de Sevillanas.<\/p>\n<p><img decoding=\"async\" src=\"https:\/\/www.europesays.com\/es\/wp-content\/uploads\/2026\/05\/9599-conciertos-de-pre-feria-2026.jpg\"\/><\/p>\n<p>Igualmente, este domingo la ciudadan\u00eda podr\u00e1 disfrutar del conocido artista Paco Candela (aprox. a las 16:30 horas), l\u00edder indiscutible de las sevillanas en la actualidad con seguidores de todas las edades, y por ello se trata de un concierto que ha despertado gran inter\u00e9s entre la poblaci\u00f3n. Todas estas citas de la caseta municipal tienen acceso libre y gratuito hasta completar aforo.\u00a0<\/p>\n<p>La M\u00fasica volver\u00e1 a este escenario a partir del Mi\u00e9rcoles del Pesca\u00edto con actuaciones que se centran en las tradiciones de la ciudad, el flamenco, el carnaval o el humor. Entre ellos Manuel de Angustias, La H\u00fangara, \u2018Jerez en estado puro\u2019, Juanlu Montoya y la Chirigota del Bizcocho \u2018Ssssshhh\u2019, junto a artistas y grupos locales como \u2018Pasi\u00f3n Andaluza\u2019 del m\u00fasico y director Jos\u00e9 Miguel \u00c1lvarez, el humor de Jorge \u2018El Perrichi\u2019 y de Jes\u00fas Pi\u00f1a, de los grupos D\u2019Dulce, RQR y Retama, o de las academias de las Hermanas Villa\u00fa y Conchi \u00c1vila, entre otras intervenciones.\u00a0\u00a0<\/p>\n<p><img decoding=\"async\" src=\"https:\/\/www.europesays.com\/es\/wp-content\/uploads\/2026\/05\/9599-cartel-actuciones-caseta-municipal-feria-alcala-2026.jpg\"\/><\/p>\n<p>Los d\u00edas y horarios de las actuaciones est\u00e1n disponibles para la ciudadan\u00eda en la web municipal www.alcaladeguadaira.org:<\/p>\n<p><a href=\"https:\/\/www.alcaladeguadaira.es\/noticias\/9590\/manuel-de-angustias-la-hungara-juanlu-montoya-y-la-chirigota-del-bizcocho-entre-las-actuaciones-de-la-caseta-municipal\" rel=\"nofollow noopener\" target=\"_blank\">Manuel de Angustias, La H\u00fangara, Juanlu Montoya y la Chirigota del Bizcocho, entre las actuaciones de la caseta municipal<\/a><\/p>\n","protected":false},"excerpt":{"rendered":"Alcal\u00e1 de Guada\u00edra vivir\u00e1 estos d\u00edas su \u00faltimo semana de Preferia. El Ayuntamiento lo tiene todo preparado para&hellip;\n","protected":false},"author":2,"featured_media":575250,"comment_status":"","ping_status":"","sticky":false,"template":"","format":"standard","meta":{"footnotes":""},"categories":[8],"tags":[24471,24470,24478,24469,1250,17,18,777,209,24474,168,24489,2026,24491,24480,25,24,13,14,24488,24487,24490,24492,24473,11,2178,3624,15235,891,6850,19,20,6688,24483,24054,24497,4044,24493,9,10,15,16,24477,24482,24415,24472,12365,24496,1922,24485,24481,24479,24475,24484,19497,24486,1171,23,24494,12,24476,4664,21,22,24495],"class_list":["post-575249","post","type-post","status-publish","format-standard","has-post-thumbnail","category-espana","tag-accesibilidad","tag-administracion-electronica","tag-agenda-de-actividades","tag-alcala-de-guadaira","tag-ayuntamiento","tag-breaking-news","tag-breakingnews","tag-ciudad","tag-cultura","tag-datos-abiertos","tag-deportes","tag-desarrollo-economico","tag-educacion","tag-edusi","tag-equipamientos","tag-es","tag-espana","tag-featured-news","tag-featurednews","tag-feria-de-alcala","tag-fiestas-mayores","tag-formacion-y-empleo","tag-gestion-tributaria","tag-gobierno-abierto","tag-headlines","tag-igualdad","tag-infancia","tag-infraestructura","tag-inmigrantes","tag-juventud","tag-latest-news","tag-latestnews","tag-medio-ambiente","tag-molinos","tag-movilidad-urbana","tag-movilidad-y-transporte","tag-mujeres","tag-museo-de-alcala","tag-news","tag-noticias","tag-noticias-destacadas","tag-noticiasdestacadas","tag-oferta-de-empleo","tag-oromana","tag-participacion-ciudadana","tag-personas-con-discapacidad","tag-personas-mayores","tag-punto-limpio","tag-redes-sociales","tag-secretaria","tag-sede-electronica","tag-servicio-de-quejas-y-sugerencias","tag-servicios-destacados","tag-servicios-municipales","tag-servicios-sociales","tag-servicios-urbanos","tag-sevilla","tag-spain","tag-teatro-auditorio-riberas-del-guadaira","tag-titulares","tag-tramites-y-servicios","tag-turismo","tag-ultimas-noticias","tag-ultimasnoticias","tag-universidad-popular"],"share_on_mastodon":{"url":"","error":"Validation failed: Text character limit of 500 exceeded"},"_links":{"self":[{"href":"https:\/\/www.europesays.com\/es\/wp-json\/wp\/v2\/posts\/575249","targetHints":{"allow":["GET"]}}],"collection":[{"href":"https:\/\/www.europesays.com\/es\/wp-json\/wp\/v2\/posts"}],"about":[{"href":"https:\/\/www.europesays.com\/es\/wp-json\/wp\/v2\/types\/post"}],"author":[{"embeddable":true,"href":"https:\/\/www.europesays.com\/es\/wp-json\/wp\/v2\/users\/2"}],"replies":[{"embeddable":true,"href":"https:\/\/www.europesays.com\/es\/wp-json\/wp\/v2\/comments?post=575249"}],"version-history":[{"count":0,"href":"https:\/\/www.europesays.com\/es\/wp-json\/wp\/v2\/posts\/575249\/revisions"}],"wp:featuredmedia":[{"embeddable":true,"href":"https:\/\/www.europesays.com\/es\/wp-json\/wp\/v2\/media\/575250"}],"wp:attachment":[{"href":"https:\/\/www.europesays.com\/es\/wp-json\/wp\/v2\/media?parent=575249"}],"wp:term":[{"taxonomy":"category","embeddable":true,"href":"https:\/\/www.europesays.com\/es\/wp-json\/wp\/v2\/categories?post=575249"},{"taxonomy":"post_tag","embeddable":true,"href":"https:\/\/www.europesays.com\/es\/wp-json\/wp\/v2\/tags?post=575249"}],"curies":[{"name":"wp","href":"https:\/\/api.w.org\/{rel}","templated":true}]}}