{"id":575362,"date":"2026-05-28T13:45:39","date_gmt":"2026-05-28T13:45:39","guid":{"rendered":"https:\/\/www.europesays.com\/es\/575362\/"},"modified":"2026-05-28T13:45:39","modified_gmt":"2026-05-28T13:45:39","slug":"por-que-paul-mccartney-tiene-reparos-en-acercarse-a-bob-dylan","status":"publish","type":"post","link":"https:\/\/www.europesays.com\/es\/575362\/","title":{"rendered":"Por qu\u00e9 Paul McCartney tiene \u201creparos\u201d en acercarse a Bob Dylan"},"content":{"rendered":"<p class=\"article-body__paragraph\">Siempre cuidadoso en sus comentarios, <a href=\"https:\/\/www.latercera.com\/etiqueta\/paul-mccartney\/\" target=\"_self\" rel=\"nofollow noopener\" title=\"https:\/\/www.latercera.com\/etiqueta\/paul-mccartney\/\"><b>Paul McCartney<\/b><\/a><b> se explay\u00f3 sobre su v\u00ednculo con <\/b><a href=\"https:\/\/www.latercera.com\/etiqueta\/bob-dylan\/\" target=\"_self\" rel=\"nofollow noopener\" title=\"https:\/\/www.latercera.com\/etiqueta\/bob-dylan\/\"><b>Bob Dylan<\/b><\/a><b> <\/b>en una reciente entrevista. <\/p>\n<p class=\"article-body__paragraph\">El ex Beatle convers\u00f3 con BBC Radio 2, ocasi\u00f3n en que se le pidi\u00f3 que eligiera sus canciones favoritas y entre ellas figuraba Mr. Tambourine Man de Dylan. <\/p>\n<p class=\"article-body__paragraph\">Por ello, se le pidi\u00f3 profundizar sobre su v\u00ednculo con Dylan, a quien<a href=\"https:\/\/www.latercera.com\/culto\/2020\/05\/24\/risas-vino-y-marihuana-la-noche-en-que-bob-dylan-conocio-a-los-beatles\/\" target=\"_self\" rel=\"nofollow noopener\" title=\"https:\/\/www.latercera.com\/culto\/2020\/05\/24\/risas-vino-y-marihuana-la-noche-en-que-bob-dylan-conocio-a-los-beatles\/\"> conoci\u00f3 durante una de las giras de los Beatles<\/a>. <b>\u201cSoy fan, pero no lo conozco lo suficientemente bien.<\/b> <a href=\"https:\/\/www.latercera.com\/etiqueta\/george-harrison\/\" target=\"_self\" rel=\"nofollow noopener\" title=\"https:\/\/www.latercera.com\/etiqueta\/george-harrison\/\">George [Harrison]<\/a> lo conoc\u00eda muy bien porque estuvieron juntos en los Traveling Wilburys. Me da un poco de reparo acercarme a \u00e9l\u201d.<\/p>\n<p class=\"article-body__paragraph\">McCartney record\u00f3 la \u00faltima vez que se vieron. \u201cPara algunas personas es f\u00e1cil, uno piensa que podemos charlar sin problemas. La \u00faltima vez que vi a Bob fue hace unos a\u00f1os, est\u00e1bamos en Coachella y tocaron el Desert Trip, <b>as\u00ed que hab\u00eda muchos artistas cl\u00e1sicos: nosotros, los Stones, Bob, <\/b><a href=\"https:\/\/www.nme.com\/artists\/neil-young\" rel=\"nofollow noopener\" target=\"_blank\"><b>Neil Young<\/b><\/a><b>. Y una de nuestras chicas dijo: \u2018Bob Dylan quiere veros\u2019\u201d.<\/b><\/p>\n<p class=\"article-body__paragraph\">Ambas leyendas se encontraron a solas, en una carpa. <b>\u201cFui a verlo y pens\u00e9: \u2018\u00a1Guau!\u2019. \u00c9ramos solo \u00e9l y yo en esa enorme carpa tras bambalinas. <\/b>Fue muy halagador, lo cual es gracioso porque me dio un poco de verg\u00fcenza. Me dijo: \u2018Eres una estrella\u2019. Pens\u00e9: \u00bfqu\u00e9 se le puede decir a eso? \u2018Gracias, Bob, me encanta lo que haces\u2019\u201d.<\/p>\n<p class=\"article-body__paragraph\">Recientemente, McCartney cont\u00f3 que asisti\u00f3 a un show de Dylan, pero le sorprendi\u00f3 su habitual din\u00e1mica de reinterpretar su propio material. <b>\u201dSinceramente, no pude distinguir qu\u00e9 canci\u00f3n estaba interpretando\u00bb.<\/b><\/p>\n<p class=\"article-body__paragraph\"><b>Paul McCartney se alista para lanzar este viernes 29 de mayo su nuevo disco <\/b><b>The Boys of Dungeon Lane<\/b>, en que despliega una mirada nost\u00e1lgica sobre su infancia y adolescencia en Liverpool. Incluye una colaboraci\u00f3n con Ringo Starr.<\/p>\n","protected":false},"excerpt":{"rendered":"Siempre cuidadoso en sus comentarios, Paul McCartney se explay\u00f3 sobre su v\u00ednculo con Bob Dylan en una reciente&hellip;\n","protected":false},"author":2,"featured_media":575363,"comment_status":"","ping_status":"","sticky":false,"template":"","format":"standard","meta":{"footnotes":""},"categories":[170],"tags":[15349,146,147,25,24,14966,109995,184,185,2792,9030,23,104698],"class_list":["post-575362","post","type-post","status-publish","format-standard","has-post-thumbnail","category-musica","tag-bob-dylan","tag-entertainment","tag-entretenimiento","tag-es","tag-espana","tag-george-harrison","tag-mr-tambourine-man","tag-music","tag-musica","tag-musica-culto","tag-paul-mccartney","tag-spain","tag-the-boys-of-dungeon-lane"],"share_on_mastodon":{"url":"https:\/\/pubeurope.com\/@es\/116652509114078886","error":""},"_links":{"self":[{"href":"https:\/\/www.europesays.com\/es\/wp-json\/wp\/v2\/posts\/575362","targetHints":{"allow":["GET"]}}],"collection":[{"href":"https:\/\/www.europesays.com\/es\/wp-json\/wp\/v2\/posts"}],"about":[{"href":"https:\/\/www.europesays.com\/es\/wp-json\/wp\/v2\/types\/post"}],"author":[{"embeddable":true,"href":"https:\/\/www.europesays.com\/es\/wp-json\/wp\/v2\/users\/2"}],"replies":[{"embeddable":true,"href":"https:\/\/www.europesays.com\/es\/wp-json\/wp\/v2\/comments?post=575362"}],"version-history":[{"count":0,"href":"https:\/\/www.europesays.com\/es\/wp-json\/wp\/v2\/posts\/575362\/revisions"}],"wp:featuredmedia":[{"embeddable":true,"href":"https:\/\/www.europesays.com\/es\/wp-json\/wp\/v2\/media\/575363"}],"wp:attachment":[{"href":"https:\/\/www.europesays.com\/es\/wp-json\/wp\/v2\/media?parent=575362"}],"wp:term":[{"taxonomy":"category","embeddable":true,"href":"https:\/\/www.europesays.com\/es\/wp-json\/wp\/v2\/categories?post=575362"},{"taxonomy":"post_tag","embeddable":true,"href":"https:\/\/www.europesays.com\/es\/wp-json\/wp\/v2\/tags?post=575362"}],"curies":[{"name":"wp","href":"https:\/\/api.w.org\/{rel}","templated":true}]}}