{"id":57561,"date":"2025-08-19T09:14:06","date_gmt":"2025-08-19T09:14:06","guid":{"rendered":"https:\/\/www.europesays.com\/es\/57561\/"},"modified":"2025-08-19T09:14:06","modified_gmt":"2025-08-19T09:14:06","slug":"elegidos-los-6-alumnos-que-participaran-en-la-semifinal-del-ciclo-de-novilladas-de-canal-sur","status":"publish","type":"post","link":"https:\/\/www.europesays.com\/es\/57561\/","title":{"rendered":"Elegidos los 6 alumnos que participar\u00e1n en la Semifinal del Ciclo de Novilladas de Canal Sur"},"content":{"rendered":"<p><a class=\"gofollow\" data-track=\"MTM5OCwwLDEsNjA=\" href=\"https:\/\/cultura.dipucordoba.es\/jovenes-flamencos-2025\/\" target=\"_blank\" rel=\"nofollow noopener\"><img loading=\"lazy\" decoding=\"async\" src=\"https:\/\/www.europesays.com\/es\/wp-content\/uploads\/2025\/08\/jovenes-flamencos-diputacion.gif\" width=\"300\" height=\"475\"\/><\/a><\/p>\n<p>\u00a0<\/p>\n<p>El <strong>XXXI Ciclo de Novilladas sin Picadores en Clase Pr\u00e1ctica,<\/strong> que retransmite al completo Canal Sur, consta de 11 novilladas repartidas entre los meses de junio, julio, agosto y septiembre.<\/p>\n<p>Estos festejos de promoci\u00f3n de nuevos valores pertenecen al Proyecto de Fomento de la Cultura Taurina de Andaluc\u00eda 2025, impulsado por la Asociaci\u00f3n Andaluza de Escuelas Taurinas Pedro Romero.<\/p>\n<p><strong>Veinte han sido los novilleros<\/strong> que han formado parte de este festejo, entre ellos Jos\u00e9 Antonio de Gracia,\u00a0 de Pozoblanco.<\/p>\n<p>\u00a0<\/p>\n<p>El acta de los resultados para la Gran Semifinal es la siguiente:<\/p>\n<p>En\u00a0<strong>Jerez de la Frontera,<\/strong>\u00a0a 18 de agosto de2025, asisten a la reuni\u00f3n, miembros de la Permanente de la Junta Directiva: D.\u00a0<strong>Jos\u00e9 Luis Feria Fern\u00e1ndez<\/strong>\u00a0(Esc. La Gallosina), D.\u00a0<strong>Juan Carlos Landrove Gonz\u00e1lez<\/strong>\u00a0(Esc. La L\u00ednea), D.\u00a0<strong>Eduado Ord\u00f3\u00f1ez Acosta<\/strong>\u00a0y D.\u00a0<strong>Rafael Osorio Monterroso<\/strong>\u00a0(Esc. Ubrique) y telem\u00e1ticamente D.\u00a0<strong>Miguel Serrano Falc\u00f3n<\/strong>\u00a0(Esc. Sevilla) y D.\u00a0<strong>Emilio Trigo Naranjo<\/strong>\u00a0\u2013 Responsable prensa.<\/p>\n<p><strong>Temas a tratar:<\/strong><\/p>\n<p>1.- Volcar las puntuaciones de las actas del jurado \u00a0de las 2 semifinales del XXXI Ciclo de Novilladas s\/p en c\/p.<\/p>\n<p>Se vuelcan los resultados del jurado formado por D.\u00a0<strong>Jos\u00e9 Almenara,<\/strong>\u00a0D.\u00a0<strong>Jos\u00e9 S\u00e1nchez \u00a0<\/strong>y D\u00aa.\u00a0<strong>Elena Aguilar<\/strong>, \u00a0de las puntuaciones de las\u00a0<strong>2 semifinales<\/strong>\u00a0del presente ciclo que se celebraron el 10 \u00a0de agosto en\u00a0<strong>Almonaster La Real<\/strong>\u00a0y el 16 de agosto en\u00a0<strong>Cazalla de la Sierra<\/strong>, quedando los resultados:<\/p>\n<p><img loading=\"lazy\" decoding=\"async\" class=\"aligncenter size-full wp-image-85290\" src=\"https:\/\/www.europesays.com\/es\/wp-content\/uploads\/2025\/08\/resultados-novilladas-cs.jpg\" alt=\"\" width=\"600\" height=\"308\"  \/><\/p>\n<p>El novillero pozoalbense Jos\u00e9 Antonio de Gracia, con una puntuaci\u00f3n de 16, <strong>no ha conseguido<\/strong> pasar a la semifinal.<\/p>\n<p><strong>SUSCR\u00cdBETE A NUESTRO CANAL DE TELEVISI\u00d3N <\/strong><a href=\"https:\/\/www.youtube.com\/@elquincenaltv\" rel=\"nofollow noopener\" target=\"_blank\"><strong>AQU\u00cd<\/strong><\/a><\/p>\n<p><strong>Eventos destacados en Los Pedroches<\/strong><\/p>\n","protected":false},"excerpt":{"rendered":"\u00a0 El XXXI Ciclo de Novilladas sin Picadores en Clase Pr\u00e1ctica, que retransmite al completo Canal Sur, consta&hellip;\n","protected":false},"author":2,"featured_media":57562,"comment_status":"","ping_status":"","sticky":false,"template":"","format":"standard","meta":{"footnotes":""},"categories":[277],"tags":[373,4023,168,25,24,11161,1389,23,167,374,444],"class_list":{"0":"post-57561","1":"post","2":"type-post","3":"status-publish","4":"format-standard","5":"has-post-thumbnail","7":"category-toreo","8":"tag-bullfighting","9":"tag-concurso","10":"tag-deportes","11":"tag-es","12":"tag-espana","13":"tag-novillero","14":"tag-plaza-de-toros","15":"tag-spain","16":"tag-sports","17":"tag-toreo","18":"tag-toros"},"share_on_mastodon":{"url":"","error":""},"_links":{"self":[{"href":"https:\/\/www.europesays.com\/es\/wp-json\/wp\/v2\/posts\/57561","targetHints":{"allow":["GET"]}}],"collection":[{"href":"https:\/\/www.europesays.com\/es\/wp-json\/wp\/v2\/posts"}],"about":[{"href":"https:\/\/www.europesays.com\/es\/wp-json\/wp\/v2\/types\/post"}],"author":[{"embeddable":true,"href":"https:\/\/www.europesays.com\/es\/wp-json\/wp\/v2\/users\/2"}],"replies":[{"embeddable":true,"href":"https:\/\/www.europesays.com\/es\/wp-json\/wp\/v2\/comments?post=57561"}],"version-history":[{"count":0,"href":"https:\/\/www.europesays.com\/es\/wp-json\/wp\/v2\/posts\/57561\/revisions"}],"wp:featuredmedia":[{"embeddable":true,"href":"https:\/\/www.europesays.com\/es\/wp-json\/wp\/v2\/media\/57562"}],"wp:attachment":[{"href":"https:\/\/www.europesays.com\/es\/wp-json\/wp\/v2\/media?parent=57561"}],"wp:term":[{"taxonomy":"category","embeddable":true,"href":"https:\/\/www.europesays.com\/es\/wp-json\/wp\/v2\/categories?post=57561"},{"taxonomy":"post_tag","embeddable":true,"href":"https:\/\/www.europesays.com\/es\/wp-json\/wp\/v2\/tags?post=57561"}],"curies":[{"name":"wp","href":"https:\/\/api.w.org\/{rel}","templated":true}]}}