{"id":575704,"date":"2026-05-28T18:07:12","date_gmt":"2026-05-28T18:07:12","guid":{"rendered":"https:\/\/www.europesays.com\/es\/575704\/"},"modified":"2026-05-28T18:07:12","modified_gmt":"2026-05-28T18:07:12","slug":"el-barca-avanza-por-bernardo-silva","status":"publish","type":"post","link":"https:\/\/www.europesays.com\/es\/575704\/","title":{"rendered":"El Bar\u00e7a avanza por Bernardo Silva"},"content":{"rendered":"<p class=\"ft-text\">Bernardo Silva siempre ha sido un objetivo de mercado para el FC Barcelona. El internacional portugu\u00e9s ha gustado siempre mucho al presidente, Joan Laporta, y a la direcci\u00f3n deportiva del club. De hecho, su fichaje se contempl\u00f3 muy seriamente hace tres a\u00f1os, cuando Xavi Hern\u00e1ndez era el entrenador del conjunto azulgrana. Finalmente, Bernardo Silva acab\u00f3 renovando por el Manchester City por tres temporadas.<\/p>\n<p class=\"ft-text\">Tres a\u00f1os despu\u00e9s, la situaci\u00f3n ha cambiado. Con 31 a\u00f1os, el portugu\u00e9s ha decidido dejar la Premier League en busca de una nueva aventura. Es agente libre y busca equipo, con una clara prioridad. Aquello que no pudo lograr hace a\u00f1os, espera conseguirlo ahora: jugar en el Bar\u00e7a. El portugu\u00e9s es un enamorado del club y de la ciudad y una parte de su familia vive en Catalunya. Por todo ello, Jorge Mendes, su representante y uno de los agentes de cabecera de Laporta, ha ofrecido al jugador al Bar\u00e7a.<\/p>\n<p class=\"ft-text\">Y en el club azulgrana consideran muy seriamente la opci\u00f3n de que Bernardo Silva se vista de azulgrana. Consideran en el Bar\u00e7a que el portugu\u00e9s est\u00e1 en un buen estado de forma, como ha demostrado esta temporada en el Manchester City, siendo indiscutible para Pep Guardiola. Tambi\u00e9n que su llegada ser\u00eda importante para el vestuario por su liderazgo y que ser\u00eda un jugador muy aprovechable porque puede jugar en diversas posiciones. Podr\u00eda hacerlo en el centro del campo, pero tambi\u00e9n en la banda derecha del ataque dando descanso a Lamine Yamal.<\/p>\n<p class=\"ft-text\">Los contactos entre la direcci\u00f3n deportiva del Bar\u00e7a y Mendes avanzan, teniendo claro las dos partes que el sueldo del futbolista no ser\u00e1 un problema. Llega gratis y, aunque era elevado el que ten\u00eda en el Manchester City, es asumible para el club azulgrana. Incluso el jugador, que quiere jugar en la Liga s\u00ed o s\u00ed, est\u00e1 dispuesto a hacer un esfuerzo si es necesario.<\/p>\n<p class=\"ft-text\">Bernardo Silva espera al Bar\u00e7a aunque tiene tambi\u00e9n otra oferta de la Liga. Es precisamente del Atl\u00e9tico de Madrid, el club con el que el Bar\u00e7a va a discutir este verano por Juli\u00e1n \u00c1lvarez. Es un detalle a tener en cuenta. Tambi\u00e9n lo es que la llegada de Bernardo Silva descartar\u00eda totalmente que Rashford, que ha jugado esta temporada en el Spotify Camp Nou cedido por el Manchester United, siguiese en el Bar\u00e7a. Con la llegada del portugu\u00e9s y el fichaje ya confirmado de Anthony Gordon no habr\u00eda espacio en la plantilla para el extremo ingl\u00e9s.<\/p>\n","protected":false},"excerpt":{"rendered":"Bernardo Silva siempre ha sido un objetivo de mercado para el FC Barcelona. El internacional portugu\u00e9s ha gustado&hellip;\n","protected":false},"author":2,"featured_media":575705,"comment_status":"","ping_status":"","sticky":false,"template":"","format":"standard","meta":{"footnotes":""},"categories":[268],"tags":[8866,2296,6089,53709,168,25,24,280,282,2469,281,23,167],"class_list":["post-575704","post","type-post","status-publish","format-standard","has-post-thumbnail","category-futbol","tag-avanza","tag-barca","tag-bernardo","tag-bernardo-silva","tag-deportes","tag-es","tag-espana","tag-football","tag-futbol","tag-silva","tag-soccer","tag-spain","tag-sports"],"share_on_mastodon":{"url":"https:\/\/pubeurope.com\/@es\/116653539369085587","error":""},"_links":{"self":[{"href":"https:\/\/www.europesays.com\/es\/wp-json\/wp\/v2\/posts\/575704","targetHints":{"allow":["GET"]}}],"collection":[{"href":"https:\/\/www.europesays.com\/es\/wp-json\/wp\/v2\/posts"}],"about":[{"href":"https:\/\/www.europesays.com\/es\/wp-json\/wp\/v2\/types\/post"}],"author":[{"embeddable":true,"href":"https:\/\/www.europesays.com\/es\/wp-json\/wp\/v2\/users\/2"}],"replies":[{"embeddable":true,"href":"https:\/\/www.europesays.com\/es\/wp-json\/wp\/v2\/comments?post=575704"}],"version-history":[{"count":0,"href":"https:\/\/www.europesays.com\/es\/wp-json\/wp\/v2\/posts\/575704\/revisions"}],"wp:featuredmedia":[{"embeddable":true,"href":"https:\/\/www.europesays.com\/es\/wp-json\/wp\/v2\/media\/575705"}],"wp:attachment":[{"href":"https:\/\/www.europesays.com\/es\/wp-json\/wp\/v2\/media?parent=575704"}],"wp:term":[{"taxonomy":"category","embeddable":true,"href":"https:\/\/www.europesays.com\/es\/wp-json\/wp\/v2\/categories?post=575704"},{"taxonomy":"post_tag","embeddable":true,"href":"https:\/\/www.europesays.com\/es\/wp-json\/wp\/v2\/tags?post=575704"}],"curies":[{"name":"wp","href":"https:\/\/api.w.org\/{rel}","templated":true}]}}