{"id":575798,"date":"2026-05-28T19:16:15","date_gmt":"2026-05-28T19:16:15","guid":{"rendered":"https:\/\/www.europesays.com\/es\/575798\/"},"modified":"2026-05-28T19:16:15","modified_gmt":"2026-05-28T19:16:15","slug":"decision-tomada-con-inigo-martinez-sobre-su-futuro","status":"publish","type":"post","link":"https:\/\/www.europesays.com\/es\/575798\/","title":{"rendered":"Decisi\u00f3n tomada con I\u00f1igo Mart\u00ednez sobre su futuro"},"content":{"rendered":"<p class=\"ft-text\"><a class=\"ft-link ft-link--decoration\" href=\"https:\/\/www.sport.es\/es\/noticias\/barca\/salida-inigo-martinez-121080517\" rel=\"nofollow noopener\" target=\"_blank\">La etapa de I\u00f1igo Mart\u00ednez en el FC Barcelona termin\u00f3 el pasado verano con una salida que sorprendi\u00f3 a buena parte del barcelonismo.<\/a> Despu\u00e9s de dos temporadas en el conjunto azulgrana, <strong>el central vasco puso rumbo al Al-Nassr para iniciar una nueva y ex\u00f3tica aventura en Arabia Saud\u00ed.<\/strong> La operaci\u00f3n, adem\u00e1s de responder al deseo del futbolista de afrontar un \u00faltimo gran contrato, tambi\u00e9n <strong>alivi\u00f3 la delicada situaci\u00f3n salarial del Bar\u00e7a.<\/strong><\/p>\n<p class=\"ft-text\">El defensor de Ondarroa dej\u00f3 atr\u00e1s una campa\u00f1a sobresaliente en el equipo azulgrana, donde hab\u00eda conseguido convertirse en uno de los l\u00edderes de la zaga de Hansi Flick. <strong>Su experiencia y regularidad fueron claves en una temporada en la que el Bar\u00e7a conquist\u00f3 t\u00edtulos nacionales y en la que I\u00f1igo recuper\u00f3 su mejor nivel competitivo.<\/strong> Incluso dentro del vestuario cul\u00e9 era considerado una pieza fundamental tanto por su rendimiento como por su liderazgo.<\/p>\n<p><img decoding=\"async\" src=\"https:\/\/www.europesays.com\/es\/wp-content\/uploads\/2026\/04\/0c010d6d-ba58-4013-a769-e0415312ee8a_alta-libre-aspect-ratio_default_0.jpg\" width=\"1200\" height=\"675\" alt=\"I\u00f1igo Mart\u00ednez brilla en el Al Nasrr\" class=\"ft-helper-img-rd\" loading=\"lazy\" fetchpriority=\"auto\"\/><\/p>\n<p class=\"ft-helper-fontColor-quaternary ft-helper-fontSize-body-S ft-helper-spacer-t-xxs\">I\u00f1igo Mart\u00ednez brilla en el Al Nasrr  \/ &#8216;X&#8217;<\/p>\n<p class=\"ft-text\"><strong>Su aterrizaje en el Al-Nassr no tard\u00f3 en dar resultados.<\/strong> Desde su llegada al f\u00fatbol saud\u00ed, el central espa\u00f1ol se consolid\u00f3 como titular indiscutible en la defensa del conjunto de Riad y fue uno de los hombres de confianza del cuerpo t\u00e9cnico. E<strong>n su primera temporada disput\u00f3 43 partidos oficiales, marc\u00f3 cuatro goles y acumul\u00f3 3.717 minutos de juego, n\u00fameros que reflejan el peso que ha tenido dentro del equipo campe\u00f3n.<\/strong><\/p>\n<p class=\"ft-text\">Ahora, el futuro del internacional espa\u00f1ol ya ha quedado resuelto. Seg\u00fan inform\u00f3 &#8216;Al-Riyadiyah&#8217;, <strong>I\u00f1igo Mart\u00ednez seguir\u00e1 en el Al-Nassr despu\u00e9s de activar la cl\u00e1usula de extensi\u00f3n autom\u00e1tica incluida en su contrato.<\/strong> Los tr\u00e1mites oficiales quedar\u00e1n completados en los pr\u00f3ximos d\u00edas, aunque el acuerdo ya est\u00e1 cerrado entre ambas partes.<\/p>\n<p class=\"ft-text\">La citada informaci\u00f3n explica que la cl\u00e1usula estaba vinculada al porcentaje de participaci\u00f3n del jugador en la Saudi Pro League, adem\u00e1s del deseo expreso del futbolista de continuar en el club.<strong> El actual contrato del central expiraba el 30 de junio de 2026, pero inclu\u00eda la posibilidad de ampliar autom\u00e1ticamente el v\u00ednculo una temporada m\u00e1s hasta 2027 si se cumpl\u00edan las condiciones pactadas.<\/strong><\/p>\n<p class=\"ft-text\"><a class=\"ft-link ft-link--decoration\" href=\"https:\/\/www.sport.es\/es\/noticias\/futbol-internacional\/sintonia-inigo-martinez-nassr-futuro-129378799\" rel=\"nofollow noopener\" target=\"_blank\">En el Al-Nassr consideran a I\u00f1igo una pieza estrat\u00e9gica dentro del proyecto.<\/a> El club saud\u00ed contin\u00faa asegurando la continuidad de varios referentes de su plantilla, con futbolistas como <strong>Cristiano Ronaldo, Sadio Man\u00e9 o Jo\u00e3o F\u00e9lix<\/strong> todav\u00eda bajo contrato en los pr\u00f3ximos a\u00f1os, mientras otros jugadores importantes como <strong>Marcelo Brozovic,<\/strong> que acaba contrato este verano,<strong> <\/strong>afrontan un escenario contractual diferente de cara al pr\u00f3ximo mercado.<\/p>\n","protected":false},"excerpt":{"rendered":"La etapa de I\u00f1igo Mart\u00ednez en el FC Barcelona termin\u00f3 el pasado verano con una salida que sorprendi\u00f3&hellip;\n","protected":false},"author":2,"featured_media":575799,"comment_status":"","ping_status":"","sticky":false,"template":"","format":"standard","meta":{"footnotes":""},"categories":[268],"tags":[2347,168,25,24,280,282,2848,5178,16773,825,281,23,167,24863],"class_list":["post-575798","post","type-post","status-publish","format-standard","has-post-thumbnail","category-futbol","tag-decision","tag-deportes","tag-es","tag-espana","tag-football","tag-futbol","tag-futuro","tag-inigo","tag-inigo-martinez","tag-martinez","tag-soccer","tag-spain","tag-sports","tag-tomada"],"share_on_mastodon":{"url":"https:\/\/pubeurope.com\/@es\/116653811215069899","error":""},"_links":{"self":[{"href":"https:\/\/www.europesays.com\/es\/wp-json\/wp\/v2\/posts\/575798","targetHints":{"allow":["GET"]}}],"collection":[{"href":"https:\/\/www.europesays.com\/es\/wp-json\/wp\/v2\/posts"}],"about":[{"href":"https:\/\/www.europesays.com\/es\/wp-json\/wp\/v2\/types\/post"}],"author":[{"embeddable":true,"href":"https:\/\/www.europesays.com\/es\/wp-json\/wp\/v2\/users\/2"}],"replies":[{"embeddable":true,"href":"https:\/\/www.europesays.com\/es\/wp-json\/wp\/v2\/comments?post=575798"}],"version-history":[{"count":0,"href":"https:\/\/www.europesays.com\/es\/wp-json\/wp\/v2\/posts\/575798\/revisions"}],"wp:featuredmedia":[{"embeddable":true,"href":"https:\/\/www.europesays.com\/es\/wp-json\/wp\/v2\/media\/575799"}],"wp:attachment":[{"href":"https:\/\/www.europesays.com\/es\/wp-json\/wp\/v2\/media?parent=575798"}],"wp:term":[{"taxonomy":"category","embeddable":true,"href":"https:\/\/www.europesays.com\/es\/wp-json\/wp\/v2\/categories?post=575798"},{"taxonomy":"post_tag","embeddable":true,"href":"https:\/\/www.europesays.com\/es\/wp-json\/wp\/v2\/tags?post=575798"}],"curies":[{"name":"wp","href":"https:\/\/api.w.org\/{rel}","templated":true}]}}