{"id":576068,"date":"2026-05-28T22:57:14","date_gmt":"2026-05-28T22:57:14","guid":{"rendered":"https:\/\/www.europesays.com\/es\/576068\/"},"modified":"2026-05-28T22:57:14","modified_gmt":"2026-05-28T22:57:14","slug":"el-descubridor-de-david-broncano-revela-por-que-se-fijo-en-el-antes-de-que-fuera-conocido","status":"publish","type":"post","link":"https:\/\/www.europesays.com\/es\/576068\/","title":{"rendered":"El &#8216;descubridor&#8217; de David Broncano revela por qu\u00e9 se fij\u00f3 en \u00e9l antes de que fuera conocido"},"content":{"rendered":"<p>A sus 41 a\u00f1os, <a href=\"https:\/\/www.huffingtonpost.es\/virales\/broncano-pide-perdon-la-revuelta-criticas-julia-oterotenemos-puntualizacion-seria-f202602.html\" rel=\"nofollow noopener\" target=\"_blank\">David Broncano<\/a> lleva casi 20 a\u00f1os en televisi\u00f3n. Actualmente presenta La Revuelta en TVE, pero en su carrera profesional ha vivido pr\u00e1cticamente de todo. Su primera aparici\u00f3n televisiva fue en Nuevos c\u00f3micos, un espacio de Paramount Comedy.<\/p>\n<p>Ra\u00fal P\u00e9rez lo ha recordado en <a href=\"https:\/\/www.huffingtonpost.es\/virales\/el-chojin-da-diana-contar-que-ultraderecha-conquistar-jovenes-f202601.html\" rel=\"nofollow noopener\" target=\"_blank\">A las bravas<\/a>, de la Cadena SER, donde ha contado con la presencia del humorista David Navarro, que <b>fue quien \u00abdescubri\u00f3\u00bb al c\u00f3mico andaluz<\/b> cuando ejerc\u00eda como director del departamento de c\u00f3micos.\u00a0<\/p>\n<p>\u00abLa direcci\u00f3n <b>no estaba muy a favor de poner a Broncano<\/b>, eh\u00bb, ha revelado en el espacio de la SER. \u00abCuando vi sus v\u00eddeos, que los mand\u00f3 a Paramount Comedy, me gust\u00f3\u00bb, ha a\u00f1adido.\u00a0<\/p>\n<p>\u00abQue era diferente, seguro\u00bb<\/p>\n<p>David Navarro, originario de Ja\u00e9n, al igual que Broncano, ha contado que pese a ser paisanos, no tuvo \u00abfavoritismos\u00bb por ello. <b>\u00abEl m\u00e9rito es suyo porque es quien sabe actuar\u00bb<\/b>, ha afirmado el c\u00f3mico.\u00a0<\/p>\n<p>\u00ab\u00bfT\u00fa ya sab\u00edas en ese momento&#8230; dijiste &#8216;este es de los que lo va a petar&#8217;?\u00bb, le ha preguntado Ra\u00fal P\u00e9rez. \u00abNo, a petar no. Eso no lo sab\u00eda, pero que era diferente s\u00ed. Eso seguro\u00bb, ha revelado David Navarro.\u00a0<\/p>\n<p>Gracias a su intermediaci\u00f3n, Broncano tuvo una oportunidad en Paramount Comedy. \u00abMe empecin\u00e9 mucho. Y a partir de ah\u00ed fue la cosa bien\u00bb, ha contado en la SER. \u00abYo me alegro de que<b> le vaya muy bien y que est\u00e9 ah\u00ed arriba<\/b>\u00ab, ha sentenciado.\u00a0<\/p>\n<p>De Paramount Comedy a TVE, pasando por la SER<\/p>\n<p>Licenciado en Publicidad y Relaciones P\u00fablicas, Broncano comenz\u00f3 en el mundo de la comedia a finales de los a\u00f1os 2000. Su estilo, una combinaci\u00f3n de humor absurdo y fina iron\u00eda, llam\u00f3 pronto la atenci\u00f3n en el circuito alternativo.<\/p>\n<p>Su salto inicial a la popularidad lleg\u00f3 de la mano de la radio. El gran punto de inflexi\u00f3n se produjo en 2014 <b>con La Vida Moderna (Cadena SER)<\/b>, junto a Ignatius Farray y Quequ\u00e9. Aquel programa se convirti\u00f3 en un fen\u00f3meno viral a trav\u00e9s de internet, conectando con una audiencia joven gracias a un humor irreverente.<\/p>\n<p>De ah\u00ed dio el salto a la televisi\u00f3n como colaborador <b>en programas como <\/b><b>Late Motiv<\/b>, de Movistar Plus+, presentado por Andreu Buenafuente. En 2018 lleg\u00f3 La Resistencia,\u00a0convirti\u00e9ndose en<b> uno de los rostros m\u00e1s reconocibles<\/b> de la televisi\u00f3n.<\/p>\n<p>Finalmente, y tras siete temporadas en Movistar Plus+, salt\u00f3 a TVE, donde desde 2024 presenta La Revuelta. El programa se ha consolidado como<b> una alternativa a El Hormiguero<\/b>, que tras unos primeros meses de guerra televisiva, consigui\u00f3 mantener su condici\u00f3n de programa l\u00edder del access prime time.\u00a0<\/p>\n","protected":false},"excerpt":{"rendered":"A sus 41 a\u00f1os, David Broncano lleva casi 20 a\u00f1os en televisi\u00f3n. Actualmente presenta La Revuelta en TVE,&hellip;\n","protected":false},"author":2,"featured_media":576069,"comment_status":"","ping_status":"","sticky":false,"template":"","format":"standard","meta":{"footnotes":""},"categories":[174],"tags":[6699,255,9029,146,147,25,24,256,23,3156],"class_list":["post-576068","post","type-post","status-publish","format-standard","has-post-thumbnail","category-famosos","tag-cadena-ser","tag-celebrities","tag-david-broncano","tag-entertainment","tag-entretenimiento","tag-es","tag-espana","tag-famosos","tag-spain","tag-tve"],"share_on_mastodon":{"url":"https:\/\/pubeurope.com\/@es\/116654679475967714","error":""},"_links":{"self":[{"href":"https:\/\/www.europesays.com\/es\/wp-json\/wp\/v2\/posts\/576068","targetHints":{"allow":["GET"]}}],"collection":[{"href":"https:\/\/www.europesays.com\/es\/wp-json\/wp\/v2\/posts"}],"about":[{"href":"https:\/\/www.europesays.com\/es\/wp-json\/wp\/v2\/types\/post"}],"author":[{"embeddable":true,"href":"https:\/\/www.europesays.com\/es\/wp-json\/wp\/v2\/users\/2"}],"replies":[{"embeddable":true,"href":"https:\/\/www.europesays.com\/es\/wp-json\/wp\/v2\/comments?post=576068"}],"version-history":[{"count":0,"href":"https:\/\/www.europesays.com\/es\/wp-json\/wp\/v2\/posts\/576068\/revisions"}],"wp:featuredmedia":[{"embeddable":true,"href":"https:\/\/www.europesays.com\/es\/wp-json\/wp\/v2\/media\/576069"}],"wp:attachment":[{"href":"https:\/\/www.europesays.com\/es\/wp-json\/wp\/v2\/media?parent=576068"}],"wp:term":[{"taxonomy":"category","embeddable":true,"href":"https:\/\/www.europesays.com\/es\/wp-json\/wp\/v2\/categories?post=576068"},{"taxonomy":"post_tag","embeddable":true,"href":"https:\/\/www.europesays.com\/es\/wp-json\/wp\/v2\/tags?post=576068"}],"curies":[{"name":"wp","href":"https:\/\/api.w.org\/{rel}","templated":true}]}}