{"id":576070,"date":"2026-05-28T22:58:13","date_gmt":"2026-05-28T22:58:13","guid":{"rendered":"https:\/\/www.europesays.com\/es\/576070\/"},"modified":"2026-05-28T22:58:13","modified_gmt":"2026-05-28T22:58:13","slug":"preguntas-pertinentes-de-paul-gees","status":"publish","type":"post","link":"https:\/\/www.europesays.com\/es\/576070\/","title":{"rendered":"Preguntas pertinentes de Paul Gees"},"content":{"rendered":"<p style=\"\">En una escena marcada por la urgencia de inaugurar, circular y sustituir, &#8216;<strong>Paul Gees:<\/strong> Tensi\u00f3n&#8217; propone otra econom\u00eda de la atenci\u00f3n.<a href=\"https:\/\/elprincipaldecorsega.com\/\" target=\"_self\" data-voc-vtm-id=\"in-text-traffic\" title=\" El Principal de C\u00f2rsega\" data-mrf-link=\"elprincipaldecorsega.com\" rel=\"nofollow noopener\"> El Principal de C\u00f2rsega<\/a> no presenta \u00fanicamente por primera vez en Espa\u00f1a la obra de este belga, sino que construye las condiciones  &#8230; para que esa obra pueda ser mirada desde el tiempo que reclama: un tiempo de escucha, de proximidad y pensamiento. <\/p>\n<p class=\"v-d-p\" style=\"\">Las piezas de Gees parecen formular preguntas elementales y, precisamente por eso, complejas. \u00bfCu\u00e1nto peso puede sostener una l\u00ednea? \u00bfQu\u00e9 ocurre cuando la madera cede, la piedra insiste, el hierro contiene? En sus esculturas, la tensi\u00f3n no se ilustra: sucede. <\/p>\n<p class=\"v-d-p\" style=\"\">Se hace visible en el equilibrio inestable de los materiales, en la fricci\u00f3n entre fragilidad y resistencia, en la precisi\u00f3n m\u00ednima que convierte gesto en decisi\u00f3n. La muestra, comisariada por <strong>Veerle Wenes<\/strong> en colaboraci\u00f3n con <a href=\"https:\/\/www.valerietraan.be\/\" target=\"_self\" data-voc-vtm-id=\"in-text-traffic\" title=\"Valerie Traan Gallery,\" data-mrf-link=\"www.valerietraan.be\" rel=\"nofollow noopener\">Valerie Traan Gallery,<\/a> confirma la singularidad de este proyecto. <\/p>\n<ul class=\"v-cmp-flg__u\">\n<li class=\"v-cmp-flg__l\">\n<p>Paul Gees<\/p>\n<p><img decoding=\"async\" loading=\"lazy\" src=\"https:\/\/www.europesays.com\/es\/wp-content\/uploads\/2026\/05\/DSC_0136-U77488002080zTM-183x183@diario_abc.jpg\" class=\"v-a-img\" alt=\"\" width=\"183\" height=\"183\"\/><\/p>\n<p class=\"v-a-p\">\n&#8216;Tensi\u00f3n&#8217;\n<\/p>\n<ul class=\"v-u\">\n<li class=\"v-u__l\">\n<p class=\"v-u__p\">\nLugar:<br \/>\nEl Principal de C\u00f2rsega (Barcelona)\n<\/p>\n<\/li>\n<li class=\"v-u__l\">\n<p class=\"v-u__p\">\nDirecci\u00f3n:<br \/>\nC\/ C\u00f3rcega, 267\n<\/p>\n<\/li>\n<li class=\"v-u__l\">\n<p class=\"v-u__p\">\nClausura:<br \/>\nHasta el 2 de octubre\n<\/p>\n<\/li>\n<li class=\"v-u__l\">\n<p class=\"v-u__p\">\nValoraci\u00f3n:<br \/>\n**\n<\/p>\n<\/li>\n<\/ul>\n<\/li>\n<\/ul>\n<p class=\"v-d-p\" style=\"\">Frente a espectacularidad y prisa, reivindica un galerismo de detalle, conversaci\u00f3n y pausa. Un lugar donde la exposici\u00f3n se habita, se piensa y permanece.<\/p>\n","protected":false},"excerpt":{"rendered":"En una escena marcada por la urgencia de inaugurar, circular y sustituir, &#8216;Paul Gees: Tensi\u00f3n&#8217; propone otra econom\u00eda&hellip;\n","protected":false},"author":2,"featured_media":576071,"comment_status":"","ping_status":"","sticky":false,"template":"","format":"standard","meta":{"footnotes":""},"categories":[173],"tags":[229,233,231,230,232,234,146,147,25,24,110085,9359,110084,8492,23],"class_list":["post-576070","post","type-post","status-publish","format-standard","has-post-thumbnail","category-arte-y-diseno","tag-arte","tag-arte-y-diseno","tag-arts","tag-arts-and-design","tag-design","tag-diseno","tag-entertainment","tag-entretenimiento","tag-es","tag-espana","tag-gees","tag-paul","tag-pertinentes","tag-preguntas","tag-spain"],"share_on_mastodon":{"url":"https:\/\/pubeurope.com\/@es\/116654683767269456","error":""},"_links":{"self":[{"href":"https:\/\/www.europesays.com\/es\/wp-json\/wp\/v2\/posts\/576070","targetHints":{"allow":["GET"]}}],"collection":[{"href":"https:\/\/www.europesays.com\/es\/wp-json\/wp\/v2\/posts"}],"about":[{"href":"https:\/\/www.europesays.com\/es\/wp-json\/wp\/v2\/types\/post"}],"author":[{"embeddable":true,"href":"https:\/\/www.europesays.com\/es\/wp-json\/wp\/v2\/users\/2"}],"replies":[{"embeddable":true,"href":"https:\/\/www.europesays.com\/es\/wp-json\/wp\/v2\/comments?post=576070"}],"version-history":[{"count":0,"href":"https:\/\/www.europesays.com\/es\/wp-json\/wp\/v2\/posts\/576070\/revisions"}],"wp:featuredmedia":[{"embeddable":true,"href":"https:\/\/www.europesays.com\/es\/wp-json\/wp\/v2\/media\/576071"}],"wp:attachment":[{"href":"https:\/\/www.europesays.com\/es\/wp-json\/wp\/v2\/media?parent=576070"}],"wp:term":[{"taxonomy":"category","embeddable":true,"href":"https:\/\/www.europesays.com\/es\/wp-json\/wp\/v2\/categories?post=576070"},{"taxonomy":"post_tag","embeddable":true,"href":"https:\/\/www.europesays.com\/es\/wp-json\/wp\/v2\/tags?post=576070"}],"curies":[{"name":"wp","href":"https:\/\/api.w.org\/{rel}","templated":true}]}}