{"id":576141,"date":"2026-05-28T23:55:32","date_gmt":"2026-05-28T23:55:32","guid":{"rendered":"https:\/\/www.europesays.com\/es\/576141\/"},"modified":"2026-05-28T23:55:32","modified_gmt":"2026-05-28T23:55:32","slug":"el-musculo-es-uno-de-los-principales-marcadores-del-envejecimiento-biologico","status":"publish","type":"post","link":"https:\/\/www.europesays.com\/es\/576141\/","title":{"rendered":"El m\u00fasculo es uno de los principales marcadores del envejecimiento biol\u00f3gico"},"content":{"rendered":"<p>Una pregunta es con qu\u00e9 edad se siente uno si no supiera su edad biol\u00f3gica. Precisamente, uno de los temas tratados este jueves en Eventofarma, de Microcaya, fue el de la longevidad saludable, qu\u00e9 dice la ciencia y qu\u00e9 papel puede jugar la farmacia. Marta Gonz\u00e1lez-Freire, investigadora titular y directora del grupo de investigaci\u00f3n &#8230;            &#13;\n        <\/p>\n<p class=\"MsoNormal\">Una pregunta es con qu\u00e9 edad se siente uno si no supiera su&#13;<br \/>\nedad biol\u00f3gica. Precisamente, uno de los temas tratados este jueves en <strong>Eventofarma<\/strong>,&#13;<br \/>\nde <strong>Microcaya<\/strong>, fue el de la <strong>longevidad saludable<\/strong>, qu\u00e9 dice la&#13;<br \/>\nciencia y qu\u00e9 papel puede jugar la farmacia. <strong>Marta Gonz\u00e1lez-Freire<\/strong>, investigadora&#13;<br \/>\ntitular y directora del grupo de investigaci\u00f3n TRIAL (Translational Research in&#13;<br \/>\nAging and Longevity group) del IdISBa y directora de BioAgeHub Mallorca,&#13;<br \/>\nrecord\u00f3 que fue <strong>Leonardo Da Vinci<\/strong> quien describi\u00f3 la <strong>sarcopenia<\/strong>.&#13;<br \/>\n\u00abEl proceso de envejecimiento es heterog\u00e9neo\u00bb, afirm\u00f3. El envejecimiento&#13;<br \/>\nsaludable pasa por \u00abenvejecer con salud\u00bb, en un contexto en el que <strong>el&#13;<br \/>\nenvejecimiento implica una p\u00e9rdida fisiol\u00f3gica progresiva en todos los sistemas&#13;<br \/>\ndel organismo<\/strong>.<\/p>\n<p class=\"MsoNormal\">Insisti\u00f3 en la importancia de empezar a <strong>cuidarse desde&#13;<br \/>\nedades tempranas<\/strong> y advirti\u00f3 de que se trata de \u00abun problema de salud&#13;<br \/>\np\u00fablica\u00bb. En este sentido, se\u00f1al\u00f3 el inter\u00e9s por comprender qu\u00e9 ocurre en&#13;<br \/>\nel envejecimiento fisiol\u00f3gico, biol\u00f3gico, fenot\u00edpico y funcional. Seg\u00fan&#13;<br \/>\nexplic\u00f3, los test que eval\u00faan el envejecimiento biol\u00f3gico permiten medir&#13;<br \/>\npar\u00e1metros relacionados con el envejecimiento, la resiliencia o el estr\u00e9s, en&#13;<br \/>\nun \u00e1mbito en el que \u00abse solapan conocimientos\u00bb.<\/p>\n<p class=\"MsoNormal\">Gonz\u00e1lez-Freire aludi\u00f3 a los llamados <strong>hallmarks of&#13;<br \/>\naging<\/strong> o <strong>mecanismos biol\u00f3gicos del envejecimiento<\/strong>, un conjunto de&#13;<br \/>\nprocesos celulares y metab\u00f3licos que ayudan a explicar c\u00f3mo envejece el&#13;<br \/>\norganismo y c\u00f3mo determinados h\u00e1bitos pueden acelerar o ralentizar ese&#13;<br \/>\ndeterioro funcional. Entre ellos cit\u00f3 la <strong>inflamaci\u00f3n cr\u00f3nica de bajo grado<\/strong>,&#13;<br \/>\nla <strong>disfunci\u00f3n mitocondrial<\/strong>, la <strong>alteraci\u00f3n de la microbiota<\/strong>, el <strong>desgaste&#13;<br \/>\ncelular<\/strong> o los <strong>cambios en la comunicaci\u00f3n intercelular<\/strong>. Adem\u00e1s,&#13;<br \/>\nincidi\u00f3 en la <strong>estrecha relaci\u00f3n entre envejecimiento, composici\u00f3n corporal y&#13;<br \/>\nsalud metab\u00f3lica<\/strong>, al considerar que factores como la alimentaci\u00f3n, la&#13;<br \/>\nactividad f\u00edsica o el mantenimiento de la masa muscular influyen directamente&#13;<br \/>\nsobre muchos de estos procesos biol\u00f3gicos.<\/p>\n<p class=\"MsoNormal\">El objetivo, remarc\u00f3, es <strong>retrasar la aparici\u00f3n de&#13;<br \/>\nenfermedades relacionadas con la edad<\/strong>, lo que explica la relevancia de la&#13;<br \/>\ndetecci\u00f3n precoz de patolog\u00edas como la diabetes tipo 2. \u00abLos mecanismos que&#13;<br \/>\nhay detr\u00e1s de la mayor\u00eda de las enfermedades son los mismos que hay detr\u00e1s del&#13;<br \/>\nenvejecimiento\u00bb, sostuvo. Junto a conceptos como la esperanza de vida o la&#13;<br \/>\ncalidad de vida, introdujo el t\u00e9rmino <strong>peak span<\/strong>, utilizado para&#13;<br \/>\ndescribir el periodo vital en el que una persona alcanza y mantiene su m\u00e1ximo&#13;<br \/>\nnivel de capacidad f\u00edsica, metab\u00f3lica y funcional.<\/p>\n<p class=\"MsoNormal\">La realidad es que \u00ab<strong>eres tan mayor como mayores son&#13;<br \/>\ntus m\u00fasculos<\/strong>\u00ab. La sarcopenia constituye una de las manifestaciones m\u00e1s&#13;<br \/>\ncaracter\u00edsticas del envejecimiento. Gonzalez-Freire destac\u00f3 el inter\u00e9s de&#13;<br \/>\nherramientas como <strong>InBody<\/strong> por las variables que proporcionan y defendi\u00f3&#13;<br \/>\nla necesidad de \u00abtrasladar la ciencia del laboratorio al d\u00eda a d\u00eda\u00bb. Bajo el&#13;<br \/>\nconcepto The <strong>Aging Muscle Challenge<\/strong>, detall\u00f3 c\u00f3mo <strong>la&#13;<br \/>\nsarcopenia y la acumulaci\u00f3n de grasa visceral pueden desarrollarse incluso en&#13;<br \/>\npersonas con normopeso<\/strong>, lo que dificulta su detecci\u00f3n precoz.<\/p>\n<p class=\"MsoNormal\"><strong>La p\u00e9rdida de masa y funcionalidad muscular suele figurar&#13;<br \/>\nentre los primeros signos del deterioro asociado a la edad<\/strong>. Por ello, abog\u00f3&#13;<br \/>\npor la mejora de las herramientas de cribado y valoraci\u00f3n corporal. Asimismo, avis\u00f3&#13;<br \/>\nde que muchos par\u00e1metros diagn\u00f3sticos contin\u00faan presentando diferencias seg\u00fan&#13;<br \/>\nel sexo, una circunstancia que dificulta la implementaci\u00f3n cl\u00ednica y refuerza&#13;<br \/>\nla necesidad de avanzar hacia evaluaciones m\u00e1s individualizadas.<\/p>\n<p class=\"MsoNormal\">Durante su intervenci\u00f3n, alert\u00f3 igualmente del <strong>riesgo de&#13;<br \/>\nobsesionarse con los datos y las m\u00e9tricas vinculadas al cuidado de la salud<\/strong>.&#13;<br \/>\n\u00abMe encuentro a gente muy estresada con los datos y eso les genera m\u00e1s&#13;<br \/>\nperjuicios\u00bb, cont\u00f3. A su juicio, el an\u00e1lisis debe hacerse desde el&#13;<br \/>\nequilibrio, ya que existen personas que \u00abcomen bien y entrenan bien\u00bb,&#13;<br \/>\npero desarrollan s\u00edndromes de estr\u00e9s asociados a esa b\u00fasqueda constante de&#13;<br \/>\ncontrol. Tambi\u00e9n record\u00f3 que, aunque la <strong>restricci\u00f3n cal\u00f3rica<\/strong> ha&#13;<br \/>\ndemostrado aumentar la esperanza de vida en modelos animales, resulta complejo&#13;<br \/>\ntrasladar esos resultados a la vida humana.<\/p>\n<p>Por \u00faltimo, reivindic\u00f3 <strong>el papel estrat\u00e9gico de la&#13;<br \/>\nfarmacia comunitaria <\/strong>como uno de los puntos de acceso m\u00e1s cercanos y&#13;<br \/>\naccesibles al sistema sanitario. Las farmacias ofrecen atenci\u00f3n sin cita&#13;<br \/>\nprevia, amplios horarios y una elevada capilaridad territorial, lo que las&#13;<br \/>\nconvierte con frecuencia en el primer lugar al que acuden los pacientes para&#13;<br \/>\nrecibir consejo sanitario. M\u00e1s all\u00e1 de la dispensaci\u00f3n de medicamentos, alab\u00f3&#13;<br \/>\nsu <strong>capacidad para desarrollar acciones de prevenci\u00f3n, cribado y seguimiento&#13;<br \/>\nde patolog\u00edas cr\u00f3nicas<\/strong>, contribuyendo as\u00ed a acercar la atenci\u00f3n sanitaria a&#13;<br \/>\nla comunidad y a reducir la presi\u00f3n asistencial sobre otros niveles del&#13;<br \/>\nsistema.<\/p>\n","protected":false},"excerpt":{"rendered":"Una pregunta es con qu\u00e9 edad se siente uno si no supiera su edad biol\u00f3gica. Precisamente, uno de&hellip;\n","protected":false},"author":2,"featured_media":576142,"comment_status":"","ping_status":"","sticky":false,"template":"","format":"standard","meta":{"footnotes":""},"categories":[92],"tags":[10887,33377,53866,30485,47238,40298,79741,1387,1293,7993,25,24,110076,15292,165,30227,19199,37012,9752,14988,4013,8832,7171,166,11683,26995,23,2606],"class_list":["post-576141","post","type-post","status-publish","format-standard","has-post-thumbnail","category-salud","tag-aparicion","tag-asociadas","tag-biologico","tag-centra","tag-composicion","tag-corporal","tag-determinados","tag-edad","tag-enfermedades","tag-envejecimiento","tag-es","tag-espana","tag-eventofarma","tag-habitos","tag-health","tag-influir","tag-longevidad","tag-marcadores","tag-masa","tag-muscular","tag-musculo","tag-principales","tag-pueden","tag-salud","tag-saludable","tag-sesiones","tag-spain","tag-vida"],"share_on_mastodon":{"url":"https:\/\/pubeurope.com\/@es\/116654907571090362","error":""},"_links":{"self":[{"href":"https:\/\/www.europesays.com\/es\/wp-json\/wp\/v2\/posts\/576141","targetHints":{"allow":["GET"]}}],"collection":[{"href":"https:\/\/www.europesays.com\/es\/wp-json\/wp\/v2\/posts"}],"about":[{"href":"https:\/\/www.europesays.com\/es\/wp-json\/wp\/v2\/types\/post"}],"author":[{"embeddable":true,"href":"https:\/\/www.europesays.com\/es\/wp-json\/wp\/v2\/users\/2"}],"replies":[{"embeddable":true,"href":"https:\/\/www.europesays.com\/es\/wp-json\/wp\/v2\/comments?post=576141"}],"version-history":[{"count":0,"href":"https:\/\/www.europesays.com\/es\/wp-json\/wp\/v2\/posts\/576141\/revisions"}],"wp:featuredmedia":[{"embeddable":true,"href":"https:\/\/www.europesays.com\/es\/wp-json\/wp\/v2\/media\/576142"}],"wp:attachment":[{"href":"https:\/\/www.europesays.com\/es\/wp-json\/wp\/v2\/media?parent=576141"}],"wp:term":[{"taxonomy":"category","embeddable":true,"href":"https:\/\/www.europesays.com\/es\/wp-json\/wp\/v2\/categories?post=576141"},{"taxonomy":"post_tag","embeddable":true,"href":"https:\/\/www.europesays.com\/es\/wp-json\/wp\/v2\/tags?post=576141"}],"curies":[{"name":"wp","href":"https:\/\/api.w.org\/{rel}","templated":true}]}}