{"id":57615,"date":"2025-08-19T09:51:12","date_gmt":"2025-08-19T09:51:12","guid":{"rendered":"https:\/\/www.europesays.com\/es\/57615\/"},"modified":"2025-08-19T09:51:12","modified_gmt":"2025-08-19T09:51:12","slug":"de-ser-el-hazmerreir-de-europa-a-dar-una-leccion-a-laliga","status":"publish","type":"post","link":"https:\/\/www.europesays.com\/es\/57615\/","title":{"rendered":"De ser \u00abel hazmerre\u00edr de Europa\u00bb a dar una lecci\u00f3n a LaLiga"},"content":{"rendered":"<p class=\"ft-text\">Calaron hondo las palabras de <strong>\u00c1ngel Torres<\/strong> en &#8216;Radio Marca&#8217; a escasos d\u00edas del estreno del <a class=\"ft-link ft-link--decoration\" href=\"https:\/\/www.sport.es\/es\/noticias\/getafe\/getafe-golpeado-inscripciones-he-tenido-120681534\" rel=\"nofollow noopener\" target=\"_blank\"><strong>Getafe <\/strong><\/a>en <strong>Bala\u00eddos<\/strong>: <strong>\u00abSomos el hazmerre\u00edr de Europa\u00bb<\/strong>, sorprend\u00eda el presidente del club madrile\u00f1o. \u00abHemos tenido que <strong>regalar casi a uno de los mejores centrales de LaLiga a un equipo que acaba de subir a la Premier League por tres perras gordas<\/strong> (<strong>Omar Alderete<\/strong> por <strong>10 <\/strong>millones al <strong>Sunderland<\/strong>) para poder el domingo tener a 16 o 17 inscritos. Decimos que es la mejor Liga del mundo, pero cuando llamas solo te dicen vende y vende, pero qu\u00e9 vendo\u201d, argument\u00f3 desquiciado.<\/p>\n<p class=\"ft-text\">No exageraba. El <strong>Getafe <\/strong>se plantaba el pasado domingo 17 de agosto en Vigo para iniciar su andadura en <strong>LaLiga EA Sports <\/strong>con apenas <strong>15 <\/strong>futbolistas del primer plantel inscritos en <strong>LaLiga<\/strong>&#8230; estando uno (<strong>Domingos Duarte<\/strong>) sancionado y otro (<strong>Borja Mayoral<\/strong>) lesionado. Por lo tanto, la n\u00f3mina de efectivos se reduc\u00eda a <strong>13<\/strong>. A horas de debutar. Una situaci\u00f3n tan cr\u00edtica como preocupante. Tanto, que ni el club hab\u00eda anunciado la lista de convocados. Y es que, de esos <strong>13<\/strong>, dos son porteros (<strong>David Soria y Letacek<\/strong>) y otros dos (<strong>Peter Federico y \u00c1lex Sola<\/strong>) no figuran en los planes de <strong>Jos\u00e9 Bordal\u00e1s.<\/strong><\/p>\n<p>Milagro de Bordal\u00e1s<\/p>\n<p class=\"ft-text\">Al final, pudieron sentarse hasta seis jugadores en el banquillo azul\u00f3n en <strong>Bala\u00eddos<\/strong>, pues el <strong>Getafe <\/strong>pudo inscribir a <strong>18 <\/strong>futbolistas en la competici\u00f3n. Destac\u00f3, sobre todo, la presencia de <strong>Davinchi<\/strong> en el once. Un chaval de 17 a\u00f1os que descendi\u00f3 de Primera RFEF a Segunda RFEF la pasada temporada con el <strong>Recreativo de Huelva<\/strong> y firm\u00f3 una gran actuaci\u00f3n en su primer partido en<strong> Primera Divisi\u00f3n.<\/strong> Se convirti\u00f3, adem\u00e1s, en el segundo azul\u00f3n m\u00e1s joven &#8211; <strong>17 a\u00f1os y 307 d\u00edas<\/strong> &#8211; en debutar en la m\u00e1xima categor\u00eda del f\u00fatbol espa\u00f1ol.<\/p>\n<p class=\"ft-text\">Pues al cuadro madrile\u00f1o pareci\u00f3 importarle m\u00e1s bien poco iniciar la <strong>25\/26<\/strong> con tantas trabas con las inscripciones. Sin entrar al trapo en cuanto a su estilo de juego se refiere, dio una verdadera lecci\u00f3n a <strong>LaLiga<\/strong>. <strong>0<\/strong>&#8211;<strong>2<\/strong> ante un <a class=\"ft-link ft-link--decoration\" href=\"https:\/\/www.sport.es\/es\/noticias\/celta-de-vigo\/denis-suarez-posible-sorpresa-celta-120720306\" rel=\"nofollow noopener\" target=\"_blank\"><strong>Celta <\/strong><\/a>que competir\u00e1 este curso en <strong>Europa<\/strong>, se rearm\u00f3 con fichajes de renombre este verano (<strong>Jugl\u00e0, Bryan Zaragoza o Borja Iglesias<\/strong>) y jugaba en casa. <strong>Bordal\u00e1s <\/strong>present\u00f3 un once repleto de futbolistas con poca experiencia en la \u00e9lite: el ya mencionado <strong>Davinchi<\/strong>, <strong>Bekhoucha <\/strong>&#8211; jug\u00f3 el curso anterior en Segunda RFEF y disputaba su primer encuentro como titular en LaLiga -, <strong>Liso <\/strong>&#8211; ven\u00eda de Segunda y tambi\u00e9n se estrenaba en un once de Primera -. Y con un <strong>Uche <\/strong>que se revaloriz\u00f3, a\u00fan m\u00e1s si cabe, con su tanto de &#8216;9&#8217; puro y duro.<\/p>\n<p>Uche puede ser la clave<\/p>\n<p class=\"ft-text\">Por si fuese poco, la mayor\u00eda de los fichajes que recalaron este verano en la plantilla contin\u00faan sin poder ser inscritos: <strong>Juanmi, Abqar, Neyou, Javi Mu\u00f1oz, Kiko Femen\u00eda o Alex Sancr\u00eds<\/strong>. Para ello, debe concretarse una gran venta. Y quien tiene todas las papeletas para salir &#8211; aunque la suya ser\u00eda una baja muy sensible para <strong>Bordal\u00e1s <\/strong>&#8211; es <strong>Christantus Uche.<\/strong> Un tipo que lleg\u00f3 en la 24\/25 procedente de Primera RFEF y call\u00f3 muchas bocas.<\/p>\n<p class=\"ft-text\">Tiene mucho mercado y, pese a ser una venta dolorosa, es necesaria para cuadrar cuentas. \u00ab<strong>Tendremos que sacar a alguno para poder inscribir a todos o casi todos\u00bb<\/strong>, expres\u00f3 <strong>\u00c1ngel Torres<\/strong> en la previa en los micr\u00f3fonos de &#8216;DAZN&#8217;. \u00ab<strong>A m\u00ed no me gustar\u00eda que se fuera Uche o ninguno<\/strong>, pero tenemos que aceptar las ofertas que tenemos, que son varias. Tiene que llegar un central seguro y posiblemente adelante otro, un banda o un delantero, pero <strong>no hay que pensar en qui\u00e9n tiene que venir sino en inscribir<\/strong>\u00ab, a\u00f1adi\u00f3.<\/p>\n<p><img decoding=\"async\" src=\"https:\/\/www.europesays.com\/es\/wp-content\/uploads\/2025\/08\/d86de77f-8bef-465c-b324-243c676cbaa1_alta-libre-aspect-ratio_default_0.jpg\" width=\"1200\" height=\"675\" alt=\"El delantero nigeriano del Getafe Christantus Uche celebra con sus compa\u00f1eros tras marcar su gol al Celta de Vigo\" class=\"ft-helper-img-rd\" loading=\"lazy\" hasdataaida=\"true\"\/><\/p>\n<p class=\"ft-helper-fontColor-quaternary ft-helper-fontSize-body-S ft-helper-spacer-t-xxs\">El delantero nigeriano del Getafe Christantus Uche celebra con sus compa\u00f1eros tras marcar su gol al Celta de Vigo  \/ Salvador Sas<\/p>\n<p class=\"ft-text\">Su cl\u00e1usula es de <strong>25 <\/strong>millones de euros y, seg\u00fan informaba &#8216;Carrusel Deportivo&#8217;, <strong>Brentford <\/strong>y <strong>Leeds <\/strong>son los mejor posicionados para hacerse con sus servicios. Sin embargo, Fabrizio Romano aportaba que el nigerano est\u00e1 muy c\u00f3modo en el equipo del sur de Madrid y que est\u00e1 en la lista de los <strong>Wolves<\/strong>, aunque no habr\u00eda presentado oferta alguna por \u00e9l.<\/p>\n<p>Ten\u00edan un plan<\/p>\n<p class=\"ft-text\"><strong>Luis Milla<\/strong>, uno de los veteranos y l\u00edderes del grupo, public\u00f3 un v\u00eddeo en sus redes sociales tras el triunfo en <strong>Bala\u00eddos <\/strong>con el siguiente mensaje: \u00ab9:25 am&#8230; <strong>Ten\u00edamos un plan, no sab\u00edamos ni c\u00f3mo ni por qu\u00e9, pero ha salido a la perfecci\u00f3n.<\/strong> \u00a1A la guerra con mi banda! Orgulloso de todos\u00bb. Nunca dejaron de creer&#8230; y vaya obtuvieron premio.<\/p>\n","protected":false},"excerpt":{"rendered":"Calaron hondo las palabras de \u00c1ngel Torres en &#8216;Radio Marca&#8217; a escasos d\u00edas del estreno del Getafe en&hellip;\n","protected":false},"author":2,"featured_media":57616,"comment_status":"","ping_status":"","sticky":false,"template":"","format":"standard","meta":{"footnotes":""},"categories":[93],"tags":[2527,168,25,24,700,13723,24537,24538,288,16882,23,167],"class_list":{"0":"post-57615","1":"post","2":"type-post","3":"status-publish","4":"format-standard","5":"has-post-thumbnail","7":"category-deportes","8":"tag-dar","9":"tag-deportes","10":"tag-es","11":"tag-espana","12":"tag-europa","13":"tag-getafe","14":"tag-hazmerreir","15":"tag-jose-bordalas","16":"tag-laliga","17":"tag-leccion","18":"tag-spain","19":"tag-sports"},"share_on_mastodon":{"url":"","error":""},"_links":{"self":[{"href":"https:\/\/www.europesays.com\/es\/wp-json\/wp\/v2\/posts\/57615","targetHints":{"allow":["GET"]}}],"collection":[{"href":"https:\/\/www.europesays.com\/es\/wp-json\/wp\/v2\/posts"}],"about":[{"href":"https:\/\/www.europesays.com\/es\/wp-json\/wp\/v2\/types\/post"}],"author":[{"embeddable":true,"href":"https:\/\/www.europesays.com\/es\/wp-json\/wp\/v2\/users\/2"}],"replies":[{"embeddable":true,"href":"https:\/\/www.europesays.com\/es\/wp-json\/wp\/v2\/comments?post=57615"}],"version-history":[{"count":0,"href":"https:\/\/www.europesays.com\/es\/wp-json\/wp\/v2\/posts\/57615\/revisions"}],"wp:featuredmedia":[{"embeddable":true,"href":"https:\/\/www.europesays.com\/es\/wp-json\/wp\/v2\/media\/57616"}],"wp:attachment":[{"href":"https:\/\/www.europesays.com\/es\/wp-json\/wp\/v2\/media?parent=57615"}],"wp:term":[{"taxonomy":"category","embeddable":true,"href":"https:\/\/www.europesays.com\/es\/wp-json\/wp\/v2\/categories?post=57615"},{"taxonomy":"post_tag","embeddable":true,"href":"https:\/\/www.europesays.com\/es\/wp-json\/wp\/v2\/tags?post=57615"}],"curies":[{"name":"wp","href":"https:\/\/api.w.org\/{rel}","templated":true}]}}