{"id":576156,"date":"2026-05-29T00:12:12","date_gmt":"2026-05-29T00:12:12","guid":{"rendered":"https:\/\/www.europesays.com\/es\/576156\/"},"modified":"2026-05-29T00:12:12","modified_gmt":"2026-05-29T00:12:12","slug":"el-bcb-derriba-al-gigante-madrileno-y-suena-con-la-segunda-feb-extremadura7dias-com","status":"publish","type":"post","link":"https:\/\/www.europesays.com\/es\/576156\/","title":{"rendered":"El BCB derriba al gigante madrile\u00f1o y sue\u00f1a con la Segunda FEB &#8211; Extremadura7dias.com"},"content":{"rendered":"<p>&#13;<br \/>\nEl baloncesto extreme\u00f1o vivi\u00f3 este jueves una de esas noches que quedan marcadas en la memoria de una afici\u00f3n. El V\u00edtaly La Mar BCBadajoz tumb\u00f3 al gran favorito del grupo, el CB Tres Cantos, campe\u00f3n de Madrid, en el primer partido de la fase final de ascenso a Segunda FEB, y lo hizo adem\u00e1s con autoridad, car\u00e1cter y una exhibici\u00f3n defensiva que desat\u00f3 la locura en las gradas de La Granadilla.<\/p>\n<p>&#13;<br \/>\nEl conjunto pacense venci\u00f3 por un contundente 62-77 en un encuentro que comenz\u00f3 cuesta arriba, pero que termin\u00f3 convertido en una declaraci\u00f3n de intenciones. Porque el BCB no solo gan\u00f3: domin\u00f3 durante muchos minutos a uno de los equipos m\u00e1s potentes de la fase de ascenso.<\/p>\n<p>&#13;<br \/>\nEl inicio fue el\u00e9ctrico. El BCB sali\u00f3 decidido a golpear primero, aunque el cuadro madrile\u00f1o reaccion\u00f3 r\u00e1pido y logr\u00f3 abrir una renta de siete puntos en un primer cuarto muy intenso y equilibrado. El 18-16 al t\u00e9rmino de los primeros diez minutos dejaba claro que el duelo iba a decidirse por detalles.<\/p>\n<p>&#13;<br \/>\nPero lo que ocurri\u00f3 en el segundo cuarto fue sencillamente espectacular. El V\u00edtaly La Mar elev\u00f3 su nivel defensivo hasta l\u00edmites asfixiantes y desactiv\u00f3 completamente al campe\u00f3n madrile\u00f1o. La presi\u00f3n, las ayudas y la intensidad defensiva dejaron sin respuestas a Tres Cantos, que solo pudo anotar cinco puntos en todo el periodo.<br \/>&#13;<br \/>\nMientras tanto, el BCB jugaba con confianza, ritmo y personalidad. El parcial de 5-21 hizo estallar a la afici\u00f3n pacense y permiti\u00f3 a los extreme\u00f1os marcharse al descanso con una ventaja de 14 puntos (23-37) que ya hac\u00eda so\u00f1ar.<\/p>\n<p>&#13;<br \/>\nLejos de relajarse, el conjunto dirigido desde el banquillo pacense mantuvo el pie en el acelerador tras el descanso. El tercer cuarto volvi\u00f3 a demostrar la madurez competitiva del equipo, que supo controlar el ritmo del encuentro y castigar cada intento de reacci\u00f3n madrile\u00f1a. La ventaja incluso lleg\u00f3 a aumentar en varios momentos, dejando muy tocado al favorito.<\/p>\n<p>&#13;<br \/>\nCon 39-56 al inicio del \u00faltimo cuarto, el partido entr\u00f3 en un intercambio ofensivo mucho m\u00e1s abierto. Fue el periodo con m\u00e1s anotaci\u00f3n para ambos equipos, aunque el BCB supo jugar con inteligencia, administrando posesiones largas y evitando cualquier intento de remontada local. El marcador final de 62-77 termin\u00f3 premiando un ejercicio colectivo brillante.<\/p>\n<p>&#13;<br \/>\nLas estad\u00edsticas reflejan perfectamente la superioridad pacense. El BCB firm\u00f3 un 47% en tiros de dos puntos frente al 35% de su rival, adem\u00e1s de dominar tambi\u00e9n desde el triple con un 30% por el 26% madrile\u00f1o. Desde la l\u00ednea de tiros libres llegaron muchos puntos importantes, con 24 aciertos en 36 intentos.<\/p>\n<p>&#13;<br \/>\nPero m\u00e1s all\u00e1 de los n\u00fameros, el triunfo dej\u00f3 una sensaci\u00f3n clara: este BCB compite sin complejos. El equipo pacense dio el primer golpe en una eliminatoria de m\u00e1xima exigencia y demostr\u00f3 que tiene argumentos reales para pelear por el ascenso a Segunda FEB.<\/p>\n<p>&#13;<br \/>\nLa afici\u00f3n de Badajoz respondi\u00f3 como en las grandes citas y acab\u00f3 celebrando una victoria que ya forma parte de las noches importantes del baloncesto pacense.<\/p>\n","protected":false},"excerpt":{"rendered":"&#13; El baloncesto extreme\u00f1o vivi\u00f3 este jueves una de esas noches que quedan marcadas en la memoria de&hellip;\n","protected":false},"author":2,"featured_media":576157,"comment_status":"","ping_status":"","sticky":false,"template":"","format":"standard","meta":{"footnotes":""},"categories":[269],"tags":[3437,299,298,168,25,24,13074,887,71688,911,11224,12287,23,167,33000,19678],"class_list":["post-576156","post","type-post","status-publish","format-standard","has-post-thumbnail","category-baloncesto","tag-aficion","tag-baloncesto","tag-basketball","tag-deportes","tag-es","tag-espana","tag-extremeno","tag-jueves","tag-marcadas","tag-memoria","tag-noches","tag-quedan","tag-spain","tag-sports","tag-vitaly","tag-vivio"],"share_on_mastodon":{"url":"https:\/\/pubeurope.com\/@es\/116654974470109833","error":""},"_links":{"self":[{"href":"https:\/\/www.europesays.com\/es\/wp-json\/wp\/v2\/posts\/576156","targetHints":{"allow":["GET"]}}],"collection":[{"href":"https:\/\/www.europesays.com\/es\/wp-json\/wp\/v2\/posts"}],"about":[{"href":"https:\/\/www.europesays.com\/es\/wp-json\/wp\/v2\/types\/post"}],"author":[{"embeddable":true,"href":"https:\/\/www.europesays.com\/es\/wp-json\/wp\/v2\/users\/2"}],"replies":[{"embeddable":true,"href":"https:\/\/www.europesays.com\/es\/wp-json\/wp\/v2\/comments?post=576156"}],"version-history":[{"count":0,"href":"https:\/\/www.europesays.com\/es\/wp-json\/wp\/v2\/posts\/576156\/revisions"}],"wp:featuredmedia":[{"embeddable":true,"href":"https:\/\/www.europesays.com\/es\/wp-json\/wp\/v2\/media\/576157"}],"wp:attachment":[{"href":"https:\/\/www.europesays.com\/es\/wp-json\/wp\/v2\/media?parent=576156"}],"wp:term":[{"taxonomy":"category","embeddable":true,"href":"https:\/\/www.europesays.com\/es\/wp-json\/wp\/v2\/categories?post=576156"},{"taxonomy":"post_tag","embeddable":true,"href":"https:\/\/www.europesays.com\/es\/wp-json\/wp\/v2\/tags?post=576156"}],"curies":[{"name":"wp","href":"https:\/\/api.w.org\/{rel}","templated":true}]}}