{"id":576188,"date":"2026-05-29T00:41:13","date_gmt":"2026-05-29T00:41:13","guid":{"rendered":"https:\/\/www.europesays.com\/es\/576188\/"},"modified":"2026-05-29T00:41:13","modified_gmt":"2026-05-29T00:41:13","slug":"el-trabajo-en-la-sombra-de-dos-fotografos-taurinos-esto-es-historia-de-espana","status":"publish","type":"post","link":"https:\/\/www.europesays.com\/es\/576188\/","title":{"rendered":"El trabajo en la sombra de dos fot\u00f3grafos taurinos: \u00abEsto es historia de Espa\u00f1a\u00bb"},"content":{"rendered":"<p style=\"\">Santiago sigue disparando en cada lance como anta\u00f1o. Tres fotos por segundo. Tiene el pulso curtido en anal\u00f3gico y la mirada educada en el blanco y negro de otros tiempos. Santiago es, desde hace cuarenta a\u00f1os, la cabeza al frente de la saga de fot\u00f3grafos  &#8230; <a href=\"https:\/\/www.abc.es\/cultura\/toros\/emiliano-osornio-quiero-madrid-acuerde-poco-tiempo-20260525013602-nt.html\" target=\"_self\" data-voc-vtm-id=\"in-text-traffic\" title=\"taurinos\" data-mrf-link=\"www.abc.es\" rel=\"nofollow noopener\">taurinos<\/a> m\u00e1s relevante de Espa\u00f1a pero, sorprendentemente, no se identifica como taurino. \u00abYo soy fot\u00f3grafo. A m\u00ed me gustaba el cuarto oscuro. Meterme en la ampliadora con las luces, los l\u00edquidos, retocar alg\u00fan negativo\u2026\u00bb. Son ecos de un oficio que aprendi\u00f3 cuando la creaci\u00f3n de una fotograf\u00eda requer\u00eda de un laborioso ritual que ha dejado una huella <a href=\"https:\/\/www.abc.es\/cultura\/toros\/novillda-toros-20260512213540-nt.html\" target=\"_self\" data-voc-vtm-id=\"in-text-traffic\" title=\"imborrable\" data-mrf-link=\"www.abc.es\" rel=\"nofollow noopener\">imborrable<\/a> en quienes lo han practicado.<\/p>\n<p class=\"v-d-p\" style=\"\">Hoy, sin embargo, la r\u00e1pida evoluci\u00f3n de este arte bicentenario exige una continua adaptaci\u00f3n, pues nadie sabe a\u00fan el tiempo de vida de un negativo, ese pedacito de celuloide transl\u00facido donde se grababan las <a href=\"https:\/\/www.abc.es\/cultura\/toros\/domingo-toros-san-isidro-20260524225410-nt.html\" target=\"_self\" data-voc-vtm-id=\"in-text-traffic\" title=\"im\u00e1genes\" data-mrf-link=\"www.abc.es\" rel=\"nofollow noopener\">im\u00e1genes<\/a> en las c\u00e1maras anal\u00f3gicas.<\/p>\n<p class=\"v-d-p\" style=\"\">Ante esta urgencia, Santiago Bot\u00e1n y Ana Escribano, actuales responsables de la Agencia Bot\u00e1n, han emprendido un minucioso proceso de digitalizaci\u00f3n en un laboratorio dom\u00e9stico a solo unos minutos de la plaza de Las Ventas.<\/p>\n<ul class=\"v-cmp-rld__u\">\n<li class=\"v-cmp-rld__l\">\n<p><a class=\"v-a-lnk\" href=\"http:\/\/www.abc.es\/cultura\/toros\/raul-ruiz-volver-torear-madrid-mayor-premio-20260527133803-nt.html#vtm_modulosEngag=noticiasrelacionadas-cmp-uno:cultura:noticia:1\" title=\"Ra\u00fal Ruiz: \u00abVolver a torear en Madrid es el mayor premio de mi carrera\u00bb\" data-voc-vtm-id=\"in-text-traffic\" rel=\"nofollow noopener\" target=\"_blank\"><br \/>\n<img decoding=\"async\" loading=\"lazy\" src=\"https:\/\/www.europesays.com\/es\/wp-content\/uploads\/2026\/05\/IMG_2496-U37528385640rts-366x256@diario_abc.jpg\" class=\"v-a-img\" width=\"258\" height=\"180\" alt=\"Ra\u00fal Ruiz: \u00abVolver a torear en Madrid es el mayor premio de mi carrera\u00bb\"\/><br \/>\n<\/a><\/p>\n<\/li>\n<\/ul>\n<p class=\"v-d-p\" style=\"\">Una aventura que comenz\u00f3 en 2020 con una caja de cart\u00f3n, una luz y un cristal. \u00abYo siempre lo he tenido en la cabeza, pero echaba cuentas y no me sal\u00edan\u00bb, recuerda Santiago, que aprovechando la pausa del confinamiento se anim\u00f3 a fabricar un esc\u00e1ner casero por menos de la cuarta parte de lo que valdr\u00eda una m\u00e1quina profesional. Desde entonces, llevan casi cuatrocientos mil negativos procesados y cien TB de im\u00e1genes digitalizadas, una cifra equivalente a la capacidad de ochocientos tel\u00e9fonos m\u00f3viles. Pero para entender totalmente la magnitud de esta empresa es necesario remontarse medio siglo atr\u00e1s.<\/p>\n<p class=\"v-d-p\" style=\"\">\u00abTodo empieza en haberlos sabido conservar\u00bb. Santiago se refiere a los negativos que durante d\u00e9cadas han permanecido protegido y catalogado en un almac\u00e9n, algo poco habitual entre los fot\u00f3grafos de la \u00e9poca pues, tal y como recuerda, \u00abse revelaba a toda pastilla, se secaban los carretes con secador y se vend\u00edan las fotos a los toreros nada m\u00e1s terminar la corrida\u00bb. Esta fren\u00e9tica labor, sumada a los numerosos traslados entre plaza y plaza, provocaba que la mayor\u00eda de los fot\u00f3grafos, agotados, terminasen olvidando todo su trabajo en cajas sin ning\u00fan orden ni fecha.<\/p>\n<p>\nOrigen de la saga\n<\/p>\n<p class=\"v-d-p\" style=\"\">El rigor que ha hecho destacar desde el inicio a esta firma tiene su origen en el patriarca de la saga, Fernando Bot\u00e1n Mon, un hombre meticuloso y ordenado que aterriz\u00f3 casi por casualidad en esta profesi\u00f3n a principios de los a\u00f1os 60. \u00abEl abuelo ve\u00eda negocio en todo. Trabajaba en la editorial cat\u00f3lica del diario Ya y se compr\u00f3 una Leica un poco porque s\u00ed. Comenz\u00f3 a ganar dinero haciendo fotos en el hip\u00f3dromo de la Zarzuela, pero su afici\u00f3n era los toros\u00bb.<\/p>\n<p class=\"v-d-p\" style=\"\">Frente al caos de sus compa\u00f1eros, Fernando Bot\u00e1n anotaba religiosamente las ganancias de cada jornada junto a un breve texto de lo ocurrido durante la lidia. Estaba ejerciendo, sin propon\u00e9rselo, la labor de cronista taurino.<\/p>\n<p class=\"v-d-p\" style=\"\">Sus sucesores heredaron esta rutina y continuaron relatando todas las corridas en un voluminoso cuaderno que hoy se utiliza como gu\u00eda para clasificar los carretes y elaborar una ficha de cada torero. Este registro es la base de todo el proceso.<\/p>\n<p>\nEl toro humillado\n<\/p>\n<p class=\"v-d-p\" style=\"\">Tras limpiar y datar cada negativo, se coloca bajo una c\u00e1mara montada en perpendicular cuidando que est\u00e9 perfectamente alineado para que el enfoque sea n\u00edtido en toda la superficie. Al disparar, la foto se transfiere por cable al ordenador, donde la imagen se muestra todav\u00eda con una apariencia fantasmal. El negativo ya est\u00e1 digitalizado. Falta positivar. La tarea que en los albores de la fotograf\u00eda llevaba horas de trabajo y espera, hoy se ejecuta con un r\u00e1pido comando en Photoshop.<\/p>\n<p><img decoding=\"async\" loading=\"lazy\" src=\"https:\/\/www.europesays.com\/es\/wp-content\/uploads\/2026\/05\/arhivo-U50338286175TIT-680x476@diario_abc.jpg\" class=\"v-a-img\" width=\"680\" height=\"478\" alt=\"El archivo Bot\u00e1n\" data-voc-vtm-id=\"in-text-traffic\"\/><\/p>\n<p>El archivo Bot\u00e1n.<\/p>\n<p>(T. Sieira)<\/p>\n<p class=\"v-d-p\" style=\"\">Sin embargo, la agilidad del proceso no elimina la necesidad de criterio. Ante tal volumen de material, es vital que la persona encargada de esta tarea tenga conocimientos taurinos para determinar el instante clave del lance: la muleta lisa, el toro humillado y los pies plantados en la arena. La fotograf\u00eda perfecta.<\/p>\n<p class=\"v-d-p\" style=\"\">\u00abEl buen fot\u00f3grafo taurino tiene que saber de toros. Antes, ten\u00edas que saber disparar para no gastar todo el carrete\u00bb, recuerda Santiago, refiri\u00e9ndose a la \u00e9poca en que Anto\u00f1ete, Ordo\u00f1ez o Bienvenida abarrotaban las plazas y la exigencia de los cr\u00edticos taurinos demandaba profesionales con gran conocimiento de la lidia, diferenci\u00e1ndose as\u00ed del resto de fotorreporteros generalistas.<\/p>\n<p class=\"v-d-p\" style=\"\">La imagen del torero, esa impronta que perdura a\u00f1os en la retina del aficionado, era una obra exclusiva elegida con criterio y mimo  junto con el redactor e incluso el director del peri\u00f3dico para ilustrar de manera fiel la cr\u00f3nica del d\u00eda.<\/p>\n<p class=\"v-d-p\" style=\"\">El ejercicio de la fotograf\u00eda se antojaba entonces como algo inalcanzable para la mayor\u00eda, todo lo contrario al escenario actual, donde su democratizaci\u00f3n ha favorecido el intrusismo laboral que deval\u00faa el trabajo de muchos profesionales y promueve malas pr\u00e1cticas como el uso indebido de im\u00e1genes sin el correspondiente cr\u00e9dito ni remuneraci\u00f3n a sus autores.<\/p>\n<p class=\"v-d-p\" style=\"\">Aun con la inevitable idea latente de que cualquier tiempo pasado fue mejor, los Bot\u00e1n han sabido capear con soltura el paso del tiempo, pues sobrevivieron al cr\u00edtico cambio del anal\u00f3gico al digital, y han abrazado cada avance tecnol\u00f3gico, desde el Photoshop hasta la IA.<\/p>\n<p>\nEl futuro\n<\/p>\n<p class=\"v-d-p\" style=\"\">Con d\u00e9cadas de trabajo a sus espaldas y una carrera m\u00e1s que amortizada, Santiago afronta el porvenir de la firma con absoluta serenidad: \u00abEl futuro de la agencia es Ana. Yo no me voy a morir haciendo fotos a los toros\u00bb.<\/p>\n<p class=\"v-d-p\" style=\"\">Se refiere a Ana Escribano, una discreta y menuda fot\u00f3grafa que entr\u00f3 a formar parte de la agencia en 2023 y que actualmente asume el grueso de la digitalizaci\u00f3n.<\/p>\n<p class=\"v-d-p\" style=\"\">Respecto a la custodia de este patrimonio, es contundente: \u00abEl archivo se queda en Bot\u00e1n, como legado para el que siga\u00bb, ya que donarlo a una instituci\u00f3n podr\u00eda abocarlo al olvido y dejarlo en manos ajenas al oficio conllevar\u00eda el riesgo de que acabe malvendido o peor, en un contenedor.<\/p>\n<p class=\"v-d-p\" style=\"\">Es la suerte que han sufrido muchos fondos de grandes fot\u00f3grafos como su amigo Constante, fallecido a finales de septiembre. El trabajo de toda su vida se salv\u00f3 a \u00faltima hora gracias a Ana y Santiago, quienes tras cinco d\u00edas transportando cajas desde un quinto sin ascensor tuvieron que contar con la ayuda de los alumnos de la escuela de tauromaquia. Estos, junto a su profesor Agust\u00edn Serrano, terminaron de trasladar todo el material al torre\u00f3n de autoridades de Las Ventas, donde ahora permanece a salvo.<\/p>\n<p class=\"v-d-p\" style=\"\">Mientras Madrid celebra un inicio de San Isidro bajo cambiantes cielos, avanza en silencio esta faena que tambi\u00e9n abarca la digitalizaci\u00f3n del archivo de otro compa\u00f1ero, Jes\u00fas Rodr\u00edguez &#8216;El Chato&#8217;. <\/p>\n<p class=\"v-d-p\" style=\"\">Es la querencia a los amigos la raz\u00f3n primera de tal empresa, s\u00ed, pero tambi\u00e9n la responsabilidad de mantener vivo el legado de una tradici\u00f3n que ha definido la cultura de un pa\u00eds. \u00abYo soy fot\u00f3grafo y soy espa\u00f1ol, y aunque no sea taurino, esto es historia de Espa\u00f1a\u00bb.<\/p>\n","protected":false},"excerpt":{"rendered":"Santiago sigue disparando en cada lance como anta\u00f1o. Tres fotos por segundo. Tiene el pulso curtido en anal\u00f3gico&hellip;\n","protected":false},"author":2,"featured_media":576189,"comment_status":"","ping_status":"","sticky":false,"template":"","format":"standard","meta":{"footnotes":""},"categories":[173],"tags":[229,233,231,230,232,234,1563,146,147,25,24,10328,448,697,911,45835,9218,26032,23,600,2752],"class_list":["post-576188","post","type-post","status-publish","format-standard","has-post-thumbnail","category-arte-y-diseno","tag-arte","tag-arte-y-diseno","tag-arts","tag-arts-and-design","tag-design","tag-diseno","tag-dos","tag-entertainment","tag-entretenimiento","tag-es","tag-espana","tag-fotografos","tag-historia","tag-medio","tag-memoria","tag-preservar","tag-siglo","tag-sombra","tag-spain","tag-taurina","tag-trabajo"],"share_on_mastodon":{"url":"https:\/\/pubeurope.com\/@es\/116655088884259785","error":""},"_links":{"self":[{"href":"https:\/\/www.europesays.com\/es\/wp-json\/wp\/v2\/posts\/576188","targetHints":{"allow":["GET"]}}],"collection":[{"href":"https:\/\/www.europesays.com\/es\/wp-json\/wp\/v2\/posts"}],"about":[{"href":"https:\/\/www.europesays.com\/es\/wp-json\/wp\/v2\/types\/post"}],"author":[{"embeddable":true,"href":"https:\/\/www.europesays.com\/es\/wp-json\/wp\/v2\/users\/2"}],"replies":[{"embeddable":true,"href":"https:\/\/www.europesays.com\/es\/wp-json\/wp\/v2\/comments?post=576188"}],"version-history":[{"count":0,"href":"https:\/\/www.europesays.com\/es\/wp-json\/wp\/v2\/posts\/576188\/revisions"}],"wp:featuredmedia":[{"embeddable":true,"href":"https:\/\/www.europesays.com\/es\/wp-json\/wp\/v2\/media\/576189"}],"wp:attachment":[{"href":"https:\/\/www.europesays.com\/es\/wp-json\/wp\/v2\/media?parent=576188"}],"wp:term":[{"taxonomy":"category","embeddable":true,"href":"https:\/\/www.europesays.com\/es\/wp-json\/wp\/v2\/categories?post=576188"},{"taxonomy":"post_tag","embeddable":true,"href":"https:\/\/www.europesays.com\/es\/wp-json\/wp\/v2\/tags?post=576188"}],"curies":[{"name":"wp","href":"https:\/\/api.w.org\/{rel}","templated":true}]}}