{"id":576235,"date":"2026-05-29T01:29:25","date_gmt":"2026-05-29T01:29:25","guid":{"rendered":"https:\/\/www.europesays.com\/es\/576235\/"},"modified":"2026-05-29T01:29:25","modified_gmt":"2026-05-29T01:29:25","slug":"roland-garros-2024-martin-landaluce-leo-filosofia-porque-es-importante-formarse-un-pensamiento-propio-tenis-deportes","status":"publish","type":"post","link":"https:\/\/www.europesays.com\/es\/576235\/","title":{"rendered":"Roland Garros 2024: Mart\u00edn Landaluce: \u201cLeo filosof\u00eda porque es importante formarse un pensamiento propio\u201d | Tenis | Deportes"},"content":{"rendered":"<p class=\"\">\u201cQue s\u00ed, pap\u00e1, que eras el n\u00famero uno. El mejor\u2026 \u00a1Muy bueno, muy bueno! Que s\u00ed\u2026\u201d. Mart\u00edn Landaluce (Madrid, 20 a\u00f1os) le da un par de palmadas en la espalda a su progenitor, Alejandro, en presencia tambi\u00e9n de su hermana, Alejandra. M\u00e1s o menos, tres gotas de agua reunidas \u2014ojos muy azules y buena planta\u2014 para esta primera aventura del tenista en el cuadro final de Roland Garros. Empieza dura la cosa, con sudores y apreturas; le duele la mu\u00f1eca, pero resiste: 6-3, 4-6, 6-2, 6-7(3) y 6-4 (tras 4h 30m) en el debut contra el boliviano Juan Carlos Prado Angelo. \u201cSi quieres, luego lo traemos otro rato y as\u00ed segu\u00eds charlando\u2026\u201d, contin\u00faa con guasa el madrile\u00f1o, quien despu\u00e9s de algunas curvas (las l\u00f3gicas, en realidad) <a href=\"https:\/\/elpais.com\/deportes\/tenis\/2026-03-24\/martin-landaluce-el-joven-tenista-que-estudia-ade-brilla-en-miami-y-busca-romper-el-techo-del-top-100.html\" target=\"_self\" rel=\"nofollow noopener\" title=\"https:\/\/elpais.com\/deportes\/tenis\/2026-03-24\/martin-landaluce-el-joven-tenista-que-estudia-ade-brilla-en-miami-y-busca-romper-el-techo-del-top-100.html\">va consolidando el estir\u00f3n<\/a>. A veces, una gran victoria puede ser peligrosa. Su triunfo como j\u00fanior en el US Open (2022) salpic\u00f3 el camino de prisas y exigencia desde el exterior. \u201cTodo requiere de tiempo\u201d, recalca. \u201cEs vasco, s\u00ed\u201d, se refiere a su apellido. Su hablar, sin embargo, es el de Madrid.<\/p>\n<p>M\u00e1s informaci\u00f3n<\/p>\n<p class=\"\"><b>Pregunta.<\/b> J\u00f3dar, M\u00e9rida, usted. \u00bfQu\u00e9 os dan de comer \u00faltimamente a los madrile\u00f1os?<\/p>\n<p class=\"\"><b>Respuesta.<\/b> La verdad es que s\u00ed\u2026 [risas]. Estamos haci\u00e9ndolo incre\u00edble, los tres meti\u00e9ndonos en el top-100 este a\u00f1o. Es brutal ver lo r\u00e1pido que estamos creciendo, as\u00ed, de repente, y c\u00f3mo est\u00e1n sali\u00e9ndonos las cosas. Quiz\u00e1 se debe a que ves que el otro est\u00e1 haci\u00e9ndolo bien y te lo crees. Te dices: \u2018oye, que yo tambi\u00e9n puedo estar ah\u00ed\u2019. Llevamos diez a\u00f1os compitiendo en los mismos circuitos y los mismos torneos, y es bonito que ahora coincidamos en este momento tan importante para nuestras carreras.<\/p>\n<p class=\"\"><b>P.<\/b> Alcaraz va encontrando socios. \u00bfSe imagina la pr\u00f3xima d\u00e9cada pic\u00e1ndose los unos con los otros?<\/p>\n<p class=\"\"><b>R.<\/b> S\u00ed, s\u00ed, cien por cien. Carlos ha construido un camino para todos, al igual que otros referentes que lo hicieron en el pasado. Al entrenar con ellos vas d\u00e1ndote cuenta de que es la realidad, de que ya no est\u00e1s vi\u00e9ndolo por la tele, de que ya puedes empezar a recrearte t\u00fa tambi\u00e9n. Lo que est\u00e1n haciendo <a href=\"https:\/\/elpais.com\/deportes\/tenis\/2026-05-03\/chamartin-orgullo-de-club-y-ahora-epicentro-espanol.html\" target=\"_self\" rel=\"nofollow noopener\" title=\"https:\/\/elpais.com\/deportes\/tenis\/2026-05-03\/chamartin-orgullo-de-club-y-ahora-epicentro-espanol.html\">Rafa [J\u00f3dar], Dani [M\u00e9rida] y otros jugadores espa\u00f1oles<\/a> es superilusionante; llevamos toda la vida queriendo estar aqu\u00ed y ahora que nos encontramos todos juntos, no est\u00e1 mal que haya una rivalidad sana que nos obligue a ser mejores. Es muy bonito ver que un pa\u00eds est\u00e9 haci\u00e9ndolo tan bien y ojal\u00e1 podamos inspirar a las generaciones que vienen por detr\u00e1s.<\/p>\n<blockquote class=\"a_q\">\n<p>Hemos aparecido con fuerza, queriendo comernos el mundo. Ves al otro y te dices: \u2018oye, yo tambi\u00e9n puedo\u2019<\/p>\n<\/blockquote>\n<p class=\"\"><b>P.<\/b> Hace no tanto se ve\u00eda todo bastante oscuro. Entonces, \u00bfpinta bien el futuro?<\/p>\n<p class=\"\"><b>R.<\/b> Es verdad que si hac\u00edas una comparaci\u00f3n con respecto a lo de antes [la franja entre 2000 y 2020], parec\u00eda que hab\u00eda menos gente, que no sal\u00edan jugadores, pero de repente hemos aparecido con un mont\u00f3n de fuerza, queriendo comernos el mundo y gan\u00e1ndoles a tenistas top; y no se trata solo de nosotros tres, sino que tambi\u00e9n est\u00e1 ah\u00ed [Pablo] Llamas, por ejemplo, y unos cuantos m\u00e1s. Eso da mucha esperanza y estoy seguro de que entre todos vamos a poder dar unas cuantas alegr\u00edas.<\/p>\n<p class=\"\"><b>P.<\/b> \u00bfHasta qu\u00e9 punto es complicado meter la cabeza en la \u00e9lite?<\/p>\n<p class=\"\"><b>R.<\/b> Es superdif\u00edcil. Llega poqu\u00edsima gente y por eso hay que valorarlo mucho. Son muchos a\u00f1os de sacrificio, de disciplina, de dejar atr\u00e1s y de lado un mont\u00f3n de cosas que, oye, a priori parecen m\u00e1s placenteras, con el objetivo de alcanzar una meta y un objetivo a largo plazo. La mayor\u00eda de los jugadores no consiguen esa recompensa, o al menos no tanta, y en nuestro caso estamos haci\u00e9ndolo. Cada uno a su manera. <a href=\"https:\/\/elpais.com\/deportes\/tenis\/2026-05-26\/la-mili-universitaria-que-transformo-a-jodar-todo-cambio-de-alli-volvio-un-rafa-diferente.html\" target=\"_self\" rel=\"nofollow noopener\" title=\"https:\/\/elpais.com\/deportes\/tenis\/2026-05-26\/la-mili-universitaria-que-transformo-a-jodar-todo-cambio-de-alli-volvio-un-rafa-diferente.html\">Rafa [J\u00f3dar] ha pegado de repente el petardazo<\/a>, y otros estamos haci\u00e9ndolo de otra forma, m\u00e1s lentos o como sea. El que ahora nos veamos ah\u00ed nos hace sentirnos muy privilegiados. He competido con muchos tenistas a lo largo de estos a\u00f1os y ves como la mayor\u00eda no lo consigue, o bien se van lesionando. Esto es una alegr\u00eda inmensa.<\/p>\n<p><img alt=\"\" decoding=\"auto\" class=\"_re lazyload a_m-h\" height=\"274\"  width=\"414\"  src=\"https:\/\/www.europesays.com\/es\/wp-content\/uploads\/2026\/05\/AXBWPUKWYJLKXCRYW2CI4XZ2GM.jpg\" loading=\"lazy\" fetchpriority=\"low\"\/>Landaluce, durante el partido contra Prado Angelo.YOAN VALAT (EFE)<\/p>\n<p class=\"\"><b>P.<\/b> Usted apost\u00f3 por el salto directo al profesionalismo, todo fue muy r\u00e1pido: patrocinios, una gran multinacional detr\u00e1s&#8230; \u00bfCambiar\u00eda algo?<\/p>\n<p class=\"\"><b>R.<\/b> La verdad es que no. <a href=\"https:\/\/elpais.com\/deportes\/2022-09-10\/martin-landaluce-un-socio-para-alcaraz.html\" target=\"_self\" rel=\"nofollow noopener\" title=\"https:\/\/elpais.com\/deportes\/2022-09-10\/martin-landaluce-un-socio-para-alcaraz.html\">Ganar el US Open siendo tan joven<\/a> y tener todas esas miradas y ese ruido a esa edad me prepar\u00f3 para lo ha ido viniendo despu\u00e9s. Ahora, por ejemplo, estoy en el top-100 [es virtualmente el 58\u00ba] y he hecho dos grandes torneos [en los Masters 1000 de Miami y Roma], y siento que estoy muy asentado y preparado para procesar y manejar todas esas expectativas. Al rev\u00e9s, m\u00e1s bien dir\u00eda que estoy superagradecido de haber vivido esa experiencia siendo tan joven y de poder ser consciente de c\u00f3mo es esta realidad, de qu\u00e9 significa ser tenista profesional. Toda la gente quer\u00eda que con 16 o 17 a\u00f1os estuviera donde estoy ahora, pero claro, no hay muchos jugadores que con 20 est\u00e9n entre los 150 mejores. La gente siempre quiere m\u00e1s, as\u00ed que considero que lo he hecho muy bien al ir tranquilo y siendo consciente de que cada uno tenemos nuestro camino. Aprend\u00ed eso r\u00e1pido y creo que estoy preparado para lo que venga.<\/p>\n<p class=\"\"><b>P.<\/b> \u00bfQu\u00e9 espera de s\u00ed mismo?<\/p>\n<p class=\"\"><b>R.<\/b> Grandes cosas. Creo que estoy consiguiendo grandes resultados y estoy demostr\u00e1ndome que puedo competir contra los mejores; ves que ellos van hablando cada vez m\u00e1s sobre ti, valor\u00e1ndote y respetando el trabajo que est\u00e1s haciendo, as\u00ed que conf\u00edo en poder estar muchos a\u00f1os en la \u00e9lite, en tener buena salud, que es lo m\u00e1s importante, y en poder viajar con mi familia, que es lo que m\u00e1s ilusi\u00f3n me hace.<\/p>\n<blockquote class=\"a_q\">\n<p>La gente siempre quiere m\u00e1s, que vayas muy r\u00e1pido; aprend\u00ed de eso y ahora creo que estoy preparado<\/p>\n<\/blockquote>\n<p class=\"\"><b>P.<\/b> \u00bfDe qu\u00e9 corriente es usted? \u00bfDe la sufridora o de la del disfrute, m\u00e1s propia de su generaci\u00f3n?<\/p>\n<p class=\"\"><b>R.<\/b> He crecido toda la vida en una familia de tenis, hablando durante las comidas de tenis y viendo tenis, y todo eso ha hecho que este deporte est\u00e9 muy presente en mi d\u00eda a d\u00eda, en mi vida. A la vez me considero una persona a la que le encanta vivir, porque tengo un mont\u00f3n de hobbies [aficiones] y me gusta hacer un mont\u00f3n de cosas m\u00e1s all\u00e1 del tenis. Creo que tengo un buen equilibrio, o al menos yo disfruto mucho de todo; en la pista o haciendo la parte f\u00edsica me lo paso bien, pero el resto del d\u00eda tambi\u00e9n hago muchas actividades que me gustan y que me complementan como persona.<\/p>\n<p class=\"\"><b>P.<\/b> Entre Instagram y Bad Bunny, filosof\u00eda. \u00bfDe d\u00f3nde le viene?<\/p>\n<p class=\"\"><b>R.<\/b> Eso es por mi padre. Desde hace a\u00f1os, \u00e9l iba habl\u00e1ndome sobre los pensadores, porque siempre ha tenido una mentalidad de escuchar, as\u00ed que ha ido transmiti\u00e9ndomelo. Me dice que es importante ir formando un pensamiento propio y tener criterio, y eso me gust\u00f3; a partir de ah\u00ed, con 16 o 17, empec\u00e9 a leer a ese tipo de autores y ah\u00ed sigo; voy poco a poco, suave, pero cada vez voy profundizando un poco m\u00e1s. Ahora estoy leyendo de todo, porque no quiero ce\u00f1irme solo a la filosof\u00eda, pero me parece incre\u00edble comprobar c\u00f3mo pensadores de hace 2000 a\u00f1os ya iban anticipando muchas de las cosas y los comportamientos que suceden ahora. Es una pasada.<\/p>\n<p class=\"\"><b>P.<\/b> Entonces, si le hablan de La Rep\u00fablica de Plat\u00f3n o de la escuela de los sofistas, no se le hace extra\u00f1o.<\/p>\n<p class=\"\"><b>R.<\/b> No, no&#8230; Pero poquito a poco, como en el tenis&#8230; [risas].<\/p>\n","protected":false},"excerpt":{"rendered":"\u201cQue s\u00ed, pap\u00e1, que eras el n\u00famero uno. El mejor\u2026 \u00a1Muy bueno, muy bueno! Que s\u00ed\u2026\u201d. Mart\u00edn Landaluce&hellip;\n","protected":false},"author":2,"featured_media":576236,"comment_status":"","ping_status":"","sticky":false,"template":"","format":"standard","meta":{"footnotes":""},"categories":[274],"tags":[928,17145,1540,168,927,25,24,5266,317,14215,95150,4759,20585,23,167,327,11759,326],"class_list":["post-576235","post","type-post","status-publish","format-standard","has-post-thumbnail","category-tenis","tag-atletas","tag-atp-tour","tag-competiciones","tag-deportes","tag-deportistas","tag-es","tag-espana","tag-filosofia","tag-francia","tag-grand-slam","tag-martin-lanzaluce","tag-paris","tag-roland-garros","tag-spain","tag-sports","tag-tenis","tag-tenistas","tag-tennis"],"share_on_mastodon":{"url":"https:\/\/pubeurope.com\/@es\/116655277990795364","error":""},"_links":{"self":[{"href":"https:\/\/www.europesays.com\/es\/wp-json\/wp\/v2\/posts\/576235","targetHints":{"allow":["GET"]}}],"collection":[{"href":"https:\/\/www.europesays.com\/es\/wp-json\/wp\/v2\/posts"}],"about":[{"href":"https:\/\/www.europesays.com\/es\/wp-json\/wp\/v2\/types\/post"}],"author":[{"embeddable":true,"href":"https:\/\/www.europesays.com\/es\/wp-json\/wp\/v2\/users\/2"}],"replies":[{"embeddable":true,"href":"https:\/\/www.europesays.com\/es\/wp-json\/wp\/v2\/comments?post=576235"}],"version-history":[{"count":0,"href":"https:\/\/www.europesays.com\/es\/wp-json\/wp\/v2\/posts\/576235\/revisions"}],"wp:featuredmedia":[{"embeddable":true,"href":"https:\/\/www.europesays.com\/es\/wp-json\/wp\/v2\/media\/576236"}],"wp:attachment":[{"href":"https:\/\/www.europesays.com\/es\/wp-json\/wp\/v2\/media?parent=576235"}],"wp:term":[{"taxonomy":"category","embeddable":true,"href":"https:\/\/www.europesays.com\/es\/wp-json\/wp\/v2\/categories?post=576235"},{"taxonomy":"post_tag","embeddable":true,"href":"https:\/\/www.europesays.com\/es\/wp-json\/wp\/v2\/tags?post=576235"}],"curies":[{"name":"wp","href":"https:\/\/api.w.org\/{rel}","templated":true}]}}