{"id":576257,"date":"2026-05-29T01:45:11","date_gmt":"2026-05-29T01:45:11","guid":{"rendered":"https:\/\/www.europesays.com\/es\/576257\/"},"modified":"2026-05-29T01:45:11","modified_gmt":"2026-05-29T01:45:11","slug":"estados-unidos-designa-a-dos-bandas-criminales-de-brasil-como-organizaciones-terroristas-internacional","status":"publish","type":"post","link":"https:\/\/www.europesays.com\/es\/576257\/","title":{"rendered":"Estados Unidos designa a dos bandas criminales de Brasil como organizaciones terroristas | Internacional"},"content":{"rendered":"<p class=\"\">Estados Unidos incluir\u00e1 a dos de las bandas del crimen organizado m\u00e1s poderosas de Brasil, el Comando Vermelho y el Primeiro Comando da Capital (PCC), en su lista de organizaciones terroristas extranjeras a partir del 5 de junio, seg\u00fan ha informado el Departamento de Estado. Adem\u00e1s, Washington ha incluido a partir de este mismo jueves a los dos grupos como \u201cTerroristas Globales Designados Especialmente\u201d. <\/p>\n<p class=\"\">El anuncio llega a cuatro meses de las presidenciales brasile\u00f1as y sacude un proceso electoral que previsiblemente enfrentar\u00e1 al presidente izquierdista Luiz In\u00e1cio Lula da Silva con el senador derechista <a href=\"https:\/\/elpais.com\/internacional\/2026-05-26\/trump-recibe-a-bolsonaro-hijo-en-el-despacho-oval-tres-semanas-despues-de-lula.html\" target=\"_self\" rel=\"nofollow noopener\" title=\"https:\/\/elpais.com\/internacional\/2026-05-26\/trump-recibe-a-bolsonaro-hijo-en-el-despacho-oval-tres-semanas-despues-de-lula.html\">Flavio Bolsonaro<\/a>, hijo del expresidente Jair Bolsonaro. La medida representa un rev\u00e9s para el Gobierno del presidente Luiz In\u00e1cio Lula da Silva, que se opon\u00eda a ese tipo de paso porque podr\u00eda abrir una v\u00eda a una intervenci\u00f3n militar estadounidense en el gigante sudamericano o a aplicar sanciones a los bancos que, sin saberlo, hagan negocios con miembros de esos grupos. Lula es partidario de combatir al crimen organizado mediante la asfixia econ\u00f3mica y la cooperaci\u00f3n internacional.<\/p>\n<p class=\"\">La inclusi\u00f3n de las dos bandas se anuncia apenas dos d\u00edas despu\u00e9s de que el presidente de Estados Unidos, Donald Trump, <a href=\"https:\/\/elpais.com\/internacional\/2026-05-26\/trump-recibe-a-bolsonaro-hijo-en-el-despacho-oval-tres-semanas-despues-de-lula.html\" target=\"_self\" rel=\"nofollow noopener\" title=\"https:\/\/elpais.com\/internacional\/2026-05-26\/trump-recibe-a-bolsonaro-hijo-en-el-despacho-oval-tres-semanas-despues-de-lula.html\">recibiera en un encuentro privado en el Despacho Oval a Flavio Bolsonaro<\/a>. En esa conversaci\u00f3n, seg\u00fan el propio senador, el aspirante presidencial le hab\u00eda pedido al republicano la inclusi\u00f3n de los dos grupos en la lista de organizaciones terroristas extranjeras. El mandatario le contest\u00f3 que lo estudiar\u00eda. El clan Bolsonaro es hace tiempo partidario de militarizar la lucha contra las drogas.<\/p>\n<p class=\"\">Menos de tres semanas antes, <a href=\"https:\/\/elpais.com\/internacional\/2026-05-07\/trump-y-lula-abordan-la-economia-y-la-seguridad-en-una-cita-clave-para-reencauzar-la-relacion-de-estados-unidos-y-brasil.html\" target=\"_self\" rel=\"nofollow noopener\" title=\"https:\/\/elpais.com\/internacional\/2026-05-07\/trump-y-lula-abordan-la-economia-y-la-seguridad-en-una-cita-clave-para-reencauzar-la-relacion-de-estados-unidos-y-brasil.html\">Trump se hab\u00eda visto tambi\u00e9n en el Despacho Oval con Lula<\/a>, con quien departi\u00f3 durante tres horas y media y comparti\u00f3 un almuerzo, en un encuentro en el que el antiguo sindicalista explic\u00f3 al antiguo magnate inmobiliario las razones por las que dar ese paso contra las dos bandas criminales representar\u00eda, a su juicio, un grave error: Brasil est\u00e1 abierto a colaborar en la lucha contra grupos criminales pero <a href=\"https:\/\/elpais.com\/america\/2026-05-07\/lula-visita-a-trump-en-la-casa-blanca-en-busca-de-una-relacion-fluida-pese-a-las-discrepancias.html\" target=\"_self\" rel=\"nofollow noopener\" title=\"https:\/\/elpais.com\/america\/2026-05-07\/lula-visita-a-trump-en-la-casa-blanca-en-busca-de-una-relacion-fluida-pese-a-las-discrepancias.html\">se opone a que esas bandas queden incluidas en las listas estadounidenses de organizaciones terroristas<\/a>, como se plantea Estados Unidos. El Gobierno argumenta que esa designaci\u00f3n entrar\u00eda en conflicto con su legislaci\u00f3n interna, que considera a estas bandas redes criminales guiadas por el lucro y no por la ideolog\u00eda, y socavar\u00eda la soberan\u00eda nacional. <\/p>\n<p class=\"\">En un comunicado distribuido a trav\u00e9s de redes sociales, el secretario de Estado, Marco Rubio, ha calificado al PCC y al Comando Vermelho como dos de \u201clas organizaciones criminales m\u00e1s violentas en Brasil\u201d, cuya influencia y conexiones se extienden por toda Am\u00e9rica Latina y en Estados Unidos. Juntas tienen a su mando a miles de miembros y han perpetrado \u201cataques brutales\u201d contra agentes de la Polic\u00eda, funcionarios y civiles, asegura el Departamento de Estado.<\/p>\n<p class=\"\">\u201cLa Administraci\u00f3n de Donald Trump seguir\u00e1 utilizando todos los medios a su disposici\u00f3n para proteger nuestra naci\u00f3n y nuestros intereses de seguridad nacional, manteniendo las drogas ilegales fuera de nuestras calles y cortando los flujos de ingresos que financian a los narcoterroristas violentos\u201d, ha sostenido el jefe de la diplomacia estadounidense. <\/p>\n<p class=\"\">Fl\u00e1vio Bolsonaro ha aprovechado la decisi\u00f3n de Trump para presumir y atacar al presidente de Brasil: \u201cMientras Lula fue a arrodillarse ante Trump para hacer lobby a favor del CV y del PCC, yo fui a trabajar para que sean tratados como terroristas\u201d, ha tuiteado en redes, vestido con la camiseta de la selecci\u00f3n de Brasil.<\/p>\n<p class=\"\">El Primeiro Comando da Capital (PCC) naci\u00f3 una c\u00e1rcel de S\u00e3o Paulo en los a\u00f1os noventa con el objetivo de defender los derechos m\u00e1s b\u00e1sicos de los presos. Con los a\u00f1os entr\u00f3 en el negocio de la droga y en la actualidad tiene 40.000 hombres y mujeres y ramificaciones en toda Am\u00e9rica Latina y algunos pa\u00edses de Europa y \u00c1frica. El comando Vermelho tambi\u00e9n naci\u00f3 en una c\u00e1rcel, pero de R\u00edo de Janeiro. Suma unos 30.000 hombres armados.<\/p>\n<p class=\"\">Ambos grupos operan e imponen su ley, en decenas de favelas y c\u00e1rceles. En los \u00faltimos 15 a\u00f1os han protagonizado una gran expansi\u00f3n desde sus respectivos territorios y est\u00e1n presentes en todo el pa\u00eds.<\/p>\n<p class=\"\">Ignacio Cano, director del Laboratorio de An\u00e1lisis de la Violencia de la Universidad Estatal de R\u00edo de Janeiro explica que catalogar como terroristas al PCC y al CV no va a detener el flujo de drogas ni tiene impacto legal, pero s\u00ed pol\u00edtico. \u201cPara Brasil, desde el punto de vista legal, no tiene ning\u00fan impacto. El Gobierno Trump est\u00e1 presionando a todos los pa\u00edses de la regi\u00f3n para militarizar la Seguridad P\u00fablica contra los narcoterroristas, una definici\u00f3n legal que s\u00f3lo existe en Estados Unidos. Pero desde el punto de vista pol\u00edtico es muy significativo. Es una ficci\u00f3n pol\u00edtica para presentar al gobierno de Lula como d\u00e9bil ante el crimen organizado\u201d, apunta este experto.<\/p>\n<p class=\"\">Con este paso, PCC y Comando Vermelho se suman a una serie cada vez m\u00e1s extensa de organizaciones del narcotr\u00e1fico en Am\u00e9rica Latina incluidas en la lista de organizaciones terroristas extranjeras. La inclusi\u00f3n en ella del Cartel de los Soles, una denominaci\u00f3n que agrupa a cargos y personalidades venezolanas que se beneficiaban del narcotr\u00e1fico en la etapa chavista, y la designaci\u00f3n de Nicol\u00e1s Maduro como su l\u00edder sirvi\u00f3 a la Administraci\u00f3n de Trump como argumento legal para justificar la operaci\u00f3n militar que captur\u00f3 al presidente venezolano en las afueras de Caracas el pasado 3 de enero. Maduro fue trasladado en un avi\u00f3n militar a Nueva York, donde se encuentra preso a la espera de juicio. <\/p>\n<p class=\"\">La designaci\u00f3n de este tipo de bandas criminales como organizaciones terroristas tambi\u00e9n ha servido de argumento a la Administraci\u00f3n Trump para bombardear lo que describe como narcolanchas en aguas internacionales del Caribe o el Pac\u00edfico oriental, en lo que expertos y legisladores dem\u00f3cratas consideran ejecuciones extrajudiciales. Hasta el momento, el Gobierno estadounidense no ha presentado p\u00fablicamente pruebas que confirmen que esas embarcaciones o sus tripulantes mantuvieran v\u00ednculos con el narcotr\u00e1fico. <\/p>\n<p>Carta de congresistas<\/p>\n<p class=\"\">A comienzos de este mes, un grupo de legisladores dem\u00f3cratas estadounidenses, encabezados por el congresista Jim McGovern, hab\u00edan dirigido una carta a Rubio para exigirle que <a href=\"https:\/\/mcgovern.house.gov\/uploadedfiles\/brazil_letter_final.pdf\" target=\"_blank\" rel=\"nofollow noopener\" title=\"https:\/\/mcgovern.house.gov\/uploadedfiles\/brazil_letter_final.pdf\">desestimara la inclusi\u00f3n de los dos grupos<\/a> en la lista de organizaciones terroristas extranjeras. \u201cNos preocupa que el uso excesivo y transformado en arma pol\u00edtica de las designaciones como organizaciones terroristas extranjeras en casos en los que no se cumplen los par\u00e1metros claros de actividad terrorista pueda debilitar los esfuerzos para luchar contra el crimen organizado en nuestro hemisferio\u201d, escrib\u00edan entonces los congresistas. \u201cEs m\u00e1s, dado el uso de esta administraci\u00f3n de las designaciones terroristas como justificaci\u00f3n para perpetrar ejecuciones extrajudiciales en el Caribe y el Pac\u00edfico oriental, nos preocupa c\u00f3mo la Administraci\u00f3n pueda utilizar esas designaciones\u201d.<\/p>\n<p class=\"\">Los legisladores tambi\u00e9n recuerdan que la Administraci\u00f3n de Trump ya ha recurrido en el pasado a sanciones para interferir en los asuntos internos brasile\u00f1os. Citan, por ejemplo, las sanciones que impuso al juez del Tribunal Supremo Alexandre de Moraes despu\u00e9s de que el magistrado condenara a Jair Bolsonaro por intentar un golpe tras las elecciones de 2022 que dieron la victoria a Lula. <\/p>\n","protected":false},"excerpt":{"rendered":"Estados Unidos incluir\u00e1 a dos de las bandas del crimen organizado m\u00e1s poderosas de Brasil, el Comando Vermelho&hellip;\n","protected":false},"author":2,"featured_media":576258,"comment_status":"","ping_status":"","sticky":false,"template":"","format":"standard","meta":{"footnotes":""},"categories":[42],"tags":[889,3216,17,18,4329,27522,352,629,13,14,11,61,62,63,64,3218,19,20,3219,7337,9,2556,10,15,16,17918,952,15488,592,17923,12,21,22,2558,65,66,67],"class_list":["post-576257","post","type-post","status-publish","format-standard","has-post-thumbnail","category-internacional","tag-america","tag-brasil","tag-breaking-news","tag-breakingnews","tag-casa-blanca","tag-crimen-organizado","tag-donald-trump","tag-estados-unidos","tag-featured-news","tag-featurednews","tag-headlines","tag-internacional","tag-international","tag-international-news","tag-internationalnews","tag-jair-bolsonaro","tag-latest-news","tag-latestnews","tag-lula-da-silva","tag-narcotrafico","tag-news","tag-norteamerica","tag-noticias","tag-noticias-destacadas","tag-noticiasdestacadas","tag-partido-republicano-ee-uu","tag-politica","tag-politica-exterior","tag-terrorismo","tag-terrorismo-internacional","tag-titulares","tag-ultimas-noticias","tag-ultimasnoticias","tag-washington-d-c","tag-world","tag-world-news","tag-worldnews"],"share_on_mastodon":{"url":"","error":"Validation failed: Text character limit of 500 exceeded"},"_links":{"self":[{"href":"https:\/\/www.europesays.com\/es\/wp-json\/wp\/v2\/posts\/576257","targetHints":{"allow":["GET"]}}],"collection":[{"href":"https:\/\/www.europesays.com\/es\/wp-json\/wp\/v2\/posts"}],"about":[{"href":"https:\/\/www.europesays.com\/es\/wp-json\/wp\/v2\/types\/post"}],"author":[{"embeddable":true,"href":"https:\/\/www.europesays.com\/es\/wp-json\/wp\/v2\/users\/2"}],"replies":[{"embeddable":true,"href":"https:\/\/www.europesays.com\/es\/wp-json\/wp\/v2\/comments?post=576257"}],"version-history":[{"count":0,"href":"https:\/\/www.europesays.com\/es\/wp-json\/wp\/v2\/posts\/576257\/revisions"}],"wp:featuredmedia":[{"embeddable":true,"href":"https:\/\/www.europesays.com\/es\/wp-json\/wp\/v2\/media\/576258"}],"wp:attachment":[{"href":"https:\/\/www.europesays.com\/es\/wp-json\/wp\/v2\/media?parent=576257"}],"wp:term":[{"taxonomy":"category","embeddable":true,"href":"https:\/\/www.europesays.com\/es\/wp-json\/wp\/v2\/categories?post=576257"},{"taxonomy":"post_tag","embeddable":true,"href":"https:\/\/www.europesays.com\/es\/wp-json\/wp\/v2\/tags?post=576257"}],"curies":[{"name":"wp","href":"https:\/\/api.w.org\/{rel}","templated":true}]}}