{"id":576359,"date":"2026-05-29T03:21:12","date_gmt":"2026-05-29T03:21:12","guid":{"rendered":"https:\/\/www.europesays.com\/es\/576359\/"},"modified":"2026-05-29T03:21:12","modified_gmt":"2026-05-29T03:21:12","slug":"corredora-llega-a-los-cines-para-hablar-de-deporte-y-salud-reducir-las-causas-de-una-enfermedad-mental-unicamente-a-un-factor-seria-simplista","status":"publish","type":"post","link":"https:\/\/www.europesays.com\/es\/576359\/","title":{"rendered":"&#8216;Corredora&#8217; llega a los cines para hablar de deporte y salud: \u00abReducir las causas de una enfermedad mental \u00fanicamente a un factor ser\u00eda simplista\u00bb"},"content":{"rendered":"<p style=\"\">\u00abEsto me podr\u00eda haber pasado en cualquier trabajo, esto me podr\u00eda haber pasado en cualquier situaci\u00f3n\u00bb. \u00abEsto\u00bb es una psicosis; un brote que llev\u00f3 a Cris a hundirse en un pozo muy profundo, un hoyo del que solo saldr\u00e1 si vuelve a confiar en  &#8230; quienes la rodean. Porque Cris es una atleta, una deportista de \u00e9lite que corre en solitario, pero que tiene personas que la quieren donde poder apoyarse, aunque ella no lo quiera, aunque ella no pueda verlo. &#8216;Corredora&#8217; cuenta esta asfixiante historia que, al ritmo de un techo machac\u00f3n, mostrar\u00e1 la verdad tras una enfermedad mental muy concreta, la de Cris.<\/p>\n<p class=\"v-d-p\" style=\"\">La pel\u00edcula, se estrena este viernes 29 de mayo en cines, es la \u00f3pera prima de Laura Garc\u00eda Alonso y, aunque ya se ha podido ver en el Festival de M\u00e1laga, en el BCN Film Fest y en un peque\u00f1o pase en Granada, la directora novel espera con nervios esta fecha marcada en el calendario. \u00abEstoy muy feliz, es un logro inmenso conseguir levantar una primera pel\u00edcula\u00bb, confiesa la directora. \u00abHemos estado trabajando durante varios a\u00f1os en el proyecto y que al final consiga estrenarse es un sue\u00f1o cumplido\u00bb. Junto a ella se encuentra Alba S\u00e1ez, la actriz que interpreta a la joven Cris y que tambi\u00e9n se encuentra en una posici\u00f3n novel al ser su primera papel protagonista. Juntas, nos hablan de todos los misterios que rodean a esta &#8216;Corredora&#8217;.<\/p>\n<p class=\"v-d-p\" style=\"\"><strong>\u2014\u00bfC\u00f3mo se llega hasta esta historia?<\/strong><\/p>\n<p class=\"v-d-p\" style=\"\">\u2014 Laura Garc\u00eda Alonso: El guion est\u00e1 escrito junto a Pol Cortecans y nace de la voluntad de hablar de un tema, en este caso una enfermedad mental grave, de un forma sensible e intentando hacer un ejercicio de empat\u00eda con los personajes. <\/p>\n<p class=\"v-d-p\" style=\"\"><strong>\u2014Peor, \u00bfpor qu\u00e9 contarlo desde el deporte?<\/strong><\/p>\n<p class=\"v-d-p\" style=\"\">\u2014L.G.A.: Porque deporte nos daba una serie de ingredientes s\u00faper chulos, la autoexigencia del deportista, la presi\u00f3n que sienten. Adem\u00e1s, el deporte es s\u00faper est\u00e9tico, el atletismo en concreto. Luego me obsesion\u00e9 con la imagen de una chica que corre como mecanismo de control, \u00bfqu\u00e9 hago con todo este ruido, con toda esta tensi\u00f3n, con todo lo que tengo? me echo a correr, lo convierto en energ\u00eda cin\u00e9tica.<\/p>\n<p class=\"v-d-p\" style=\"\"><strong>\u2014Parece que est\u00e1 de moda esta est\u00e9tica de los Centros de Alto Rendimiento (CAR), como en &#8216;Olympo&#8217; de Netflix o &#8216;Los 15 de Fosbury&#8217;, la \u00faltima novela de Blue Jeans.<\/strong><\/p>\n<p class=\"v-d-p\" style=\"\">\u2014L.G.A.: Siempre tuve claro que, aunque la situaci\u00f3n de estr\u00e9s parte de un CAR, no quer\u00eda que el enemigo fue este centro, ni el atletismo, ni el deporte porque ser\u00eda una manera simplista de reducir las causas de una enfermedad mental \u00fanicamente a un factor. Lo que quer\u00edamos es que saliese de ella toda esa exigencia, que no sinti\u00e9semos un entrenador que ahoga, unos padres que proyectan el \u00e9xito de la hija como su propio \u00e9xito personal, quitamos como todos esos elementos externos que pudiesen justificar la enfermedad mental de la protagonista. <\/p>\n<p class=\"v-d-p\" style=\"\"><strong>\u2014\u00bfC\u00f3mo se prepara uno para este papel?<\/strong><\/p>\n<p class=\"v-d-p\" style=\"\">\u2014Alba S\u00e1ez: Me prepar\u00e9 durante un a\u00f1o f\u00edsicamente con una nutricionista y durante ese tiempo aprend\u00ed a correr b\u00e1sicamente con un entrenador. El atletismo no es lo mismo que el running, el tipo de pisada es distinta, la colocaci\u00f3n del cuerpo es m\u00e1s compleja&#8230; Estuve yendo a una pista de atletismo varios d\u00edas a la semana y observando a atletas de alto rendimiento. Y a nivel psicol\u00f3gico hablando con Laura y haciendo muchas improvisaciones. Ha sido como bascular toda la parte f\u00edsica y toda la parte emocional y psicol\u00f3gica del personaje.<\/p>\n<p class=\"v-d-p\" style=\"\"><strong>\u2014Hoy d\u00eda se habla mucho de la salud mental de los deportistas, \u00bfos hab\u00e9is inspirado en sus historias para crear a Cris?<\/strong><\/p>\n<p class=\"v-d-p\" style=\"\">\u2014L.G.A.: No est\u00e1 basada en ning\u00fan caso en concreto, ni pretendemos emular ning\u00fan caso de ning\u00fan deportista en concreto porque todos tienen experiencias muy distintas. Nos documentamos much\u00edsimo acerca del proceso de la mentalidad, vimos much\u00edsimos documentales, nos entrevistamos con otras deportistas, con atletas como Esther Guerrero, Marta P\u00e9rez, Marta Galim\u00e1n, mujeres potentes en el atletismo. Y fue muy determinante un documental sobre Carolina Mar\u00edn. Pero al no ser una pel\u00edcula sobre &#8216;burnout&#8217; o de una rotura por una presi\u00f3n, que son los casos m\u00e1s reconocibles como Simone Biles o Michael Phelps, todo est\u00e1 sobre la mesa y todo es salud mental, pero cada caso el \u00fanico y metemos dentro del paraguas de la salud mental tant\u00edsimas problem\u00e1ticas que me parecen muy diferentes o que guardan similitudes evidentemente, pero son muy diferentes que dijimos, &#8216;esta es la historia de Cris y este es el caso particular de Cris y estar\u00e1 bien, hagamos lo que hagamos&#8217;.<\/p>\n","protected":false},"excerpt":{"rendered":"\u00abEsto me podr\u00eda haber pasado en cualquier trabajo, esto me podr\u00eda haber pasado en cualquier situaci\u00f3n\u00bb. \u00abEsto\u00bb es&hellip;\n","protected":false},"author":2,"featured_media":576360,"comment_status":"","ping_status":"","sticky":false,"template":"","format":"standard","meta":{"footnotes":""},"categories":[91],"tags":[7754,9806,37607,634,2996,146,147,25,24,8834,9264,5012,4214,9952,166,110120,23,89556],"class_list":["post-576359","post","type-post","status-publish","format-standard","has-post-thumbnail","category-entretenimiento","tag-causas","tag-cines","tag-corredora","tag-deporte","tag-enfermedad","tag-entertainment","tag-entretenimiento","tag-es","tag-espana","tag-factor","tag-hablar","tag-llega","tag-mental","tag-reducir","tag-salud","tag-simplista","tag-spain","tag-unicamente"],"share_on_mastodon":{"url":"https:\/\/pubeurope.com\/@es\/116655717718327554","error":""},"_links":{"self":[{"href":"https:\/\/www.europesays.com\/es\/wp-json\/wp\/v2\/posts\/576359","targetHints":{"allow":["GET"]}}],"collection":[{"href":"https:\/\/www.europesays.com\/es\/wp-json\/wp\/v2\/posts"}],"about":[{"href":"https:\/\/www.europesays.com\/es\/wp-json\/wp\/v2\/types\/post"}],"author":[{"embeddable":true,"href":"https:\/\/www.europesays.com\/es\/wp-json\/wp\/v2\/users\/2"}],"replies":[{"embeddable":true,"href":"https:\/\/www.europesays.com\/es\/wp-json\/wp\/v2\/comments?post=576359"}],"version-history":[{"count":0,"href":"https:\/\/www.europesays.com\/es\/wp-json\/wp\/v2\/posts\/576359\/revisions"}],"wp:featuredmedia":[{"embeddable":true,"href":"https:\/\/www.europesays.com\/es\/wp-json\/wp\/v2\/media\/576360"}],"wp:attachment":[{"href":"https:\/\/www.europesays.com\/es\/wp-json\/wp\/v2\/media?parent=576359"}],"wp:term":[{"taxonomy":"category","embeddable":true,"href":"https:\/\/www.europesays.com\/es\/wp-json\/wp\/v2\/categories?post=576359"},{"taxonomy":"post_tag","embeddable":true,"href":"https:\/\/www.europesays.com\/es\/wp-json\/wp\/v2\/tags?post=576359"}],"curies":[{"name":"wp","href":"https:\/\/api.w.org\/{rel}","templated":true}]}}