{"id":576594,"date":"2026-05-29T06:43:13","date_gmt":"2026-05-29T06:43:13","guid":{"rendered":"https:\/\/www.europesays.com\/es\/576594\/"},"modified":"2026-05-29T06:43:13","modified_gmt":"2026-05-29T06:43:13","slug":"el-desgaste-de-ibon-navarro-en-el-unicaja","status":"publish","type":"post","link":"https:\/\/www.europesays.com\/es\/576594\/","title":{"rendered":"El desgaste de Ibon Navarro en el Unicaja"},"content":{"rendered":"<p>\n        I<strong>bon Navarro vive uno de los momentos m\u00e1s delicados de su etapa al frente del Unicaja<\/strong>. El t\u00e9cnico vitoriano, acostumbrado <strong>en las \u00faltimas temporadas a convivir con el \u00e9xito y la estabilidad,<\/strong> se encuentra ahora gestionando <strong>un escenario mucho m\u00e1s inc\u00f3modo, marcado por el desgaste competitivo, el ruido externo y las primeras se\u00f1ales evidentes de agotamiento dentro del proyecto malague\u00f1o.\u00a0<\/strong>\n<\/p>\n<p class=\"article-body__text \">\n        Porque aunque el club sigue respald\u00e1ndole p\u00fablicamente, <strong>tiene una oferta para renovar el v\u00ednculo que expira en 2027 <\/strong>y nadie cuestiona su peso dentro de la entidad andaluza,<strong> el final de temporada est\u00e1 dejando una imagen poco habitual alrededor de su figura: la de un entrenador tenso y cada vez m\u00e1s expuesto.<\/strong>\n<\/p>\n<p>            <a href=\"https:\/\/www.noticiasdealava.eus\/baskonia\/2026\/04\/19\/ibon-navarro-peores-rachas-unicaja-baskonia-10959691.html\" title=\"Ibon Navarro, en una de sus peores rachas con el Unicaja\" class=\"new__media\" rel=\"nofollow noopener\" target=\"_blank\"><\/p>\n<p>                <img alt=\"Ibon Navarro, en una de sus peores rachas con el Unicaja\" data-src=\"https:\/\/www.europesays.com\/es\/wp-content\/uploads\/2026\/04\/7d124052-784d-428c-bd37-8a4e34717648_16-9-aspect-ratio_default_0.jpg\" class=\"lozad\"\/><\/p>\n<p>        <\/a><\/p>\n<p>        <a href=\"https:\/\/www.noticiasdealava.eus\/baskonia\/2026\/04\/19\/ibon-navarro-peores-rachas-unicaja-baskonia-10959691.html\" title=\"Ibon Navarro, en una de sus peores rachas con el Unicaja\" class=\"new__headline\" rel=\"nofollow noopener\" target=\"_blank\"><br \/>\n            Ibon Navarro, en una de sus peores rachas con el Unicaja<br \/>\n        <\/a><\/p>\n<p class=\"article-body__text \">\n        <strong>Navarro hab\u00eda conseguido en M\u00e1laga algo dif\u00edcil de mantener en el baloncesto<\/strong>: continuidad, identidad y resultados. Bajo su mando, el Unicaja volvi\u00f3 a ser un equipo reconocible, competitivo y ganador, con presencia destacada en Europa. <strong>El crecimiento del proyecto y los \u00e9xitos logrados reforzaron su figura hasta situarle como uno de los entrenadores m\u00e1s importantes de la historia del club<\/strong>. Sin embargo, esta temporada ha terminado por sacar a la superficie una realidad m\u00e1s fr\u00e1gil de lo que parec\u00eda.\n<\/p>\n<p class=\"article-body__text \">\n        <strong>El propio t\u00e9cnico ha verbalizado en varias ocasiones el desgaste que atraviesa el vestuario<\/strong>. Sus \u00faltimas ruedas de prensa<strong> han reflejado cierto hartazgo por un entorno dominado por rumores de salidas, fichajes y posibles cambios en la plantilla<\/strong>. \u00c9l tampoco se escapa a ello al ser vinculado con el Barcelona. \u201c<strong>Nosotros llevamos echando jugadores desde febrero\u201d,<\/strong> lleg\u00f3 a <strong>decir con iron\u00eda<\/strong>, en una frase que retrata perfectamente el clima que se vive alrededor del rival del Kosner Baskonia.\n<\/p>\n<p>            <a href=\"https:\/\/www.noticiasdealava.eus\/baskonia\/2026\/02\/18\/ibon-navarro-busca-tercera-valencia-baskonia-acb-unicaja-10718234.html\" title=\"Ibon Navarro busca la tercera corona en Valencia\" class=\"new__media\" rel=\"nofollow noopener\" target=\"_blank\"><\/p>\n<p>                <img alt=\"Ibon Navarro busca la tercera corona en Valencia\" data-src=\"https:\/\/www.europesays.com\/es\/wp-content\/uploads\/2026\/05\/88608fc0-0e92-4a59-9c41-4f55a1b4ca20_16-9-aspect-ratio_default_0_x2012y744.jpg\" class=\"lozad\"\/><\/p>\n<p>        <\/a><\/p>\n<p>        <a href=\"https:\/\/www.noticiasdealava.eus\/baskonia\/2026\/02\/18\/ibon-navarro-busca-tercera-valencia-baskonia-acb-unicaja-10718234.html\" title=\"Ibon Navarro busca la tercera corona en Valencia\" class=\"new__headline\" rel=\"nofollow noopener\" target=\"_blank\"><br \/>\n            Ibon Navarro busca la tercera corona en Valencia<br \/>\n        <\/a><\/p>\n<p class=\"article-body__text \">\n        Adem\u00e1s, la tensi\u00f3n competitiva <strong>ha terminado afectando tambi\u00e9n a la imagen p\u00fablica del entrenador.<\/strong> Habitualmente calmado y muy anal\u00edtico en sus comparecencias, Navarro se ha mostrado en las \u00faltimas semanas algo m\u00e1s cortante, consciente de que el equipo ha perdido solidez justo en el momento decisivo de la temporada.\n<\/p>\n<p class=\"article-body__text \">\n        \u00a0<strong>Las lesiones y la sensaci\u00f3n de fin de ciclo en parte del vestuario han colocado al vitoriano en una posici\u00f3n inc\u00f3moda<\/strong>, obligado a apagar incendios pr\u00e1cticamente a diario mientras intenta mantener vivo al equipo en la pelea por el play off.\n<\/p>\n<p>  Desgaste visible<\/p>\n<p class=\"article-body__text \">\n        <strong> A todo ello se suma el posible inter\u00e9s del Barcelona por sus servicios, una informaci\u00f3n que agit\u00f3 todav\u00eda m\u00e1s el entorno de Unicaja<\/strong> y oblig\u00f3 al gasteiztarra a salir p\u00fablicamente para frenar las especulaciones. <strong>Lo hizo con un mensaje contundente y medido, apelando directamente a la lealtad y dejando claro que no contempla movimientos a espaldas del club<\/strong>. Pero el simple hecho de que su nombre aparezca relacionado con<strong> un conjunto que<\/strong> <strong>compite en la Euroliga tambi\u00e9n refleja su gran hacer durante todos estos a\u00f1os en M\u00e1laga.<\/strong>\n<\/p>\n<p>            <a href=\"https:\/\/www.noticiasdealava.eus\/baskonia\/2026\/05\/28\/baskonia-estrena-volver-sentir-documental-copa-del-rey-vitoria-acb-real-madrid-cine-estreno-11128451.html\" title=\"El Baskonia estrena \u2018Volver a sentir\u2019, el documental de la Copa\" class=\"new__media\" rel=\"nofollow noopener\" target=\"_blank\"><\/p>\n<p>                <img alt=\"El Baskonia estrena \u2018Volver a sentir\u2019, el documental de la Copa\" data-src=\"https:\/\/www.europesays.com\/es\/wp-content\/uploads\/2026\/05\/4158c2c2-f4e4-4edf-9bf9-4afa6542673c_16-9-aspect-ratio_default_0.jpg\" class=\"lozad\"\/><\/p>\n<p>        <\/a><\/p>\n<p>        <a href=\"https:\/\/www.noticiasdealava.eus\/baskonia\/2026\/05\/28\/baskonia-estrena-volver-sentir-documental-copa-del-rey-vitoria-acb-real-madrid-cine-estreno-11128451.html\" title=\"El Baskonia estrena \u2018Volver a sentir\u2019, el documental de la Copa\" class=\"new__headline\" rel=\"nofollow noopener\" target=\"_blank\"><br \/>\n            El Baskonia estrena \u2018Volver a sentir\u2019, el documental de la Copa<br \/>\n        <\/a><\/p>\n<p class=\"article-body__text \">\n        Porque el gran debate en M\u00e1laga, <strong>al margen de su continuidad, pasa por saber si este proyecto ha entrado en una fase de desgaste natural tras varios a\u00f1os<\/strong> de crecimiento continuo. Y ah\u00ed, inevitablemente, la figura de Ibon Navarro aparece en el centro de todo. <strong>Atado al Unicaja hasta 2027, el vitoriano tiene una propuesta para ampliar este v\u00ednculo por m\u00e1s temporadas a la que todav\u00eda no ha dado el s\u00ed definitivo<\/strong>. Eso alimenta las especulaciones, <strong>sabiendo adem\u00e1s que su carrera est\u00e1 en manos de Misko Raznatovic<\/strong><\/p>\n","protected":false},"excerpt":{"rendered":"Ibon Navarro vive uno de los momentos m\u00e1s delicados de su etapa al frente del Unicaja. El t\u00e9cnico&hellip;\n","protected":false},"author":2,"featured_media":576595,"comment_status":"","ping_status":"","sticky":false,"template":"","format":"standard","meta":{"footnotes":""},"categories":[269],"tags":[299,298,4714,168,37436,25,24,27856,3403,23,167,2246],"class_list":["post-576594","post","type-post","status-publish","format-standard","has-post-thumbnail","category-baloncesto","tag-baloncesto","tag-basketball","tag-baskonia","tag-deportes","tag-desgaste","tag-es","tag-espana","tag-ibon","tag-navarro","tag-spain","tag-sports","tag-unicaja"],"share_on_mastodon":{"url":"https:\/\/pubeurope.com\/@es\/116656511583530668","error":""},"_links":{"self":[{"href":"https:\/\/www.europesays.com\/es\/wp-json\/wp\/v2\/posts\/576594","targetHints":{"allow":["GET"]}}],"collection":[{"href":"https:\/\/www.europesays.com\/es\/wp-json\/wp\/v2\/posts"}],"about":[{"href":"https:\/\/www.europesays.com\/es\/wp-json\/wp\/v2\/types\/post"}],"author":[{"embeddable":true,"href":"https:\/\/www.europesays.com\/es\/wp-json\/wp\/v2\/users\/2"}],"replies":[{"embeddable":true,"href":"https:\/\/www.europesays.com\/es\/wp-json\/wp\/v2\/comments?post=576594"}],"version-history":[{"count":0,"href":"https:\/\/www.europesays.com\/es\/wp-json\/wp\/v2\/posts\/576594\/revisions"}],"wp:featuredmedia":[{"embeddable":true,"href":"https:\/\/www.europesays.com\/es\/wp-json\/wp\/v2\/media\/576595"}],"wp:attachment":[{"href":"https:\/\/www.europesays.com\/es\/wp-json\/wp\/v2\/media?parent=576594"}],"wp:term":[{"taxonomy":"category","embeddable":true,"href":"https:\/\/www.europesays.com\/es\/wp-json\/wp\/v2\/categories?post=576594"},{"taxonomy":"post_tag","embeddable":true,"href":"https:\/\/www.europesays.com\/es\/wp-json\/wp\/v2\/tags?post=576594"}],"curies":[{"name":"wp","href":"https:\/\/api.w.org\/{rel}","templated":true}]}}