{"id":576870,"date":"2026-05-29T10:10:17","date_gmt":"2026-05-29T10:10:17","guid":{"rendered":"https:\/\/www.europesays.com\/es\/576870\/"},"modified":"2026-05-29T10:10:17","modified_gmt":"2026-05-29T10:10:17","slug":"la-liga-pone-freno-a-la-inyeccion-de-apollo-en-el-atletico-de-madrid-julian-alvarez-se-acerca-mas-al-barca","status":"publish","type":"post","link":"https:\/\/www.europesays.com\/es\/576870\/","title":{"rendered":"La Liga pone freno a la inyecci\u00f3n de Apollo en el Atl\u00e9tico de Madrid: Juli\u00e1n \u00c1lvarez se acerca m\u00e1s al Bar\u00e7a"},"content":{"rendered":"<p>    Noticias relacionadas<\/p>\n<p class=\"paragraph\" id=\"paragraph_1\">El <a data-forcefollow=\"false\" data-sponsored=\"false\" href=\"https:\/\/cronicaglobal.elespanol.com\/culemania\/primer-equipo\/20260528\/oferta-mareante-deco-julian-alvarez-atletico-barca\/1003742765343_0.html?utm_cmp_rs=linksinline\" target=\"_blank\" rel=\"nofollow noopener\"><strong>Atl\u00e9tico de Madrid<\/strong><\/a><strong> <\/strong>dio un paso m\u00e1s en su crecimiento financiero mediante la entrada de capital a trav\u00e9s de <strong>Apollo Sports Capital<\/strong>. La filial del fondo de inversi\u00f3n<strong> <\/strong><a data-forcefollow=\"false\" data-sponsored=\"false\" href=\"https:\/\/cronicaglobal.elespanol.com\/culemania\/palco\/20260414\/apollo-financiero-inversiones-millonarias-atletico-madrid-barca\/1003742751101_0.html?utm_cmp_rs=linksinline\" target=\"_blank\" rel=\"nofollow noopener\"><strong>Apollo Global Management<\/strong><\/a><strong> <\/strong>adquiri\u00f3 el <strong>57% <\/strong>de las acciones de la entidad colchonera a cambio de unos <strong>1.400 millones de euros <\/strong>y se zambull\u00f3 de lleno en el <strong>nuevo consejo de administraci\u00f3n<\/strong> con <strong>cinco de los 11 miembros<\/strong>. El nuevo accionista mayoritario efectuar\u00e1 una ampliaci\u00f3n de capital por<strong> 100 millones<\/strong>.<\/p>\n<p class=\"paragraph\" id=\"paragraph_2\">Sin embargo, en la pr\u00e1ctica, el club rojiblanco manejar\u00e1 un presupuesto similar para el mercado de fichajes veraniego. El Fair Play de la Liga restringe la cantidad en aportaciones que puede utilizarse para ampliar el l\u00edmite de coste de plantilla deportiva. La inyecci\u00f3n extra de 100 kilos que todav\u00eda no ha entrado en las arcas se destinar\u00e1 mayoritariamente a la construcci\u00f3n de la magna Ciudad del Deporte. Por lo tanto, el director de f\u00fatbol <strong>Mateu Alemany<\/strong> se ver\u00e1 obligado a traspasar jugadores como<strong> Juli\u00e1n \u00c1lvarez<\/strong> para reforzar la plantilla y pescar el relevo de <strong>Antoine Griezmann<\/strong>.<\/p>\n<p>Las restricciones de la Liga<\/p>\n<p class=\"paragraph\" id=\"paragraph_3\">La Liga no permitir\u00eda que Apollo pusiera en marcha la m\u00e1quina de los billetes ilimitadamente. El <a data-forcefollow=\"false\" data-sponsored=\"false\" href=\"https:\/\/cronicaglobal.elespanol.com\/culemania\/palco\/20260504\/real-madrid-siempre-barca-plantilla-deportiva-inscribible\/1003742757556_0.html?utm_cmp_rs=linksinline\" target=\"_blank\" rel=\"nofollow noopener\"><strong>art\u00edculo 89<\/strong><\/a> de la normativa de elaboraci\u00f3n de presupuestos, sobre \u00ab<strong>clubes que pueden incrementar el l\u00edmite de coste de plantilla deportiva<\/strong>\u00ab, obliga a mantener el cumplimiento de \u00ablos referidos ratios econ\u00f3mico-financieros aceptables a 30 de junio\u00bb tras aumentar el umbral para inscribir jugadores.<\/p>\n<p><img loading=\"lazy\" decoding=\"async\" alt=\"El art\u00edculo 89 de la normativa de elaboraci\u00f3n de presupuestos de la Liga restringe el incremento del l\u00edmite salarial.png\" height=\"287\" src=\"https:\/\/www.europesays.com\/es\/wp-content\/uploads\/2026\/05\/1003742765577_16139898_1706x287.jpg\" width=\"1706\" data-lazy-status=\"processed\" data-lazy-info=\"remove loading item 1\"\/><\/p>\n<p>                                                            El art\u00edculo 89 de la normativa de elaboraci\u00f3n de presupuestos de la Liga restringe el incremento del l\u00edmite salarial.png<\/p>\n<p>                    LA LIGA<\/p>\n<p class=\"paragraph\" id=\"paragraph_4\">Tanto v\u00eda patrimonio neto acumulado como haciendo uso de una ampliaci\u00f3n de capital, la subida del l\u00edmite salarial que permitir\u00eda adquirir m\u00e1s jugadores no podr\u00e1 superar el \u00ab<strong>25% del importe neto de la cifra de negocios<\/strong>\u00ab. Adem\u00e1s, la aportaci\u00f3n de los accionistas tendr\u00e1 que distribuirse en dos ejercicios diferentes. <\/p>\n<p>Margen de 80 millones<\/p>\n<p class=\"paragraph\" id=\"paragraph_5\">Por su parte, el Bar\u00e7a doblar\u00e1 los <strong>554 millones de ingresos previstos<\/strong> por su rival en el ejercicio 2025-26, sobre los <strong>1.075 millones presupuestados<\/strong>, y exhibe m\u00fasculo financiero para poner en peligro la confecci\u00f3n de la plantilla colchonera. En primer lugar, amenaza con llevarse a Juli\u00e1n, que ya habr\u00eda comunicado su intenci\u00f3n de vestir de azulgrana. Segundo, se ha inmiscuido en la puja por <a data-forcefollow=\"false\" data-sponsored=\"false\" href=\"https:\/\/cronicaglobal.elespanol.com\/culemania\/primer-equipo\/20260528\/deco-acelera-fichaje-xavi-hernandez-precipita-barca\/1003742765534_0.html?utm_cmp_rs=linksinline\" target=\"_blank\" rel=\"nofollow noopener\"><strong>Bernardo Silva<\/strong><\/a>. El volante portugu\u00e9s, pr\u00f3ximamente agente libre, recibi\u00f3 primero una propuesta del Atleti, pero su sue\u00f1o pasa por jugar en el<strong> Spotify Camp Nou<\/strong>.<\/p>\n<p><img decoding=\"async\" alt=\"Bernardo Silva, durante un partido con el Manchester City\" data-imgm=\"true\" height=\"180\" loading=\"lazy\"  src=\"https:\/\/www.europesays.com\/es\/wp-content\/uploads\/2026\/05\/820677944_16038486_1024x576.jpg\"  width=\"320\"\/><\/p>\n<p>                                                            Bernardo Silva, durante un partido con el Manchester City<\/p>\n<p>                    EFE<\/p>\n<p class=\"paragraph\" id=\"paragraph_6\">Los indios ya han encarrilado el fichaje de <strong>Joao Gomes<\/strong>, mediocentro del Wolverhampton que llegar\u00eda por unos <strong>45 millones de euros<\/strong>. Sin ventas, el Atleti no tendr\u00e1 m\u00e1s margen que los <strong>80 millones<\/strong> de las dos anteriores temporadas para satisfacer los deseos de Cholo Simeone. El centrocampista ya acaparar\u00eda la mitad del presupuesto en fichajes.<\/p>\n<p>El dilema de Mateu<\/p>\n<p class=\"paragraph\" id=\"paragraph_7\">Tras la marcha de <strong>Antoine Griezmann<\/strong> sin dejar un solo euro en las arcas, el Atl\u00e9tico pretende construir el nuevo proyecto deportivo en torno a la figura de Juli\u00e1n. Con esto, la estrella argentina quiere jugar a las \u00f3rdenes de <strong>Hansi Flick<\/strong>.<\/p>\n<p><img decoding=\"async\" alt=\"Juli\u00e1n \u00c1lvarez celebra su gol en el Tottenham-Atl\u00e9tico de Madrid (3-2) de la Champions League\" data-imgm=\"true\" height=\"180\" loading=\"lazy\"  src=\"https:\/\/www.europesays.com\/es\/wp-content\/uploads\/2026\/05\/1003742743098_15850579_1024x576.jpg\"  width=\"320\"\/><\/p>\n<p>                                                            Juli\u00e1n \u00c1lvarez celebra su gol en el Tottenham-Atl\u00e9tico de Madrid (3-2) de la Champions League<\/p>\n<p>                    EFE<\/p>\n<p class=\"paragraph\" id=\"paragraph_8\">El director deportivo barcelonista, Deco, prepara una primera oferta que alcanzar\u00eda los <strong>100 millones<\/strong>. En el Wanda Metropolitano <strong>perder\u00edan a su buque insignia<\/strong>, pero dispondr\u00edan de <strong>liquidez y margen salarial para inscribir varios fichajes de relumbr\u00f3n<\/strong> y as\u00ed llenar el vac\u00edo dejado por la alargada sombra del principito. <\/p>\n<p>Pesimismo de Simeone<\/p>\n<p class=\"paragraph\" id=\"paragraph_9\">La llegada de Apollo a Neptuno <strong>no ha cambiado ni una coma de la hoja de ruta que trazar\u00e1 Mateu Alemany<\/strong>. El fondo estadounidense financiar\u00e1 parte de la vasta Ciudad del Deporte proyectada sobre una superficie de 115 hect\u00e1reas. La ampliaci\u00f3n de capital tamb\u00eden servir\u00e1 en un peque\u00f1o porcentaje para traer refuerzos. Ahora bien, Simeone ya rebaj\u00f3 la euforia en rueda de prensa. <\/p>\n<p class=\"paragraph\" id=\"paragraph_10\">\u00abLa gente espera que, con la llegada de Apollo, <strong>se d\u00e9 ese salto que acerque, que compita en potencia, con los grandes clubes de Europa<\/strong>. \u00bfEl entrenador del Atl\u00e9tico de Madrid, por lo que ha hablado o sabe,<strong> piensa que la inversi\u00f3n de Apollo va a acercar a ese objetivo?<\/strong>\u00ab, le preguntaron, a lo que el t\u00e9cnico argentino respondi\u00f3 con pesimismo: \u00ab<strong>No, no lo creo<\/strong>\u00ab. <\/p>\n<p>Proyecto de 800 millones<\/p>\n<p class=\"paragraph\" id=\"paragraph_11\">En gran medida, la entrada del nuevo due\u00f1o del club se encamina hacia la financiaci\u00f3n de la futura ciudad deportiva. El ambicioso proyecto se presupuest\u00f3 en unos<strong> 800 millones<\/strong>, de los cuales la entidad colchonera invertir\u00e1 unos<strong> 200<\/strong> inyectados por el acuerdo de la Liga con el fondo<strong> CVC Capital Partners<\/strong>. <\/p>\n<p><img decoding=\"async\" alt=\"La futura Ciudad del Deporte del Atl\u00e9tico de Madrid\" data-imgm=\"true\" height=\"180\" loading=\"lazy\"  src=\"https:\/\/www.europesays.com\/es\/wp-content\/uploads\/2026\/05\/1003742715339_15503256_1024x576.jpg\"  width=\"320\"\/><\/p>\n<p>                                                            La futura Ciudad del Deporte del Atl\u00e9tico de Madrid<\/p>\n<p>                    ATM<\/p>\n<p><img decoding=\"async\" alt=\"La futura Ciudad del Deporte del Atl\u00e9tico de Madrid\" data-imgm=\"true\" height=\"180\" loading=\"lazy\"  src=\"https:\/\/www.europesays.com\/es\/wp-content\/uploads\/2026\/05\/1003742715335_15503166_1024x576.jpg\"  width=\"320\"\/><\/p>\n<p>                                                            La futura Ciudad del Deporte del Atl\u00e9tico de Madrid<\/p>\n<p>                    REDES<\/p>\n<p class=\"paragraph\" id=\"paragraph_12\">Los <strong>100 millones <\/strong>de aportaci\u00f3n realizada por Apollo tambi\u00e9n se destinar\u00e1n mayoritariamente a las obras del equipamiento. Inversores privados y entidades bancarias costear\u00e1n partes de la construcci\u00f3n como una <strong>laguna gigante de surf artificial <\/strong>o el centro comercial <strong>Nasas Madrid<\/strong>, cuya inauguraci\u00f3n se prev\u00e9 para <strong>junio de 2027<\/strong>. <\/p>\n","protected":false},"excerpt":{"rendered":"Noticias relacionadas El Atl\u00e9tico de Madrid dio un paso m\u00e1s en su crecimiento financiero mediante la entrada de&hellip;\n","protected":false},"author":2,"featured_media":576871,"comment_status":"","ping_status":"","sticky":false,"template":"","format":"standard","meta":{"footnotes":""},"categories":[93],"tags":[3409,168,25,24,2918,16774,23,167],"class_list":["post-576870","post","type-post","status-publish","format-standard","has-post-thumbnail","category-deportes","tag-atletico-de-madrid","tag-deportes","tag-es","tag-espana","tag-la-liga","tag-palco","tag-spain","tag-sports"],"share_on_mastodon":{"url":"https:\/\/pubeurope.com\/@es\/116657326105433230","error":""},"_links":{"self":[{"href":"https:\/\/www.europesays.com\/es\/wp-json\/wp\/v2\/posts\/576870","targetHints":{"allow":["GET"]}}],"collection":[{"href":"https:\/\/www.europesays.com\/es\/wp-json\/wp\/v2\/posts"}],"about":[{"href":"https:\/\/www.europesays.com\/es\/wp-json\/wp\/v2\/types\/post"}],"author":[{"embeddable":true,"href":"https:\/\/www.europesays.com\/es\/wp-json\/wp\/v2\/users\/2"}],"replies":[{"embeddable":true,"href":"https:\/\/www.europesays.com\/es\/wp-json\/wp\/v2\/comments?post=576870"}],"version-history":[{"count":0,"href":"https:\/\/www.europesays.com\/es\/wp-json\/wp\/v2\/posts\/576870\/revisions"}],"wp:featuredmedia":[{"embeddable":true,"href":"https:\/\/www.europesays.com\/es\/wp-json\/wp\/v2\/media\/576871"}],"wp:attachment":[{"href":"https:\/\/www.europesays.com\/es\/wp-json\/wp\/v2\/media?parent=576870"}],"wp:term":[{"taxonomy":"category","embeddable":true,"href":"https:\/\/www.europesays.com\/es\/wp-json\/wp\/v2\/categories?post=576870"},{"taxonomy":"post_tag","embeddable":true,"href":"https:\/\/www.europesays.com\/es\/wp-json\/wp\/v2\/tags?post=576870"}],"curies":[{"name":"wp","href":"https:\/\/api.w.org\/{rel}","templated":true}]}}