{"id":577128,"date":"2026-05-29T13:26:11","date_gmt":"2026-05-29T13:26:11","guid":{"rendered":"https:\/\/www.europesays.com\/es\/577128\/"},"modified":"2026-05-29T13:26:11","modified_gmt":"2026-05-29T13:26:11","slug":"la-plantilla-del-campo-de-golf-de-el-toyo-lleva-su-conflicto-a-los-juzgados-en-pleno-campeonato-ciudad-de-almeria","status":"publish","type":"post","link":"https:\/\/www.europesays.com\/es\/577128\/","title":{"rendered":"La plantilla del campo de golf de El Toyo lleva su conflicto a los juzgados en pleno Campeonato Ciudad de Almer\u00eda"},"content":{"rendered":"<p style=\"\">Los trabajadores del servicio Caddie Master del campo de golf municipal de El Toyo han dado esta semana un paso m\u00e1s y han elevado su  &#8230; conflicto laboral ante la Justicia. Una acci\u00f3n que llega, seg\u00fan han destacado en un comunicado desde la propia representaci\u00f3n del colectivo, \u00abcoincidiendo con la celebraci\u00f3n este fin de semana del Campeonato Ciudad de Almer\u00eda, la prueba m\u00e1s importante del calendario anual de Albor\u00e1n Golf\u00bb.  <\/p>\n<p class=\"v-d-p\" style=\"\">La plantilla, de acuerdo a la informaci\u00f3n trasladada, ha presentado ante los juzgados de lo Social de Almer\u00eda \u00abuna solicitud de diligencias preliminares para que se requiera la entrega de documentaci\u00f3n que consideran esencial para determinar el origen y evoluci\u00f3n del modelo laboral aplicado en el campo municipal desde que el Ayuntamiento asumi\u00f3 la gesti\u00f3n de las instalaciones tras la desaparici\u00f3n de la concesionaria original\u00bb. <\/p>\n<p class=\"v-d-p\" style=\"\">Sostienen los trabajadores, en conflicto laboral con la Empresa Municipal Almer\u00eda Tur\u00edstica (EMAT), el Ayuntamiento de Almer\u00eda y las sucesivas empresas adjudicatarias del servicio, que \u00abllevan m\u00e1s de una d\u00e9cada encadenando subrogaciones entre distintas empresas sin que se haya reconocido su antig\u00fcedad real ni se hayan producido mejoras salariales significativas\u00bb. Adem\u00e1s, aseguran que durante estos a\u00f1os \u00abhan permanecido con retribuciones pr\u00f3ximas al salario m\u00ednimo, pese a desarrollar funciones esenciales para el funcionamiento de una instalaci\u00f3n que el propio Ayuntamiento presenta como uno de los principales activos deportivos de la ciudad siendo el Campeonato Ciudad de Almer\u00eda la prueba m\u00e1s palpable de ello\u00bb. <\/p>\n<p class=\"v-d-p\" style=\"\">\u00abTras fracasar el acto de conciliaci\u00f3n celebrado ante el Sercla ya no hay m\u00e1s recorrido que pedir a los tribunales analizar tanto las reclamaciones salariales acumuladas como el propio modelo de organizaci\u00f3n laboral implantado en el campo de golf\u00bb, considera la plantilla. Adem\u00e1s, a\u00f1aden que \u00abpara que ese an\u00e1lisis sea real y justo, es necesario que el Ayuntamiento y la EMAT aporten v\u00eda requerimiento lo que no han querido poner, de buena voluntad, a disposici\u00f3n de los trabajadores\u00bb. <\/p>\n<p class=\"v-d-p\" style=\"\">\u00abEntendemos perfectamente que tiene muy dif\u00edcil explicaci\u00f3n que alguien, a\u00fan desconocido, decidiese que de nueve trabajadores tres se quedasen en la empresa p\u00fablica, bajo la protecci\u00f3n del Ayuntamiento, y otros seis fuesen obligados a firmar con el concesionario ante dos \u00fanicas opciones: firmas o a la calle\u00bb, explican desde el equipo de juristas que representa a los trabajadores, encabezado por el laboralista Francisco Ruano Ferr\u00f3n, en colaboraci\u00f3n estrat\u00e9gica con el abogado Javier Antonio Salvador Ca\u00f1adas.<\/p>\n<p class=\"v-d-p\" style=\"\">La petici\u00f3n judicial pretende que el Ayuntamiento de Almer\u00eda aporte el convenio de extinci\u00f3n de la antigua concesi\u00f3n de Albor\u00e1n Golf, los acuerdos por los que se asumi\u00f3 la gesti\u00f3n del campo y el expediente mediante el cual la EMAT pas\u00f3 a gestionar de facto las instalaciones. Asimismo, se solicita que EMAT entregue los contratos suscritos con las distintas adjudicatarias que han explotado el servicio de Caddie Master durante los \u00faltimos a\u00f1os, especifica la representaci\u00f3n de los trabajadores. <\/p>\n<p class=\"v-d-p\" style=\"\">De otro lado, inciden en que se trata del personal \u00abque presta servicio en instalaciones deportivas municipales y que constituye la primera l\u00ednea de atenci\u00f3n a los miles de jugadores que cada a\u00f1o visitan Albor\u00e1n Golf\u00bb y, sin embargo, \u00abesa importancia estrat\u00e9gica nunca se ha traducido en una mejora de sus condiciones laborales\u00bb, seg\u00fan denuncian. <\/p>\n<p class=\"v-d-p\" style=\"\">La representaci\u00f3n de los trabajadores sostiene que la situaci\u00f3n resulta \u00abespecialmente llamativa en un momento en que el Ayuntamiento de Almer\u00eda destaca p\u00fablicamente los buenos resultados econ\u00f3micos y de ocupaci\u00f3n del campo de golf\u00bb.  <\/p>\n<p class=\"v-d-p\" style=\"\">\u00abMientras la instalaci\u00f3n registra cifras r\u00e9cord de actividad y acoge este fin de semana su torneo m\u00e1s emblem\u00e1tico, los empleados que hacen posible el funcionamiento diario del servicio afirman seguir esperando respuestas sobre una situaci\u00f3n que arrastran desde hace m\u00e1s de catorce a\u00f1os\u00bb, lamenta la plantilla. <\/p>\n","protected":false},"excerpt":{"rendered":"Los trabajadores del servicio Caddie Master del campo de golf municipal de El Toyo han dado esta semana&hellip;\n","protected":false},"author":2,"featured_media":577129,"comment_status":"","ping_status":"","sticky":false,"template":"","format":"standard","meta":{"footnotes":""},"categories":[275],"tags":[5644,15288,5716,777,11500,168,25,24,329,735,6414,1429,2464,23,167,110207],"class_list":["post-577128","post","type-post","status-publish","format-standard","has-post-thumbnail","category-golf","tag-almeria","tag-campeonato","tag-campo","tag-ciudad","tag-conflicto","tag-deportes","tag-es","tag-espana","tag-golf","tag-juzgados","tag-lleva","tag-plantilla","tag-pleno","tag-spain","tag-sports","tag-toyo"],"share_on_mastodon":{"url":"https:\/\/pubeurope.com\/@es\/116658096545488979","error":""},"_links":{"self":[{"href":"https:\/\/www.europesays.com\/es\/wp-json\/wp\/v2\/posts\/577128","targetHints":{"allow":["GET"]}}],"collection":[{"href":"https:\/\/www.europesays.com\/es\/wp-json\/wp\/v2\/posts"}],"about":[{"href":"https:\/\/www.europesays.com\/es\/wp-json\/wp\/v2\/types\/post"}],"author":[{"embeddable":true,"href":"https:\/\/www.europesays.com\/es\/wp-json\/wp\/v2\/users\/2"}],"replies":[{"embeddable":true,"href":"https:\/\/www.europesays.com\/es\/wp-json\/wp\/v2\/comments?post=577128"}],"version-history":[{"count":0,"href":"https:\/\/www.europesays.com\/es\/wp-json\/wp\/v2\/posts\/577128\/revisions"}],"wp:featuredmedia":[{"embeddable":true,"href":"https:\/\/www.europesays.com\/es\/wp-json\/wp\/v2\/media\/577129"}],"wp:attachment":[{"href":"https:\/\/www.europesays.com\/es\/wp-json\/wp\/v2\/media?parent=577128"}],"wp:term":[{"taxonomy":"category","embeddable":true,"href":"https:\/\/www.europesays.com\/es\/wp-json\/wp\/v2\/categories?post=577128"},{"taxonomy":"post_tag","embeddable":true,"href":"https:\/\/www.europesays.com\/es\/wp-json\/wp\/v2\/tags?post=577128"}],"curies":[{"name":"wp","href":"https:\/\/api.w.org\/{rel}","templated":true}]}}