{"id":577210,"date":"2026-05-29T14:23:18","date_gmt":"2026-05-29T14:23:18","guid":{"rendered":"https:\/\/www.europesays.com\/es\/577210\/"},"modified":"2026-05-29T14:23:18","modified_gmt":"2026-05-29T14:23:18","slug":"hugo-silva-y-belen-rueda-buscan-un-botin-millonario-en-san-sebastian-el-gamberro-trailer-que-ya-revoluciona-las-redes-tras-pasar-por-la-revuelta","status":"publish","type":"post","link":"https:\/\/www.europesays.com\/es\/577210\/","title":{"rendered":"Hugo Silva y Bel\u00e9n Rueda buscan un bot\u00edn millonario en San Sebasti\u00e1n: el gamberro tr\u00e1iler que ya revoluciona las redes tras pasar por &#8216;La Revuelta&#8217;"},"content":{"rendered":"<p class=\"v-d-p\" style=\"\">Ya est\u00e1 disponible el tr\u00e1iler de &#8216;Cada d\u00eda nace un listo&#8217;, la nueva s\u00e1tira de la directora Arantxa Echevarr\u00eda rodada en San Sebasti\u00e1n. El adelanto de esta comedia negra, que pudo verse anoche durante la visita de Bel\u00e9n Rueda al programa &#8216;La Revuelta&#8217;, muestra una producci\u00f3n donde Donostia no es un simple fondo, sino un protagonista m\u00e1s de la trama. <\/p>\n<p class=\"v-d-p\" style=\"\">El tr\u00e1iler confirma que las escenas m\u00e1s ic\u00f3nicas lucir\u00e1n en la gran pantalla la capital guipuzcoana a partir del 5 de junio. Entre las localizaciones que se aprecian en el metraje se encuentran puntos emblem\u00e1ticos como el caf\u00e9 de La Perla, el Hotel Mar\u00eda Cristina, el Paseo Nuevo o el Aquarium, pero tambi\u00e9n ubicaciones como Larratxo. Incluso los aficionados al f\u00fatbol reconocer\u00e1n las instalaciones del estadio de Anoeta, con el escudo de la Real Sociedad claramente visible en las im\u00e1genes.<\/p>\n<p class=\"v-d-p\" style=\"\">Aunque el trailer oficial ya lleva disponble unos d\u00edas en plataformas como Youtube, su paso por &#8216;La Revuelta&#8217; ha desatado una oleada de reacciones en las redes. Los espectadores no han tardado en compartir fotogramas y comentarios, tratando de reconocer la ubicaci\u00f3n de cada escena.<\/p>\n<p class=\"v-d-p\" style=\"\">Para Echevarr\u00eda, rodar \u00edntegramente en San Sebasti\u00e1n era fundamental para el guion. En una <a href=\"https:\/\/www.diariovasco.com\/culturas\/cine\/arantxa-echevarria-dejar-respirar-poco-espectador-peliculas-20260529205910-nt.html\" target=\"_blank\" title=\"Arantxa Echevarr\u00eda: \u00abHay que dejar respirar un poco al espectador con las pel\u00edculas sobre ETA\u00bb\" data-voc-vtm-id=\"in-text-traffic\" data-mrf-link=\"www.diariovasco.com\" rel=\"nofollow noopener\">entrevista publicada este mismo viernes en El Diario Vasco<\/a>, la cineasta destaca la \u00abmaravillosa mezcla de elegancia y desigualdad\u00bb que ofrece la ciudad, donde conviven zonas precarias con salones que lucen obras de Sorolla.<\/p>\n<p>\nPicaresca, corrupci\u00f3n y un cuadro de un mill\u00f3n de euros\n<\/p>\n<p class=\"v-d-p\" style=\"\">La pel\u00edcula presenta una historia que camina entre el thriller, la s\u00e1tira social y la picaresca. El eje central es el robo de un cuadro que desencadena una serie de enga\u00f1os entre ricos obscenos y buscavidas de descampado.<\/p>\n<p class=\"v-d-p\" style=\"\">En los di\u00e1logos del tr\u00e1iler se desvela la ambici\u00f3n de los personajes por hacerse con el bot\u00edn o cobrar los seguros, mencion\u00e1ndose cifras que oscilan entre los 600.000 euros, el mill\u00f3n y medio, e incluso los cuatro millones de euros. \u00abEs una pel\u00edcula para re\u00edrse de c\u00f3mo funciona este pa\u00eds\u00bb, asegura la directora de \u00e9xitos como &#8216;Carmen y Lola&#8217;, &#8216;Chinas&#8217; o &#8216;La infiltrada&#8217;.<\/p>\n<p>\nUn reparto de lujo para una comedia gamberra\n<\/p>\n<p class=\"v-d-p\" style=\"\">El tr\u00e1iler tambi\u00e9n sirve de carta de presentaci\u00f3n para un elenco coral encabezado por Bel\u00e9n Rueda, quien anoche aprovech\u00f3 su primera visita al plat\u00f3 de David Broncano para promocionar el estreno. Junto a ella, las im\u00e1genes muestran a figuras como Antonio Resines, Ernesto Sevilla, Jorge Ponce y Hugo Silva.<\/p>\n<p class=\"v-d-p\" style=\"\">Con un tono gamberro y cr\u00edtico, &#8216;Cada d\u00eda nace un listo&#8217; llegar\u00e1 a las salas de cine la pr\u00f3xima semana, tras haber celebrado ya un preestreno especial en los cines Pr\u00edncipe de San Sebasti\u00e1n. La cinta promete ser un retrato \u00e1cido sobre la ambici\u00f3n y la desigualdad de clases bajo la inconfundible luz del &#8216;marco incomparable&#8217;.<\/p>\n","protected":false},"excerpt":{"rendered":"Ya est\u00e1 disponible el tr\u00e1iler de &#8216;Cada d\u00eda nace un listo&#8217;, la nueva s\u00e1tira de la directora Arantxa&hellip;\n","protected":false},"author":2,"featured_media":577211,"comment_status":"","ping_status":"","sticky":false,"template":"","format":"standard","meta":{"footnotes":""},"categories":[169],"tags":[49217,177,1438,978,23388,146,147,25,24,176,3956,2983,175,4131,795,9721,2228,27372,11678,23],"class_list":["post-577210","post","type-post","status-publish","format-standard","has-post-thumbnail","category-cine","tag-arantxa","tag-cine","tag-convierte","tag-dia","tag-echevarria","tag-entertainment","tag-entretenimiento","tag-es","tag-espana","tag-film","tag-gran","tag-listo","tag-movies","tag-nace","tag-nueva","tag-plato","tag-san","tag-satira","tag-sebastian","tag-spain"],"share_on_mastodon":{"url":"https:\/\/pubeurope.com\/@es\/116658320682902447","error":""},"_links":{"self":[{"href":"https:\/\/www.europesays.com\/es\/wp-json\/wp\/v2\/posts\/577210","targetHints":{"allow":["GET"]}}],"collection":[{"href":"https:\/\/www.europesays.com\/es\/wp-json\/wp\/v2\/posts"}],"about":[{"href":"https:\/\/www.europesays.com\/es\/wp-json\/wp\/v2\/types\/post"}],"author":[{"embeddable":true,"href":"https:\/\/www.europesays.com\/es\/wp-json\/wp\/v2\/users\/2"}],"replies":[{"embeddable":true,"href":"https:\/\/www.europesays.com\/es\/wp-json\/wp\/v2\/comments?post=577210"}],"version-history":[{"count":0,"href":"https:\/\/www.europesays.com\/es\/wp-json\/wp\/v2\/posts\/577210\/revisions"}],"wp:featuredmedia":[{"embeddable":true,"href":"https:\/\/www.europesays.com\/es\/wp-json\/wp\/v2\/media\/577211"}],"wp:attachment":[{"href":"https:\/\/www.europesays.com\/es\/wp-json\/wp\/v2\/media?parent=577210"}],"wp:term":[{"taxonomy":"category","embeddable":true,"href":"https:\/\/www.europesays.com\/es\/wp-json\/wp\/v2\/categories?post=577210"},{"taxonomy":"post_tag","embeddable":true,"href":"https:\/\/www.europesays.com\/es\/wp-json\/wp\/v2\/tags?post=577210"}],"curies":[{"name":"wp","href":"https:\/\/api.w.org\/{rel}","templated":true}]}}