{"id":577448,"date":"2026-05-29T17:16:32","date_gmt":"2026-05-29T17:16:32","guid":{"rendered":"https:\/\/www.europesays.com\/es\/577448\/"},"modified":"2026-05-29T17:16:32","modified_gmt":"2026-05-29T17:16:32","slug":"una-obra-del-artista-jorge-rico-morales-se-alza-con-el-primer-premio-del-53-concurso-internacional-de-pintura-de-paisajes-de-alcala-de-guadaira","status":"publish","type":"post","link":"https:\/\/www.europesays.com\/es\/577448\/","title":{"rendered":"Una obra del artista Jorge Rico Morales se alza con el primer premio del 53 Concurso Internacional de Pintura de Paisajes de Alcal\u00e1 de Guada\u00edra"},"content":{"rendered":"<p> La obra titulada \u2018Tarde en Adufe\u2019, del artista alcalare\u00f1o Jorge Rico Morales, se ha hecho con el m\u00e1ximo galard\u00f3n del 53 Concurso Internacional de Pintura de Paisajes de Alcal\u00e1 de Guada\u00edra, al que se han presentado un total de 358 pinturas de muy diversos origenes nacionales e internacionales. Jos\u00e9 Luis Romero G\u00e1ndara, con \u2018Do\u00f1ana desde el Cerro de los \u00c1ngeles V\u2019; y Julen Oroz S\u00e1nchez con \u2018Cuando la tarde mor\u00eda\u2019, han obtenido el segundo y tercer premio, respectivamente.\n <\/p>\n<p> Ante lo competido de las deliberaciones, el jurado ha querido destacar en el acta el elevado nivel de calidad de las obras llegadas a la segunda fase del concurso, as\u00ed como la satisfacci\u00f3n por lo que consideran que ser\u00e1 una excelente exposici\u00f3n final, con un diverso panorama sobre la interpretaci\u00f3n contempor\u00e1nea del g\u00e9nero pict\u00f3rico del paisaje. As\u00ed, el delegado de Patrimonio y Museos, Christopher Rivas, ha celebrado durante la inauguraci\u00f3n de la muestra, esta calidad en las obras presentadas porque \u201creafirma el prestigio del concurso alcalare\u00f1o en los circuitos art\u00edsticos de la pintura nacional e internacional. Nos da a\u00fan m\u00e1s relieve como cuna del paisajismo y reedita nuestro homenaje permanente a los grandes pintores del XIX y principios del XX de la escuela del paisajismo sevillano que hicieron de Alcal\u00e1 de Guada\u00edra su lugar de encuentro y principal fuente de insiraci\u00f3n\u201d.\n <\/p>\n<p> El primer premio est\u00e1 dotado con 3.500 euros; 2.900 euros para el segundo y 2.300 euros para el tercero. Esta edici\u00f3n del certamen de pintura de paisajes ha recibido obras de Barcelona, Madrid, Asturias, Segovia, Burgos, Valencia, Murcia, C\u00e1diz, C\u00f3rdoba, Sevilla, M\u00e1laga; y del extranjero han llegado pinturas de Letonia, Chile, Italia, M\u00e9xico, Brasil o Argentina, entre otros.\n <\/p>\n<p> Tras la primera selecci\u00f3n del jurado, pasaron a la segunda fase un total de 50 obras. La sesi\u00f3n final del proceso de calificaci\u00f3n se celebr\u00f3 en el Museo de la ciudad durante la ma\u00f1ana del 15 de mayo. Entre los acuerdos adoptados, destaca la selecci\u00f3n de 37 obras que van a formar parte de la exposici\u00f3n y que ayer se inauguraba en el Museo de la ciudad. Se podr\u00e1 visitar hasta el d\u00eda 28 de junio.\n <\/p>\n<p> <strong>Jorge Rico Morales<\/strong>\n <\/p>\n<p> Es el art\u00edsta alcalare\u00f1o que ha realizado el Cartel de Carnaval de Alcal\u00e1 de Guada\u00edra 2014. Estudi\u00f3 Bellas Artes en la Universidad de Sevilla y ejerce como profesor de Dibujo desde 1998. Actualmente da clases en el IES Albero de Alcal\u00e1 de Guada\u00edra.\n <\/p>\n<p> Ha sido premiado en dos ocasiones en el Concurso Promoci\u00f3n J\u00f3venes Pintores de Alcal\u00e1 de Guada\u00edra, a\u00f1os 1993 y 1994; en el Concurso Nacional de Pintura de Alcal\u00e1 de Guada\u00edra, tambi\u00e9n en dos ediciones, a\u00f1os 1995 y 1997; y en el de Pintura R\u00e1pida de Paisajes de esta misma localidad en el a\u00f1o 2001.\n <\/p>\n<p> Autor de carteles de feria y de carnaval de algunos pueblos de la provincia de Sevilla como Lora del R\u00edo, a\u00f1os 1998 y 2001; La Rinconada, a\u00f1os 1998 y 1999; Brenes, a\u00f1o 1998. Fue tambi\u00e9n el autor de las ilustraciones del Cuento de la Cabalgata de Reyes de Alcal\u00e1 en 2008 y del cartel anunciador de \u00e9sta en 2010.\u00a0\n <\/p>\n","protected":false},"excerpt":{"rendered":"La obra titulada \u2018Tarde en Adufe\u2019, del artista alcalare\u00f1o Jorge Rico Morales, se ha hecho con el m\u00e1ximo&hellip;\n","protected":false},"author":2,"featured_media":577449,"comment_status":"","ping_status":"","sticky":false,"template":"","format":"standard","meta":{"footnotes":""},"categories":[5],"tags":[24471,24470,24478,24469,1250,17,18,777,209,24474,168,24489,2026,24491,24480,25,24,13,14,24488,24487,24490,24492,24473,11,2178,3624,15235,891,6850,19,20,6688,24483,24054,24497,4044,24493,9,10,15,16,24477,24482,24415,24472,12365,24496,1922,24485,24481,24479,24475,24484,19497,24486,1171,23,24494,12,24476,4664,21,22,24495],"class_list":["post-577448","post","type-post","status-publish","format-standard","has-post-thumbnail","category-titulares","tag-accesibilidad","tag-administracion-electronica","tag-agenda-de-actividades","tag-alcala-de-guadaira","tag-ayuntamiento","tag-breaking-news","tag-breakingnews","tag-ciudad","tag-cultura","tag-datos-abiertos","tag-deportes","tag-desarrollo-economico","tag-educacion","tag-edusi","tag-equipamientos","tag-es","tag-espana","tag-featured-news","tag-featurednews","tag-feria-de-alcala","tag-fiestas-mayores","tag-formacion-y-empleo","tag-gestion-tributaria","tag-gobierno-abierto","tag-headlines","tag-igualdad","tag-infancia","tag-infraestructura","tag-inmigrantes","tag-juventud","tag-latest-news","tag-latestnews","tag-medio-ambiente","tag-molinos","tag-movilidad-urbana","tag-movilidad-y-transporte","tag-mujeres","tag-museo-de-alcala","tag-news","tag-noticias","tag-noticias-destacadas","tag-noticiasdestacadas","tag-oferta-de-empleo","tag-oromana","tag-participacion-ciudadana","tag-personas-con-discapacidad","tag-personas-mayores","tag-punto-limpio","tag-redes-sociales","tag-secretaria","tag-sede-electronica","tag-servicio-de-quejas-y-sugerencias","tag-servicios-destacados","tag-servicios-municipales","tag-servicios-sociales","tag-servicios-urbanos","tag-sevilla","tag-spain","tag-teatro-auditorio-riberas-del-guadaira","tag-titulares","tag-tramites-y-servicios","tag-turismo","tag-ultimas-noticias","tag-ultimasnoticias","tag-universidad-popular"],"share_on_mastodon":{"url":"","error":"Validation failed: Text character limit of 500 exceeded"},"_links":{"self":[{"href":"https:\/\/www.europesays.com\/es\/wp-json\/wp\/v2\/posts\/577448","targetHints":{"allow":["GET"]}}],"collection":[{"href":"https:\/\/www.europesays.com\/es\/wp-json\/wp\/v2\/posts"}],"about":[{"href":"https:\/\/www.europesays.com\/es\/wp-json\/wp\/v2\/types\/post"}],"author":[{"embeddable":true,"href":"https:\/\/www.europesays.com\/es\/wp-json\/wp\/v2\/users\/2"}],"replies":[{"embeddable":true,"href":"https:\/\/www.europesays.com\/es\/wp-json\/wp\/v2\/comments?post=577448"}],"version-history":[{"count":0,"href":"https:\/\/www.europesays.com\/es\/wp-json\/wp\/v2\/posts\/577448\/revisions"}],"wp:featuredmedia":[{"embeddable":true,"href":"https:\/\/www.europesays.com\/es\/wp-json\/wp\/v2\/media\/577449"}],"wp:attachment":[{"href":"https:\/\/www.europesays.com\/es\/wp-json\/wp\/v2\/media?parent=577448"}],"wp:term":[{"taxonomy":"category","embeddable":true,"href":"https:\/\/www.europesays.com\/es\/wp-json\/wp\/v2\/categories?post=577448"},{"taxonomy":"post_tag","embeddable":true,"href":"https:\/\/www.europesays.com\/es\/wp-json\/wp\/v2\/tags?post=577448"}],"curies":[{"name":"wp","href":"https:\/\/api.w.org\/{rel}","templated":true}]}}