{"id":577458,"date":"2026-05-29T17:26:15","date_gmt":"2026-05-29T17:26:15","guid":{"rendered":"https:\/\/www.europesays.com\/es\/577458\/"},"modified":"2026-05-29T17:26:15","modified_gmt":"2026-05-29T17:26:15","slug":"demi-moore-acusa-al-padre-de-su-nieta-de-un-comportamiento-agresivo-durante-el-parto","status":"publish","type":"post","link":"https:\/\/www.europesays.com\/es\/577458\/","title":{"rendered":"Demi Moore acusa al padre de su nieta de un comportamiento \u00abagresivo\u00bb durante el parto"},"content":{"rendered":"<p id=\"evEtn4uo7w\" data-wc=\"67\">Nuevo terremoto en Hollywood alrededor de la familia Willis-Moore. Demi Moore ha decidido intervenir directamente en la complicada <strong>batalla judicial que enfrenta a su hija Rumer Willis<\/strong> con su expareja y padre de su hija, Derek Richard Thomas. Y lo ha hecho con unas declaraciones demoledoras en las que acusa al m\u00fasico de haber mostrado una actitud \u201cagresiva\u201d y \u201ccontroladora\u201d durante el nacimiento de la peque\u00f1a Louetta.<\/p>\n<p> <img src=\"https:\/\/www.europesays.com\/es\/wp-content\/uploads\/2026\/02\/d42b8721a3e9-gettyimages-2180898741.jpg\"   width=\"1024\" height=\"719\" loading=\"lazy\" decoding=\"async\" alt=\"Rumer Willis\" fetchpriority=\"auto\" class=\"image ho-image\"\/>\u00a9 Getty Images<\/p>\n<p id=\"e7_OPQ74ow5\" data-wc=\"52\">La actriz de Ghost, que estuvo presente en el parto domiciliario de su nieta en abril de 2023, ha relatado ante el tribunal varios episodios que, seg\u00fan asegura, le hicieron sentir profundamente inc\u00f3moda y preocupada<a class=\"hm-link ho-link\" href=\"https:\/\/www.hola.com\/actualidad\/20260217884466\/rumer-willis-cuatro-trabajos-crianza-hija-no-ayuda-padres\/\" data-mrf-recirculation=\"article-body-link\" rel=\"nofollow noopener\" target=\"_blank\">\u00a0por el bienestar emocional de su hija<\/a> en uno de los momentos m\u00e1s importantes de su vida.<\/p>\n<p id=\"e2cJu7FWY2\" data-wc=\"67\">Todo ocurre en medio del explosivo proceso de custodia que mantienen actualmente Rumer Willis y Derek Richard Thomas por la ni\u00f1a, que acaba de cumplir tres a\u00f1os. La hija mayor de Demi Moore y Bruce Willis ha presentado documentos judiciales en los que acusa a su expareja<strong>\u00a0de abuso emocional y comportamientos manipuladores durante su relaci\u00f3n<\/strong>, unas declaraciones que ahora han sido respaldadas p\u00fablicamente por su madre.<\/p>\n<p>El inc\u00f3modo episodio del parto<\/p>\n<p id=\"eimvU1X55S\" data-wc=\"63\">Seg\u00fan los documentos difundidos por medios estadounidenses, Demi Moore asegura que Derek irrumpi\u00f3 de manera inesperada en la ba\u00f1era donde Rumer estaba dando a luz, <strong>\u201csin pedir permiso y sin haberse duchado previamente\u201d<\/strong>, un gesto que la actriz describe como \u201cbrusco\u201d y \u201cagresivo\u201d. Siempre seg\u00fan su versi\u00f3n, Rumer le pidi\u00f3 inmediatamente que saliera del agua y, desde ese momento, el ambiente cambi\u00f3 radicalmente.<\/p>\n<p> <img src=\"https:\/\/www.europesays.com\/es\/wp-content\/uploads\/2026\/05\/f099ca59951a-saveclipapp623138132185498360500149734374202072783294016n.jpg\"   width=\"576\" height=\"1024\" loading=\"lazy\" decoding=\"async\" alt=\"Media Image\" fetchpriority=\"auto\" class=\"image ho-image\"\/>\u00a9 @rumerwillis<\/p>\n<p id=\"eKzVbaMnlx\" data-wc=\"56\">Moore sostiene que el m\u00fasico pas\u00f3 gran parte del parto \u201cenfadado\u201d y tratando de centrar toda la atenci\u00f3n en s\u00ed mismo, generando una tensi\u00f3n constante en la habitaci\u00f3n. \u201cTodo giraba alrededor de sus necesidades\u201d, habr\u00eda explicado la actriz en su declaraci\u00f3n judicial, donde tambi\u00e9n afirma que el comportamiento de Derek result\u00f3 perturbador para todos los presentes.<\/p>\n<p id=\"elw_en5Vgz\" data-wc=\"57\">El relato contin\u00faa con otro de los momentos m\u00e1s delicados: el primer contacto de Demi Moore con su nieta reci\u00e9n nacida. Seg\u00fan la actriz, Rumer le entreg\u00f3 unos segundos a la peque\u00f1a Louetta para poder descansar antes de comenzar la lactancia, pero Derek reaccion\u00f3 de forma intensa reclamando inmediatamente el contacto \u201cpiel con piel\u201d con el beb\u00e9.<\/p>\n<p id=\"eY2K_1HLKT\" data-wc=\"54\">Demi asegura incluso que el m\u00fasico se opuso a que envolvieran a la reci\u00e9n nacida con mantas pese a que \u201cestaba claramente fr\u00eda\u201d. Un episodio que, seg\u00fan fuentes cercanas al caso, ha tenido una enorme repercusi\u00f3n dentro del proceso judicial porque servir\u00eda para ilustrar la din\u00e1mica de control y tensi\u00f3n que denuncia Rumer Willis.<\/p>\n<p id=\"eKiIQ-wetl\" data-wc=\"57\">La actriz de \u00c9rase una vez en\u2026 Hollywood\u00a0sostiene adem\u00e1s que fue testigo de c\u00f3mo Derek intentaba aislar emocionalmente a Rumer de su familia en momentos especialmente sensibles. Unas acusaciones especialmente duras que llegan en un momento muy delicado para el clan Willis-Moore, muy unido en los \u00faltimos a\u00f1os alrededor del estado de salud de Bruce Willis.<\/p>\n<p>Uni\u00f3n familiar pese a las dificultades<\/p>\n<p id=\"eXuEiGeYTg\" data-wc=\"54\">Desde que el actor fue diagnosticado con demencia frontotemporal, tanto Demi Moore como sus hijas han mostrado p\u00fablicamente una imagen de absoluta uni\u00f3n familiar, pese al divorcio de la pareja hace ya d\u00e9cadas. Precisamente por eso, el hecho de que Demi haya decidido intervenir directamente en el proceso judicial ha sorprendido enormemente en Hollywood.<\/p>\n<p> <img src=\"https:\/\/www.europesays.com\/es\/wp-content\/uploads\/2026\/05\/b8adba982387-bruce-willis-nieta-ig2.jpg\"   width=\"768\" height=\"1024\" loading=\"lazy\" decoding=\"async\" alt=\"Bruce Willis con su nieta, Louetta\" fetchpriority=\"auto\" class=\"image ho-image\"\/>\u00a9 demimooreBruce Willis con su nieta<\/p>\n<p id=\"eMu6vL8OgD\" data-wc=\"46\">Por su parte, Derek Richard Thomas niega completamente las acusaciones. A trav\u00e9s de sus abogados, el m\u00fasico asegura que las declaraciones tanto de Rumer como de Demi Moore son \u201cexageradas\u201d y \u201csin fundamento\u201d, defendiendo que siempre ha sido \u201cun padre cari\u00f1oso y presente\u201d para su hija.<\/p>\n<p>El juicio avanza<\/p>\n<p id=\"eLaej6ZdLR\" data-wc=\"52\">Mientras tanto, la batalla judicial contin\u00faa avanzando y promete seguir generando titulares en las pr\u00f3ximas semanas. Lo que parec\u00eda una discreta separaci\u00f3n se ha convertido ya en uno de los conflictos familiares m\u00e1s comentados de Hollywood, con Demi Moore<strong>\u00a0posicion\u00e1ndose claramente del lado de su hija en defensa de la peque\u00f1a Louetta.<\/strong><\/p>\n<p id=\"eHqIsz-cBW\" data-wc=\"40\">Las revelaciones sobre c\u00f3mo se vivi\u00f3 realmente el parto de la ni\u00f1a han provocado un enorme impacto medi\u00e1tico y vuelven a colocar bajo los focos a una de las sagas familiares m\u00e1s conocidas y medi\u00e1ticas de la industria del entretenimiento.<\/p>\n","protected":false},"excerpt":{"rendered":"Nuevo terremoto en Hollywood alrededor de la familia Willis-Moore. Demi Moore ha decidido intervenir directamente en la complicada&hellip;\n","protected":false},"author":2,"featured_media":577459,"comment_status":"","ping_status":"","sticky":false,"template":"","format":"standard","meta":{"footnotes":""},"categories":[174],"tags":[517,255,4490,146,147,25,24,256,23],"class_list":["post-577458","post","type-post","status-publish","format-standard","has-post-thumbnail","category-famosos","tag-actualidad","tag-celebrities","tag-demi-moore","tag-entertainment","tag-entretenimiento","tag-es","tag-espana","tag-famosos","tag-spain"],"share_on_mastodon":{"url":"https:\/\/pubeurope.com\/@es\/116659041142731450","error":""},"_links":{"self":[{"href":"https:\/\/www.europesays.com\/es\/wp-json\/wp\/v2\/posts\/577458","targetHints":{"allow":["GET"]}}],"collection":[{"href":"https:\/\/www.europesays.com\/es\/wp-json\/wp\/v2\/posts"}],"about":[{"href":"https:\/\/www.europesays.com\/es\/wp-json\/wp\/v2\/types\/post"}],"author":[{"embeddable":true,"href":"https:\/\/www.europesays.com\/es\/wp-json\/wp\/v2\/users\/2"}],"replies":[{"embeddable":true,"href":"https:\/\/www.europesays.com\/es\/wp-json\/wp\/v2\/comments?post=577458"}],"version-history":[{"count":0,"href":"https:\/\/www.europesays.com\/es\/wp-json\/wp\/v2\/posts\/577458\/revisions"}],"wp:featuredmedia":[{"embeddable":true,"href":"https:\/\/www.europesays.com\/es\/wp-json\/wp\/v2\/media\/577459"}],"wp:attachment":[{"href":"https:\/\/www.europesays.com\/es\/wp-json\/wp\/v2\/media?parent=577458"}],"wp:term":[{"taxonomy":"category","embeddable":true,"href":"https:\/\/www.europesays.com\/es\/wp-json\/wp\/v2\/categories?post=577458"},{"taxonomy":"post_tag","embeddable":true,"href":"https:\/\/www.europesays.com\/es\/wp-json\/wp\/v2\/tags?post=577458"}],"curies":[{"name":"wp","href":"https:\/\/api.w.org\/{rel}","templated":true}]}}