{"id":577510,"date":"2026-05-29T18:01:19","date_gmt":"2026-05-29T18:01:19","guid":{"rendered":"https:\/\/www.europesays.com\/es\/577510\/"},"modified":"2026-05-29T18:01:19","modified_gmt":"2026-05-29T18:01:19","slug":"las-que-suben-y-las-que-bajan-asi-se-distribuye-el-presupuesto-de-la-generalitat-para-2026-por-conselleries","status":"publish","type":"post","link":"https:\/\/www.europesays.com\/es\/577510\/","title":{"rendered":"Las que suben y las que bajan: as\u00ed se distribuye el presupuesto de la Generalitat para 2026 por conselleries"},"content":{"rendered":"<p class=\"ft-text ft-helper-closenews\">Unas que suben y otras que bajan, en el carrusel de los presupuestos, hay conselleries que ven c\u00f3mo sus importes tiran hacia arriba a\u00f1o tras a\u00f1o mientras que hay otras cuya evoluci\u00f3n queda enmarcada en n\u00fameros negativos. <a class=\"ft-link ft-link--decoration\" href=\"https:\/\/www.levante-emv.com\/comunitat-valenciana\/2026\/05\/29\/consell-presentacion-presupuestos-comunitat-valenciana-2026-directo-130783841.html\" target=\"_blank\" rel=\"nofollow noopener\">El global de los Presupuestos de la Generalitat para 2026 muestra un total de 33.305 millones<\/a>, lo que supone un incremento de algo m\u00e1s de mil millones respecto a 2025, pero el reparto no es ni mucho menos equitativo ni homog\u00e9neo entre los doce departamentos que componen el Gobierno valenciano.<\/p>\n<p class=\"ft-text\">As\u00ed, de nuevo y como viene siendo habitual, es la Conselleria de Sanidad la que m\u00e1s fondos dispondr\u00e1 para 2026. En concreto, el departamento de <strong>Marciano G\u00f3mez <\/strong>recibe 9.453 millones, 260 millones, un 2,9 % m\u00e1s, que en 2025. <strong>Representa el 38,7 % del total del presupuesto<\/strong> no financiero dentro de las cuant\u00edas que incluyen los gastos dana. <\/p>\n<p class=\"ft-text\"><a class=\"ft-link ft-link--decoration\" href=\"https:\/\/www.levante-emv.com\/comunitat-valenciana\/2026\/05\/29\/viernes-blanco-negociacion-educacion-puesta-130773453.html\" target=\"_blank\" rel=\"nofollow noopener\">Le sigue la Conselleria de Educaci\u00f3n, Cultura y Universidades que ve un incremento de 450 millones de 7.299 a 7.749.<\/a> Es un 6,2 % m\u00e1s en un momento tenso por la huelga indefinida de los docentes. La tercera ser\u00eda el pago de la deuda que supondr\u00e1, entre vencimientos e intereses, 7.200 millones. Estos tres ejes (sanidad, educaci\u00f3n y deuda) son el grueso de los gastos de la Generalitat para este a\u00f1o a mucha distancia de los siguientes \u00e1reas.<\/p>\n<p>Descenso en la mitad<\/p>\n<p class=\"ft-text\">Pero si se excluye esa parte financiera, en el podium estar\u00eda la Conselleria de Servicios Sociales, Familia e Infancia, desgajada tras la \u00faltima remodelaci\u00f3n del Consell. Esta dispondr\u00e1 de 2.731 millones, un 5,5 % m\u00e1s, unos 144 millones, que el a\u00f1o pasado. <\/p>\n<p class=\"ft-text\">Le sigue, con menos de la mitad, la Vicepresidencia tercera y Conselleria de Medio Ambiente, Infraestructuras, Territorio y de la Recuperaci\u00f3n: <strong>1.100 millones<\/strong>. Eso s\u00ed, a diferencia de las anteriores, esta sufre un descenso de un 7,3 %, <strong>unos 86 millones menos<\/strong> sobre todo por el descenso de inversiones dana y de fondos europeos. De hecho, la mitad de las conselleries bajan sus presupuestos. <\/p>\n<p><img decoding=\"async\" src=\"https:\/\/www.europesays.com\/es\/wp-content\/uploads\/2026\/05\/e328d18d-3775-4237-8592-bf51c0a28056_alta-libre-aspect-ratio_default_0_x1000y444.jpg\" width=\"1200\" height=\"800\" alt=\"Valencia. Presentaci\u00f3n de los nuevos presupuestos 2026 de la Generalitat Valenciana Juanfran P\u00e9rez Llorca Jos\u00e9 Antonio Rovira Susana Camarero VLC\" class=\"ft-helper-img-rd\" loading=\"lazy\" fetchpriority=\"auto\"\/><\/p>\n<p class=\"ft-helper-fontColor-quaternary ft-helper-fontSize-body-S ft-helper-spacer-t-xxs\">Rovira lleva los presupuestos de la Generalitat a las Corts.  \/ JM L\u00f3pez<\/p>\n<p class=\"ft-text\">Tras Medio Ambiente, por cuant\u00eda, est\u00e1 la Vicepresidencia Primera con las competencias de Vivienda, Empleo, Juventud e Igualdad. Esta tiene un descenso del 4,2 %, <strong>unos 30 millones menos que bajan de 709 a 679 millones. <\/strong>Mayor es la ca\u00edda en la Conselleria de Industria, Turismo, Innovaci\u00f3n y Comercio, que cae de 709 a 648 illones, un 8,5 %. S\u00ed sube la Conselleria de Justicia, Transparencia y Participaci\u00f3n, un 2,5 %, de 580 a 612 millones. <\/p>\n<p>Emergencias, el mayor recorte<\/p>\n<p class=\"ft-text\">En ese orden descendente en cuanto al gasto previsto para 2026, la siguiente es la Conselleria de Econom\u00eda, Hacienda y Administraci\u00f3n P\u00fablica que, eso s\u00ed, ve un importante tijeretazo a sus cuentas. Pierde casi uno de cada tres euros, <strong>un 31 %, al pasar de 781 millones a 536. <\/strong>Aunque si se mira solo la parte sin dana, sus fondos suben un 7,6 %. Sea con subida o bajada, Hacienda se mantiene por encima de la Conselleria de Agricultura que dispondr\u00e1 en 2026 de 460 millones, apenas tres m\u00e1s que en 2025. <\/p>\n<p class=\"ft-text\">Por debajo, est\u00e1n la Vicepresidencia Segunda y Conselleria de Presidencia,<strong> que cae un 1,4 % hasta los 251 millones,<\/strong> la pen\u00faltima que menos recibe, pero ligeramente por encima del farolillo rojo que supone la Conselleria de Emergencias. Esta no solo es el \u00e1rea con menor presupuesto, 234 millones, sino que es la que mayor recorte sufre, al disponer de un 46 % menos que en 2025, 200 millones menos, dejando sus fondos a casi la mitad. No obstante, en el presupuesto ordinario (sin contar las ayudas dana del a\u00f1o pasado) de la conselleria se incrementa un 5,9 % recibiendo 10 millones m\u00e1s. <\/p>\n<p data-close=\"closedContent\" class=\"subscribeHideForDisplay\">Suscr\u00edbete para seguir leyendo<\/p>\n","protected":false},"excerpt":{"rendered":"Unas que suben y otras que bajan, en el carrusel de los presupuestos, hay conselleries que ven c\u00f3mo&hellip;\n","protected":false},"author":2,"featured_media":577511,"comment_status":"","ping_status":"","sticky":false,"template":"","format":"standard","meta":{"footnotes":""},"categories":[8],"tags":[51740,17,18,7163,19065,44247,2026,25,24,6057,13,14,2010,11,19,20,6688,9,10,15,16,23918,23,14531,12,21,22],"class_list":["post-577510","post","type-post","status-publish","format-standard","has-post-thumbnail","category-espana","tag-bajan","tag-breaking-news","tag-breakingnews","tag-consell","tag-deuda","tag-distribuye","tag-educacion","tag-es","tag-espana","tag-evolucion","tag-featured-news","tag-featurednews","tag-generalitat","tag-headlines","tag-latest-news","tag-latestnews","tag-medio-ambiente","tag-news","tag-noticias","tag-noticias-destacadas","tag-noticiasdestacadas","tag-presupuesto","tag-spain","tag-suben","tag-titulares","tag-ultimas-noticias","tag-ultimasnoticias"],"share_on_mastodon":{"url":"https:\/\/pubeurope.com\/@es\/116659178446126811","error":""},"_links":{"self":[{"href":"https:\/\/www.europesays.com\/es\/wp-json\/wp\/v2\/posts\/577510","targetHints":{"allow":["GET"]}}],"collection":[{"href":"https:\/\/www.europesays.com\/es\/wp-json\/wp\/v2\/posts"}],"about":[{"href":"https:\/\/www.europesays.com\/es\/wp-json\/wp\/v2\/types\/post"}],"author":[{"embeddable":true,"href":"https:\/\/www.europesays.com\/es\/wp-json\/wp\/v2\/users\/2"}],"replies":[{"embeddable":true,"href":"https:\/\/www.europesays.com\/es\/wp-json\/wp\/v2\/comments?post=577510"}],"version-history":[{"count":0,"href":"https:\/\/www.europesays.com\/es\/wp-json\/wp\/v2\/posts\/577510\/revisions"}],"wp:featuredmedia":[{"embeddable":true,"href":"https:\/\/www.europesays.com\/es\/wp-json\/wp\/v2\/media\/577511"}],"wp:attachment":[{"href":"https:\/\/www.europesays.com\/es\/wp-json\/wp\/v2\/media?parent=577510"}],"wp:term":[{"taxonomy":"category","embeddable":true,"href":"https:\/\/www.europesays.com\/es\/wp-json\/wp\/v2\/categories?post=577510"},{"taxonomy":"post_tag","embeddable":true,"href":"https:\/\/www.europesays.com\/es\/wp-json\/wp\/v2\/tags?post=577510"}],"curies":[{"name":"wp","href":"https:\/\/api.w.org\/{rel}","templated":true}]}}