{"id":577604,"date":"2026-05-29T19:06:23","date_gmt":"2026-05-29T19:06:23","guid":{"rendered":"https:\/\/www.europesays.com\/es\/577604\/"},"modified":"2026-05-29T19:06:23","modified_gmt":"2026-05-29T19:06:23","slug":"un-juez-avala-que-una-orquesta-viguesa-se-quede-sin-cobrar-por-desafines-acoples-y-otras-incidencias-en-una-actuacion","status":"publish","type":"post","link":"https:\/\/www.europesays.com\/es\/577604\/","title":{"rendered":"Un juez avala que una orquesta viguesa se quede sin cobrar por desafines, acoples y otras incidencias en una actuaci\u00f3n"},"content":{"rendered":"<p class=\"article-text\">\n        El magistrado de la secci\u00f3n primera de la Audiencia de \u00c1lava ha acordado desestimar el recurso interpuesto por el representante art\u00edstico de la orquesta Ciudad de Vigo, contra una sentencia desestimatoria anterior, y la ha confirmado, de manera que avala que el representante de la orquesta se quede sin cobrar parte de los honorarios por las m\u00faltiples incidencias ocurridas durante la actuaci\u00f3n contratada.\n    <\/p>\n<p>    <a href=\"https:\/\/www.eldiario.es\/galicia\/muere-lito-rey-orquestas-acuciado-problemas-legales-salud_1_8780300.html\" data-mrf-recirculation=\"saber-mas\" data-dl-event=\"saber-mas\" rel=\"nofollow noopener\" target=\"_blank\"><\/p>\n<p class=\"know-more__title\">Muere Lito, el &#8216;rey de las orquestas&#8217;, acuciado por problemas legales y de salud<\/p>\n<p>            <img decoding=\"async\" class=\"lazy\" loading=\"lazy\" data-src=\"https:\/\/static.eldiario.es\/clip\/b3c1b4f9-cb59-4fc8-91ef-be42c085d3b8_16-9-aspect-ratio_default_0_x869y111.jpg\" src=\"data:image\/svg+xml,%3Csvg xmlns=\" http:=\"\" viewbox=\"0 0 880 495\" alt=\"Muere Lito, el 'rey de las orquestas', acuciado por problemas legales y de salud\"\/><\/p>\n<p>                        <\/a><\/p>\n<p class=\"article-text\">\n        Los hechos se remontan a julio de 2023, cuando la orquesta fue contratada por el Centro Gallego de Vitoria-Gasteiz (Euskadi) para actuar los d\u00edas 22 y 23. El Centro realiz\u00f3 un primer pago de este contrato, pero se neg\u00f3 a pagar el resto, 6.655 euros, alegando que la orquesta hab\u00eda incumplido el contrato. As\u00ed, cuando el impago se llev\u00f3 a los tribunales, alegaron que los m\u00fasicos de la orquesta no coincid\u00edan con los que sal\u00edan en la imagen publicitaria de la agrupaci\u00f3n; que los cantantes no se sab\u00edan las letras de las canciones ni las coreograf\u00edas; que no se cumplieron los horarios; y que se produjeron desafines, acoples o desajuste entre la m\u00fasica y las canciones. Igualmente, se\u00f1alaban otras incidencias, como que los micr\u00f3fonos no funcionaban o que la vestimenta de algunos componentes del grupo no era la correcta.\n    <\/p>\n<p>    <a href=\"https:\/\/www.eldiario.es\/galicia\/cumbia-dinero-negro-tragedia-vida-muerte-rey-orquestas-habia-contado_1_10265292.html\" data-mrf-recirculation=\"saber-mas-abajo\" data-dl-event=\"saber-mas-abajo\" rel=\"nofollow noopener\" target=\"_blank\"><\/p>\n<p class=\"know-more__title\">Cumbia, dinero negro y tragedia: la vida y la muerte de \u201cel rey de las orquestas\u201d como nunca antes se hab\u00eda contado <\/p>\n<p>            <img decoding=\"async\" class=\"lazy\" loading=\"lazy\" data-src=\"https:\/\/static.eldiario.es\/clip\/96852ed2-5791-4951-bd27-7266dc882735_16-9-aspect-ratio_default_0.jpg\" src=\"data:image\/svg+xml,%3Csvg xmlns=\" http:=\"\" viewbox=\"0 0 880 495\" alt=\"Cumbia, dinero negro y tragedia: la vida y la muerte de &quot;el rey de las orquestas&quot; como nunca antes se hab\u00eda contado\"\/><\/p>\n<p>                        <\/a><\/p>\n<p class=\"article-text\">\n        La sentencia de primera instancia vio acreditados los \u201cdesajustes\u201d y \u201cdefectos\u201d en la actuaci\u00f3n, suficientes para considerar incumplido el contrato. El representante de la orquesta recurri\u00f3 pero la Audiencia ha desestimado sus alegaciones y ha confirmado la resoluci\u00f3n inicial. El tribunal provincial se\u00f1ala que la valoraci\u00f3n de las declaraciones de los testigos fue \u201crazonable\u201d, y que confirmaron la existencia de \u201cnumerosas irregularidades e incumplimientos\u201d, que pod\u00edan se apreciados por \u201cun oyente medio\u201d y que fueron corroboradas con la grabaci\u00f3n de v\u00eddeos que fueron aportados al procedimiento judicial.\n    <\/p>\n","protected":false},"excerpt":{"rendered":"El magistrado de la secci\u00f3n primera de la Audiencia de \u00c1lava ha acordado desestimar el recurso interpuesto por&hellip;\n","protected":false},"author":2,"featured_media":577605,"comment_status":"","ping_status":"","sticky":false,"template":"","format":"standard","meta":{"footnotes":""},"categories":[91],"tags":[517,1705,146,147,25,24,816,7386,7318,10,1925,7387,1146,23],"class_list":["post-577604","post","type-post","status-publish","format-standard","has-post-thumbnail","category-entretenimiento","tag-actualidad","tag-analisis","tag-entertainment","tag-entretenimiento","tag-es","tag-espana","tag-galicia","tag-la-coruna","tag-lugo","tag-noticias","tag-opinion","tag-orense","tag-pontevedra","tag-spain"],"share_on_mastodon":{"url":"https:\/\/pubeurope.com\/@es\/116659433210461699","error":""},"_links":{"self":[{"href":"https:\/\/www.europesays.com\/es\/wp-json\/wp\/v2\/posts\/577604","targetHints":{"allow":["GET"]}}],"collection":[{"href":"https:\/\/www.europesays.com\/es\/wp-json\/wp\/v2\/posts"}],"about":[{"href":"https:\/\/www.europesays.com\/es\/wp-json\/wp\/v2\/types\/post"}],"author":[{"embeddable":true,"href":"https:\/\/www.europesays.com\/es\/wp-json\/wp\/v2\/users\/2"}],"replies":[{"embeddable":true,"href":"https:\/\/www.europesays.com\/es\/wp-json\/wp\/v2\/comments?post=577604"}],"version-history":[{"count":0,"href":"https:\/\/www.europesays.com\/es\/wp-json\/wp\/v2\/posts\/577604\/revisions"}],"wp:featuredmedia":[{"embeddable":true,"href":"https:\/\/www.europesays.com\/es\/wp-json\/wp\/v2\/media\/577605"}],"wp:attachment":[{"href":"https:\/\/www.europesays.com\/es\/wp-json\/wp\/v2\/media?parent=577604"}],"wp:term":[{"taxonomy":"category","embeddable":true,"href":"https:\/\/www.europesays.com\/es\/wp-json\/wp\/v2\/categories?post=577604"},{"taxonomy":"post_tag","embeddable":true,"href":"https:\/\/www.europesays.com\/es\/wp-json\/wp\/v2\/tags?post=577604"}],"curies":[{"name":"wp","href":"https:\/\/api.w.org\/{rel}","templated":true}]}}