{"id":577610,"date":"2026-05-29T19:09:20","date_gmt":"2026-05-29T19:09:20","guid":{"rendered":"https:\/\/www.europesays.com\/es\/577610\/"},"modified":"2026-05-29T19:09:20","modified_gmt":"2026-05-29T19:09:20","slug":"el-director-de-la-oms-visita-la-capital-de-rdc-antes-de-viajar-a-la-zona-cero-del-ebola","status":"publish","type":"post","link":"https:\/\/www.europesays.com\/es\/577610\/","title":{"rendered":"El director de la OMS visita la capital de RDC antes de viajar a la zona cero del \u00e9bola"},"content":{"rendered":"<p>    <img src=\"https:\/\/www.europesays.com\/es\/wp-content\/uploads\/2026\/05\/2026-05-29T103A363A56Z-91495637.jpg\" width=\"1024\" height=\"682\" alt=\"\" loading=\"eager\" decoding=\"sync\" fetchpriority=\"high\"\/><\/p>\n<p>            afp_tickers        <\/p>\n<p>        Este contenido fue publicado en    <\/p>\n<p>        29 mayo 2026 &#8211; 19:24\n<\/p>\n<p>El director de la OMS, Tedros Adhanom Ghebreyesus, visit\u00f3 este viernes Kinshasa, capital de la Rep\u00fablica Democr\u00e1tica del Congo (RDC), donde las autoridades tratan de contener un grave brote de \u00e9bola, antes de desplazarse al epicentro de la epidemia.<\/p>\n<p>Su viaje a Ituri, una provincia remota en el noreste y principal escenario de la m\u00e1s reciente epidemia de \u00e9bola en RDC, estaba previsto para este viernes, pero fue pospuesto para el s\u00e1bado.<\/p>\n<p>La RDC, uno de los pa\u00edses m\u00e1s pobres del planeta, declar\u00f3 el 15 de mayo una nueva epidemia en su inmenso territorio, donde viven m\u00e1s de 100 millones de habitantes. La OMS ha decretado una alerta sanitaria internacional.<\/p>\n<p>Desde entonces, las autoridades sanitarias congole\u00f1as e internacionales luchan por frenar la propagaci\u00f3n del virus, ya presente en tres provincias, as\u00ed como en la vecina Uganda, donde se han confirmado dos nuevos casos este viernes, llevando el total a nueve infecciones, una de ellas mortal.<\/p>\n<p>En la RDC se han registrado 246 fallecimientos entre m\u00e1s de 1.000 casos sospechosos.<\/p>\n<p>Las autoridades sanitarias internacionales consideran que la magnitud efectiva de la epidemia a\u00fan se desconoce y que los balances son probablemente inferiores a la realidad, principalmente debido a la escasa capacidad de la RDC para realizar pruebas de laboratorio que confirmen los casos de transmisi\u00f3n.<\/p>\n<p>La enfermedad del \u00e9bola, que ha matado a m\u00e1s de 15.000 personas en \u00c1frica en los \u00faltimos 50 a\u00f1os, provoca una fiebre hemorr\u00e1gica aguda y extremadamente contagiosa.<\/p>\n<p>La epidemia m\u00e1s mort\u00edfera en la RDC caus\u00f3 cerca de 2.300 muertos y 3.500 enfermos entre 2018 y 2020.<\/p>\n<p>\u00abAunque la situaci\u00f3n es compleja, creo que podemos parar esto\u00bb, dijo Tedros a su llegada a la capital congole\u00f1a.<\/p>\n<p>En una carta abierta publicada poco antes en X, hab\u00eda asegurado a los congole\u00f1os que no est\u00e1n \u00absolos\u00bb.<\/p>\n<p>\u2013 \u00abSeremos exterminados\u00bb \u2013<\/p>\n<p>En la remota regi\u00f3n de Ituri, los servicios del Estado est\u00e1n en gran medida ausentes.<\/p>\n<p>La presencia de grupos armados -rebeldes afiliados al grupo radical Estado Isl\u00e1mico o milicias comunitarias que masacran regularmente a civiles- dificulta el acceso.<\/p>\n<p>Las provincias vecinas de Kivu del Norte y Kivu del Sur, tambi\u00e9n afectadas por la epidemia, son escenario de violencia casi ininterrumpida desde hace 30 a\u00f1os.<\/p>\n<p>Amplias zonas de territorio est\u00e1n controladas por el grupo armado antigubernamental M23, apoyado por Ruanda y su ej\u00e9rcito.<\/p>\n<p>Y millones de desplazados que han huido de los conflictos se hacinan en campos.<\/p>\n<p>La llegada del virus a estos espacios plagados de lonas y tiendas, donde reina el hacinamiento y las condiciones de higiene son desastrosas, ser\u00eda catastr\u00f3fica.<\/p>\n<p>Dorcas Mapenzi lava su ropa en una palangana colocada directamente sobre el suelo. Como otro mill\u00f3n de desplazados en Ituri, ella vive en un campo superpoblado en las afueras de Bunia, la capital provincial.<\/p>\n<p>\u00abSi llega el \u00e9bola, seremos exterminados, porque estamos amontonados\u00bb, dice a la AFP.<\/p>\n<p>\u00abDormimos unos encima de otros\u00bb, describe D\u00e9borah Nzale, otra desplazada. \u00abSi una sola persona se contagia aqu\u00ed en este campo, todos vamos a morir\u00bb, coment\u00f3.<\/p>\n<p>La epidemia actual est\u00e1 provocada por el virus Bundibugyo, para el cual no existe tratamiento espec\u00edfico ni vacuna.<\/p>\n<p>La mayor\u00eda de las epidemias anteriores se debieron al virus Zaire, el \u00fanico para el que hay una vacuna homologada.<\/p>\n<p>El jueves, el director de la agencia sanitaria de la Uni\u00f3n Africana, Jean Kaseya, prometi\u00f3 que hab\u00eda una vacuna y un medicamento contra la cepa Bundibugyo \u00abpara finales de 2026\u00bb.<\/p>\n<p>Por su parte, la OMS anunci\u00f3 que sus grupos consultivos hab\u00edan recomendado ensayos cl\u00ednicos para varias vacunas y tratamientos potencialmente eficaces contra Bundibugyo.<\/p>\n<p>Uganda y Ruanda han cerrado recientemente sus fronteras con la RDC.<\/p>\n<p>La OMS elev\u00f3 la semana pasada el nivel de riesgo sanitario en la RDC a su m\u00e1ximo. Tambi\u00e9n se\u00f1al\u00f3 que el riesgo para los pa\u00edses de la regi\u00f3n era \u00abalto\u00bb, pero que a escala mundial segu\u00eda siendo \u00abbajo\u00bb.<\/p>\n<p>cld\/cpy\/ahg\/dbh\/jvb\/meb<\/p>\n","protected":false},"excerpt":{"rendered":"afp_tickers Este contenido fue publicado en 29 mayo 2026 &#8211; 19:24 El director de la OMS, Tedros Adhanom&hellip;\n","protected":false},"author":2,"featured_media":577611,"comment_status":"","ping_status":"","sticky":false,"template":"","format":"standard","meta":{"footnotes":""},"categories":[42],"tags":[17,18,58126,8543,58127,13,14,11,165,61,62,63,64,19,20,9,10,15,16,90,12,21,22,58128,65,66,67],"class_list":["post-577610","post","type-post","status-publish","format-standard","has-post-thumbnail","category-internacional","tag-breaking-news","tag-breakingnews","tag-communicable-diseases","tag-disease","tag-epidemic-and-plague","tag-featured-news","tag-featurednews","tag-headlines","tag-health","tag-internacional","tag-international","tag-international-news","tag-internationalnews","tag-latest-news","tag-latestnews","tag-news","tag-noticias","tag-noticias-destacadas","tag-noticiasdestacadas","tag-ticker","tag-titulares","tag-ultimas-noticias","tag-ultimasnoticias","tag-virus-diseases","tag-world","tag-world-news","tag-worldnews"],"share_on_mastodon":{"url":"https:\/\/pubeurope.com\/@es\/116659446181042225","error":""},"_links":{"self":[{"href":"https:\/\/www.europesays.com\/es\/wp-json\/wp\/v2\/posts\/577610","targetHints":{"allow":["GET"]}}],"collection":[{"href":"https:\/\/www.europesays.com\/es\/wp-json\/wp\/v2\/posts"}],"about":[{"href":"https:\/\/www.europesays.com\/es\/wp-json\/wp\/v2\/types\/post"}],"author":[{"embeddable":true,"href":"https:\/\/www.europesays.com\/es\/wp-json\/wp\/v2\/users\/2"}],"replies":[{"embeddable":true,"href":"https:\/\/www.europesays.com\/es\/wp-json\/wp\/v2\/comments?post=577610"}],"version-history":[{"count":0,"href":"https:\/\/www.europesays.com\/es\/wp-json\/wp\/v2\/posts\/577610\/revisions"}],"wp:featuredmedia":[{"embeddable":true,"href":"https:\/\/www.europesays.com\/es\/wp-json\/wp\/v2\/media\/577611"}],"wp:attachment":[{"href":"https:\/\/www.europesays.com\/es\/wp-json\/wp\/v2\/media?parent=577610"}],"wp:term":[{"taxonomy":"category","embeddable":true,"href":"https:\/\/www.europesays.com\/es\/wp-json\/wp\/v2\/categories?post=577610"},{"taxonomy":"post_tag","embeddable":true,"href":"https:\/\/www.europesays.com\/es\/wp-json\/wp\/v2\/tags?post=577610"}],"curies":[{"name":"wp","href":"https:\/\/api.w.org\/{rel}","templated":true}]}}