{"id":577758,"date":"2026-05-29T21:06:14","date_gmt":"2026-05-29T21:06:14","guid":{"rendered":"https:\/\/www.europesays.com\/es\/577758\/"},"modified":"2026-05-29T21:06:14","modified_gmt":"2026-05-29T21:06:14","slug":"los-expertos-advierten-mas-de-24-000-personas-fallecen-al-ano-por-resistencia-a-los-antibioticos-vozpopuli","status":"publish","type":"post","link":"https:\/\/www.europesays.com\/es\/577758\/","title":{"rendered":"Los expertos advierten: m\u00e1s de 24.000 personas fallecen al a\u00f1o por resistencia a los antibi\u00f3ticos &#8211; Vozpopuli"},"content":{"rendered":"<ol>\n<li><a href=\"https:\/\/news.google.com\/rss\/articles\/CBMi0gFBVV95cUxPU0p1MExsWDBQYTdDRzJkY3ZWR0c0TzcyUGl1NFEydnU5TWZvMGlEWThjenJYZWlva21yMUZ6dUVEc2QwdTVXTjY2aTBGNi00QXE3N1R0X2Zhb1ZwbVNJMUpTVm1FVXlVcUJWZ1p3NWNKSHY4QjhMOHlPcVlwNjh1TXVSTGZrZmRIemJFamhQMVdOLTFKN2pjMm5rd0kzN3dzSlVERG5iczluMVBPZ1V3SVZ1cS1UN2ZySHNaUElybmVxeDNPX2RkUGpYVWV2RUZMZUHSAdcBQVVfeXFMTzFOVHFGcGdSVmp2Rjh4U1hmS0ZMS0l5SjZ6M0pFbGFYSFlCRkVKSmRDWkZJQlFxUlBNdDJESk9jWmtCN1drQjY3c0pXcUpQN1Y2R1ZOSEYydDY2V3V4OF8ybW9IdXdPTEcyeEluT0lHeDVpUy13RFBOVDNybmRScFdjOGdQdi15UFlubmZZVVdWaUZ6QWF6bU5MVklfWl9JWUJDRHA0dGJ6MS1XckpUN25waWpqZXV2dTZHQ0NOSmt6em55a3JBNEwxc3NUNEhEdGVoc3kxNk0?oc=5\" target=\"_blank\" rel=\"nofollow noopener\">Los expertos advierten: m\u00e1s de 24.000 personas fallecen al a\u00f1o por resistencia a los antibi\u00f3ticos<\/a>&nbsp;&nbsp;Vozpopuli<\/li>\n<li><a href=\"https:\/\/news.google.com\/rss\/articles\/CBMiuwFBVV95cUxQcGFLLWlWX1pIZmxtNHVuWmhFd2NsSDM3M094aDZKeVZLa1o1WXJ1Mm93WlBvQ3hSWXFFeTJtYS1WSFhIVGN3eFJyOEJOSnNFU1dBT1YxSTNrTU9oeEQwUlIxYmxnZG0teXM4aVBKVWpuaDFXQTZNTGxVcU1nc3ZCSE5lMWtYN0YzOXpyQzdieTJQQjFndndZQmtXNWZxb0FDcXd3MUtENzI1NEoxTnZEUGVKVVdPcEF0Q0FF?oc=5\" target=\"_blank\" rel=\"nofollow noopener\">Javier Membrillo, infect\u00f3logo: \u00abNo estamos formando bien a los m\u00e9dicos de las unidades de alto aislamiento\u00bb<\/a>&nbsp;&nbsp;ABC<\/li>\n<li><a href=\"https:\/\/news.google.com\/rss\/articles\/CBMi0AFBVV95cUxPWlk5cEJDS3M4a1psQTNmYjk5MDdjYzRObm1ES05nZFRsQ25iT1lza01ZMU4wY0xybFhZSVZZVWc5RDlYMGluVWE2Q3UtcXZWVkRYM0hRY2dKaVdHS0FRb1luZkxfS2RaR1NlMkdfaUIxWGUwclZVUE1rY0xJakl5c0FCMk5GNE50azhhSVRkdTcyTF9lTmdPQ1VIeW1EZWNjY0FpbHVQcjl1UjFvcXowYjUxcUgtU1ZFNVVfT2JOMnk2bk1JU0Z2Nm9BT05SZDR00gHWAUFVX3lxTE5pM0lYNGdVb2dfeVg0MGFvcVR1QzBxSUNNNmt5bnF0bVRYY1NTUHpGSkxpRU9jMkZtOEFjYUtWWURmZVlJdjB1dXRxYkd3dlVNbVRqQmFsUjNUQ05UbHcwN24zRG5qdVdWV3RhcUdjcHhOMk0xTEZMOVMxRGUzWklLMml6eVpPckRmVlRVZFFFdTh1VHhwYll0SXZPQ0tNZWdGQnFZNGxoQ1FQNF8wT2ExazNUTnNNem1jYmQyODdZZlVkT3F6RExhSlFCM2VpMzE5VWxhTGc?oc=5\" target=\"_blank\" rel=\"nofollow noopener\">M\u00e1s de 24.000 personas mueren al a\u00f1o en Espa\u00f1a por bacterias resistentes a antibi\u00f3ticos<\/a>&nbsp;&nbsp;La Vanguardia<\/li>\n<li><a href=\"https:\/\/news.google.com\/rss\/articles\/CBMihgJBVV95cUxQLU9aOU9Bci1neVJ5VmpDWmZDaVRONDg4dXNNLXY5Z0o5d1ZIMGZPT1FLSWRLQ2I0WjJvSmZSWjF1bnl1eF9ibXFob3I0WE90YWV0b1N2NzBSdmhfbExIM2F1UzRaUlJhb2NqX3R5Z1ZGdUtqR2NsbXJ6MVdCNWo4eE5JbkxhRWhnNlFVMFVpbnAtX1lFNlNnekNsZ1dKQ2QxOWlBdVpxeWhhWGRoaXowTFpRdEl2eS04RWZ4NDZnSjY4S1VXeEgtbmlhaWU3cVZUOVNYU3phdjBJU29EdTgzV3ljS2NfOXJ0NmFEQWcwUE85cHlUY1pscGpQMk5IREtUODU0Z3F30gGLAkFVX3lxTE5Mc0dBYjc4SndJaWE4aDJ3NlRBcVdscURaZlIyNC1meWlwRjlON0VoR1g2UC11WnR4dGlXcmZCMkxQU3MzSG9keVY5clhHbmlOamJ4RElRcEtzWmRIa1c4eTJjN1J2ZDJFazI3SDdXcFYxSElWb2F4TW1MZi1ubmh5X3liNWlVYWJpNW9HUlVaMzNpczBpQ2hkczN6bktTcUtZeGJRUGd4V2tiUS1RbE14Umk4Z3RUZkRtakhnVlhnR3lqbXhHQXpNVWhtdEg3YVUtckx3LTQ1VmFGdGM5NGZfUDVDMURyOUkwcEhQcVRKSUxXaWNUbHhNdE9GcnV0b1pYaDJfenozb1R4Zw?oc=5\" target=\"_blank\" rel=\"nofollow noopener\">Sanidad prepara la especialidad de Enfermedades Infecciosas junto a las sociedades cient\u00edficas y FACME<\/a>&nbsp;&nbsp;El Espa\u00f1ol<\/li>\n<li><a href=\"https:\/\/news.google.com\/rss\/articles\/CBMi8AFBVV95cUxOZkdQRHZGZ3FzZ25nMU0tSjVFUzVCZTBXMk9PTTFKRlVSMkEyQjFXWk5nLVZ3RnV0VFFoV00zZUpnQVlFZm9SRWxyOXJOblhUd2pUcExUSjl0UmRuX2JhT0Q3S0tmbVJLSFh1NDBYbjZPNTVSNWJ3c2lPOW9RbWJrQTQtY1hXUm4xS2d6RjcwZi12TTEyeXJQNjg0VDM4bTBra042dU91a05tbkp5dHNFaU5NakxERVZrTnkwMFpkeE5hbUl2UDJiVUNLbmFDRnNOTHo3SjJqMVFMT0xxUlhUdGRIOWF0am5sR3VQNy1UZVTSAfABQVVfeXFMTkRIZ0N6cFU3TkZJUGljUTVUQXBCcjdhMnNYWUZoZkJ3UGh1dTc1bHEza0dfcUg1N2wzeXU0ZHZLaDhVSUwxWXNmTEFOMnA2blVoZ2kwemNXWngyOVhhRWhUclpfNm9UNXRHU1ZESVNJbHpXbFR4OGloUVNyUDAzR3FBWUZDOFhMcEgzT3A3UHRwWU5oQzk0TVhRY0h5VmFTX2k4WTZQbHJ1U0d6OGVNVUV2NGkzLTRFcFRiNGVEcTFhNkdiRnUzLXZQWk1DTmZVbWFnNTdQcFZxcTlRVExTOUlpbVh1SHJkWXM2VzJjT1Ns?oc=5\" target=\"_blank\" rel=\"nofollow noopener\">Las infecciones por bacterias multirresistentes ser\u00e1n la primera causa de muerte por enfermedad en 2050<\/a>&nbsp;&nbsp;Antena 3<\/li>\n<\/ol>\n","protected":false},"excerpt":{"rendered":"Los expertos advierten: m\u00e1s de 24.000 personas fallecen al a\u00f1o por resistencia a los antibi\u00f3ticos&nbsp;&nbsp;Vozpopuli Javier Membrillo, infect\u00f3logo:&hellip;\n","protected":false},"author":2,"featured_media":577759,"comment_status":"","ping_status":"","sticky":false,"template":"","format":"standard","meta":{"footnotes":""},"categories":[92],"tags":[2215,21854,2601,8995,25,24,165,166,23],"class_list":["post-577758","post","type-post","status-publish","format-standard","has-post-thumbnail","category-salud","tag-antibioticos","tag-bacterias","tag-bilbao","tag-enfermedades-infecciosas","tag-es","tag-espana","tag-health","tag-salud","tag-spain"],"share_on_mastodon":{"url":"https:\/\/pubeurope.com\/@es\/116659905350013186","error":""},"_links":{"self":[{"href":"https:\/\/www.europesays.com\/es\/wp-json\/wp\/v2\/posts\/577758","targetHints":{"allow":["GET"]}}],"collection":[{"href":"https:\/\/www.europesays.com\/es\/wp-json\/wp\/v2\/posts"}],"about":[{"href":"https:\/\/www.europesays.com\/es\/wp-json\/wp\/v2\/types\/post"}],"author":[{"embeddable":true,"href":"https:\/\/www.europesays.com\/es\/wp-json\/wp\/v2\/users\/2"}],"replies":[{"embeddable":true,"href":"https:\/\/www.europesays.com\/es\/wp-json\/wp\/v2\/comments?post=577758"}],"version-history":[{"count":0,"href":"https:\/\/www.europesays.com\/es\/wp-json\/wp\/v2\/posts\/577758\/revisions"}],"wp:featuredmedia":[{"embeddable":true,"href":"https:\/\/www.europesays.com\/es\/wp-json\/wp\/v2\/media\/577759"}],"wp:attachment":[{"href":"https:\/\/www.europesays.com\/es\/wp-json\/wp\/v2\/media?parent=577758"}],"wp:term":[{"taxonomy":"category","embeddable":true,"href":"https:\/\/www.europesays.com\/es\/wp-json\/wp\/v2\/categories?post=577758"},{"taxonomy":"post_tag","embeddable":true,"href":"https:\/\/www.europesays.com\/es\/wp-json\/wp\/v2\/tags?post=577758"}],"curies":[{"name":"wp","href":"https:\/\/api.w.org\/{rel}","templated":true}]}}