{"id":577766,"date":"2026-05-29T21:11:20","date_gmt":"2026-05-29T21:11:20","guid":{"rendered":"https:\/\/www.europesays.com\/es\/577766\/"},"modified":"2026-05-29T21:11:20","modified_gmt":"2026-05-29T21:11:20","slug":"el-exdiputado-del-psoe-en-galicia-emilio-vazquez-detenido-en-una-trama-de-corrupcion-del-partido-socialista-portugues","status":"publish","type":"post","link":"https:\/\/www.europesays.com\/es\/577766\/","title":{"rendered":"El exdiputado del PSOE en Galicia Emilio V\u00e1zquez, detenido en una trama de corrupci\u00f3n del Partido Socialista portugu\u00e9s"},"content":{"rendered":"<p class=\"article-text\">\n        La Polic\u00eda de Portugal ha detenido a Emilio V\u00e1zquez Blanco, exsecretario de Organizaci\u00f3n del PSOE en A Coru\u00f1a y exparlamentario auton\u00f3mico en Galicia en el marco de una presunta trama de corrupci\u00f3n que involucra a un exasesor del Partido Socialista (PS) portugu\u00e9s y que est\u00e1 relacionada con la adjudicaci\u00f3n de contratos irregulares en municipios del pa\u00eds vecino. Seg\u00fan fuentes del medio luso &#8216;Observador&#8217; y han confirmado a Europa Press fuentes cercanas, uno de los cuatro detenidos por la trama de corrupci\u00f3n es V\u00e1zquez Blanco, radicado desde hace algunos a\u00f1os en Portugal y con v\u00ednculos con el PS.\n    <\/p>\n<p class=\"article-text\">\n        V\u00e1zquez Blanco, due\u00f1o de una empresa de marketing pol\u00edtico llamada Cecubometrics, est\u00e1 acusado de supuestamente ser c\u00f3mplice de Duarte Moral -exasesor del ex primer ministro Ant\u00f3nio Costa y actual asesor del secretario general socialista, Jos\u00e9 Lu\u00eds Carneiro- en la supuesta manipulaci\u00f3n de contratos. En concreto, el citado medio apunta a que Cecubometrics factur\u00f3 cuatro contratos mensuales de 24.600 euros cada uno, entre marzo y junio de 2019, cuando Duarte Moral trabajaba para el PS en el marco de la campa\u00f1a para las elecciones al Parlamento Europeo. Seg\u00fan un informe elaborado la Entidad de las Cuentas y Financiaci\u00f3n Pol\u00edtica, en dichos contratos no figuran \u201clos honorarios, n\u00famero de personas del equipo, n\u00famero de horas y respectivo valor unitario por hora\u201d.\n    <\/p>\n<p>    <a href=\"https:\/\/www.eldiario.es\/internacional\/pasado-caso-judicial-hizo-caer-gobierno-socialista-portugal-futuro-costa_1_11304215.html\" data-mrf-recirculation=\"saber-mas-abajo\" data-dl-event=\"saber-mas-abajo\" rel=\"nofollow noopener\" target=\"_blank\"><\/p>\n<p class=\"know-more__title\">Qu\u00e9 ha pasado con el caso judicial que hizo caer al Gobierno socialista de Portugal y cu\u00e1l es el futuro de Costa <\/p>\n<p>            <img decoding=\"async\" class=\"lazy\" loading=\"lazy\" data-src=\"https:\/\/static.eldiario.es\/clip\/8a6f1b52-9f4d-405c-806a-810cad31a044_16-9-aspect-ratio_default_0.jpg\" src=\"data:image\/svg+xml,%3Csvg xmlns=\" http:=\"\" viewbox=\"0 0 880 495\" alt=\"Qu\u00e9 ha pasado con el caso judicial que hizo caer al Gobierno socialista de Portugal y cu\u00e1l es el futuro de Costa\"\/><\/p>\n<p>                        <\/a><\/p>\n<p class=\"article-text\">\n        La Polic\u00eda ejecut\u00f3 en la v\u00edspera, en total, 60 \u00f3rdenes de registro en domicilios y 32 en otros municipios del \u00e1rea metropolitana de Lisboa liderados por los socialistas como parte de una investigaci\u00f3n por delitos que van desde la prevaricaci\u00f3n o la falsificaci\u00f3n de documentos hasta el fraude fiscal agravado. Emilio V\u00e1zquez Blanco entr\u00f3 en el Parlamento de Galicia como diputado auton\u00f3mico del PSdeG en 2015 y fue durante esa etapa secretario de Organizaci\u00f3n del PSOE de A Coru\u00f1a. En 2016 se tralad\u00f3 a vivir a Portugal, abandonado su participaci\u00f3n en la primera l\u00ednea pol\u00edtica gallega.\n    <\/p>\n","protected":false},"excerpt":{"rendered":"La Polic\u00eda de Portugal ha detenido a Emilio V\u00e1zquez Blanco, exsecretario de Organizaci\u00f3n del PSOE en A Coru\u00f1a&hellip;\n","protected":false},"author":2,"featured_media":577767,"comment_status":"","ping_status":"","sticky":false,"template":"","format":"standard","meta":{"footnotes":""},"categories":[8],"tags":[517,1705,17,18,25,24,13,14,816,11,7386,19,20,7318,9,10,15,16,1925,7387,1146,23,12,21,22],"class_list":["post-577766","post","type-post","status-publish","format-standard","has-post-thumbnail","category-espana","tag-actualidad","tag-analisis","tag-breaking-news","tag-breakingnews","tag-es","tag-espana","tag-featured-news","tag-featurednews","tag-galicia","tag-headlines","tag-la-coruna","tag-latest-news","tag-latestnews","tag-lugo","tag-news","tag-noticias","tag-noticias-destacadas","tag-noticiasdestacadas","tag-opinion","tag-orense","tag-pontevedra","tag-spain","tag-titulares","tag-ultimas-noticias","tag-ultimasnoticias"],"share_on_mastodon":{"url":"https:\/\/pubeurope.com\/@es\/116659924915144522","error":""},"_links":{"self":[{"href":"https:\/\/www.europesays.com\/es\/wp-json\/wp\/v2\/posts\/577766","targetHints":{"allow":["GET"]}}],"collection":[{"href":"https:\/\/www.europesays.com\/es\/wp-json\/wp\/v2\/posts"}],"about":[{"href":"https:\/\/www.europesays.com\/es\/wp-json\/wp\/v2\/types\/post"}],"author":[{"embeddable":true,"href":"https:\/\/www.europesays.com\/es\/wp-json\/wp\/v2\/users\/2"}],"replies":[{"embeddable":true,"href":"https:\/\/www.europesays.com\/es\/wp-json\/wp\/v2\/comments?post=577766"}],"version-history":[{"count":0,"href":"https:\/\/www.europesays.com\/es\/wp-json\/wp\/v2\/posts\/577766\/revisions"}],"wp:featuredmedia":[{"embeddable":true,"href":"https:\/\/www.europesays.com\/es\/wp-json\/wp\/v2\/media\/577767"}],"wp:attachment":[{"href":"https:\/\/www.europesays.com\/es\/wp-json\/wp\/v2\/media?parent=577766"}],"wp:term":[{"taxonomy":"category","embeddable":true,"href":"https:\/\/www.europesays.com\/es\/wp-json\/wp\/v2\/categories?post=577766"},{"taxonomy":"post_tag","embeddable":true,"href":"https:\/\/www.europesays.com\/es\/wp-json\/wp\/v2\/tags?post=577766"}],"curies":[{"name":"wp","href":"https:\/\/api.w.org\/{rel}","templated":true}]}}