{"id":577942,"date":"2026-05-29T23:27:24","date_gmt":"2026-05-29T23:27:24","guid":{"rendered":"https:\/\/www.europesays.com\/es\/577942\/"},"modified":"2026-05-29T23:27:24","modified_gmt":"2026-05-29T23:27:24","slug":"la-terapia-senolitica-reduce-la-variabilidad-del-latido-cardiaco-en-modelos-de-obesidad","status":"publish","type":"post","link":"https:\/\/www.europesays.com\/es\/577942\/","title":{"rendered":"La terapia senol\u00edtica reduce la variabilidad del latido card\u00edaco en modelos de obesidad"},"content":{"rendered":"<p class=\"mostrar_fragmento\">Cient\u00edficos de la Universidad Estatal de Oklahoma han establecido que la combinaci\u00f3n formada por dasatinib y quercetina revierte la variabilidad de la frecuencia card\u00edaca asociada a la obesidad. Administrada por v\u00eda oral en ciclos de tres d\u00edas consecutivos en ratones alimentados con una dieta rica en grasas, la terapia careci\u00f3 &#8230;            &#13;\n        <\/p>\n<p> &#13;<br \/>\n&#13;<br \/>\n&#13;<\/p>\n<p>Cient\u00edficos de la Universidad Estatal de Oklahoma han establecido que la combinaci\u00f3n formada por <strong>dasatinib<\/strong> y <strong>quercetina<\/strong> revierte la variabilidad de la frecuencia card\u00edaca asociada a la obesidad. Administrada por v\u00eda oral en ciclos de tres d\u00edas consecutivos en ratones alimentados con una dieta rica en grasas, <strong>la terapia careci\u00f3 de efecto sobre la presi\u00f3n arterial o el tono simp\u00e1tico global<\/strong>, lo que indica que el beneficio observado es altamente espec\u00edfico. En el examen del mecanismo de acci\u00f3n subyacente, los investigadores hallaron que <strong>la obesidad incrementa el da\u00f1o al ADN<\/strong> y la expresi\u00f3n de marcadores de senescencia celular en la m\u00e9dula ventrolateral rostral, \u00e1rea del tronco cerebral que result\u00f3 ser cr\u00edtica en el control del flujo simp\u00e1tico hacia los \u00f3rganos.<\/p>\n<p><strong>Madhan Subramanian<\/strong>, director del <a href=\"https:\/\/pubmed.ncbi.nlm.nih.gov\/42101746\/\" rel=\"nofollow noopener\" target=\"_blank\">estudio<\/a>, afirma que las c\u00e9lulas gliales del tronco cerebral son particularmente susceptibles a la <strong>senescencia inducida por la obesidad<\/strong>, expresando prote\u00ednas vinculadas a la detenci\u00f3n del ciclo celular. Estas c\u00e9lulas senescentes adquieren un fenotipo secretor caracterizado por la <strong>liberaci\u00f3n de mediadores inflamatorios<\/strong> que contribuyen a la neuroinflamaci\u00f3n y a la sobreexcitaci\u00f3n simp\u00e1tica de esta regi\u00f3n, a\u00f1ade el cient\u00edfico.<\/p>\n<p>Los hallazgos son consistentes con la noci\u00f3n seg\u00fan la cual el tejido adiposo en la obesidad genera <strong>citoquinas proinflamatorias que atraviesan la barrera hematoencef\u00e1lica<\/strong> y provocan estr\u00e9s oxidativo e inflamaci\u00f3n en el cerebro. El estr\u00e9s oxidativo cr\u00f3nico da\u00f1a las prote\u00ednas, los l\u00edpidos y el ADN, <strong>induciendo una detenci\u00f3n irreversible del ciclo celular<\/strong>. Los actuales resultados identifican la senescencia celular en la m\u00e9dula ventrolateral rostral como un elemento nunca antes descrito en la sobreactivaci\u00f3n simp\u00e1tica inducida por la obesidad, concluye Subramanian.<\/p>\n<p> &#13;<br \/>\n&#13;<\/p>\n<p>&#13;<br \/>\n            SEGUIR LEYENDO&#13;\n        <\/p>\n","protected":false},"excerpt":{"rendered":"Cient\u00edficos de la Universidad Estatal de Oklahoma han establecido que la combinaci\u00f3n formada por dasatinib y quercetina revierte&hellip;\n","protected":false},"author":2,"featured_media":577943,"comment_status":"","ping_status":"","sticky":false,"template":"","format":"standard","meta":{"footnotes":""},"categories":[92],"tags":[29167,33072,45946,23512,8624,25517,12554,4835,25,24,110297,165,50988,3383,12051,5693,3385,166,82582,105392,7019,23,3362,1064,110296],"class_list":["post-577942","post","type-post","status-publish","format-standard","has-post-thumbnail","category-salud","tag-area","tag-atenua","tag-autonomo","tag-cardiaco","tag-celular","tag-cerebral","tag-clave","tag-corazon","tag-es","tag-espana","tag-excitacion","tag-health","tag-latido","tag-modelos","tag-nervioso","tag-obesidad","tag-reduce","tag-salud","tag-senescencia","tag-senolitica","tag-sistema","tag-spain","tag-terapia","tag-tratamiento","tag-variabilidad"],"share_on_mastodon":{"url":"https:\/\/pubeurope.com\/@es\/116660459970137190","error":""},"_links":{"self":[{"href":"https:\/\/www.europesays.com\/es\/wp-json\/wp\/v2\/posts\/577942","targetHints":{"allow":["GET"]}}],"collection":[{"href":"https:\/\/www.europesays.com\/es\/wp-json\/wp\/v2\/posts"}],"about":[{"href":"https:\/\/www.europesays.com\/es\/wp-json\/wp\/v2\/types\/post"}],"author":[{"embeddable":true,"href":"https:\/\/www.europesays.com\/es\/wp-json\/wp\/v2\/users\/2"}],"replies":[{"embeddable":true,"href":"https:\/\/www.europesays.com\/es\/wp-json\/wp\/v2\/comments?post=577942"}],"version-history":[{"count":0,"href":"https:\/\/www.europesays.com\/es\/wp-json\/wp\/v2\/posts\/577942\/revisions"}],"wp:featuredmedia":[{"embeddable":true,"href":"https:\/\/www.europesays.com\/es\/wp-json\/wp\/v2\/media\/577943"}],"wp:attachment":[{"href":"https:\/\/www.europesays.com\/es\/wp-json\/wp\/v2\/media?parent=577942"}],"wp:term":[{"taxonomy":"category","embeddable":true,"href":"https:\/\/www.europesays.com\/es\/wp-json\/wp\/v2\/categories?post=577942"},{"taxonomy":"post_tag","embeddable":true,"href":"https:\/\/www.europesays.com\/es\/wp-json\/wp\/v2\/tags?post=577942"}],"curies":[{"name":"wp","href":"https:\/\/api.w.org\/{rel}","templated":true}]}}