{"id":578062,"date":"2026-05-30T01:06:17","date_gmt":"2026-05-30T01:06:17","guid":{"rendered":"https:\/\/www.europesays.com\/es\/578062\/"},"modified":"2026-05-30T01:06:17","modified_gmt":"2026-05-30T01:06:17","slug":"detenido-un-ex-alto-cargo-del-psoe-de-la-coruna-por-la-trama-del-partido-socialista-luso","status":"publish","type":"post","link":"https:\/\/www.europesays.com\/es\/578062\/","title":{"rendered":"Detenido un ex alto cargo del PSOE de La Coru\u00f1a por la trama del Partido Socialista luso"},"content":{"rendered":"<p>La Polic\u00eda de <a href=\"https:\/\/theobjective.com\/etiqueta\/portugal\/\" type=\"post_tag\" id=\"8881\" rel=\"nofollow noopener\" target=\"_blank\">Portugal<\/a> ha detenido a <strong>Emilio V\u00e1zquez Blanco<\/strong>, exsecretario de Organizaci\u00f3n del <a href=\"https:\/\/theobjective.com\/etiqueta\/psoe\/\" type=\"post_tag\" id=\"7930\" rel=\"nofollow noopener\" target=\"_blank\">PSOE<\/a> en <a href=\"https:\/\/theobjective.com\/etiqueta\/la-coruna\/\" type=\"post_tag\" id=\"67487\" rel=\"nofollow noopener\" target=\"_blank\">La Coru\u00f1a<\/a> y exparlamentario auton\u00f3mico en Galicia en el marco de una presunta trama de corrupci\u00f3n que involucra a un exasesor del Partido Socialista (PS) portugu\u00e9s relacionada con la adjudicaci\u00f3n de contratos irregulares en municipios del pa\u00eds vecino, con p\u00e9rdidas que ascienden a casi dos millones de euros.<\/p>\n<p>Seg\u00fan fuentes del medio luso Observador, uno de los cuatro detenidos por la trama de corrupci\u00f3n es V\u00e1zquez Blanco, <strong>radicado desde hace algunos a\u00f1os en Portugal y con v\u00ednculos con el PS<\/strong>.<\/p>\n<p>V\u00e1zquez Blanco, due\u00f1o de una empresa de marketing pol\u00edtico llamada Cecubometrics, es presuntamente sospechoso de ser c\u00f3mplice de Duarte Moral \u2013exasesor del ex primer ministro Ant\u00f3nio Costa y actual asesor del secretario general socialista, Jos\u00e9 Lu\u00eds Carneiro\u2013 en la supuesta manipulaci\u00f3n de contratos.<\/p>\n<p>En concreto, el citado medio apunta a que <strong>Cecubometrics factur\u00f3 cuatro contratos mensuales de 24.600 euros cada uno<\/strong>, entre marzo y junio de 2019, cuando Duarte Moral trabajaba para el PS en el marco de la campa\u00f1a para las elecciones al Parlamento Europeo.<\/p>\n<p>Seg\u00fan un informe elaborado por la Entidad de las Cuentas y Financiaci\u00f3n Pol\u00edtica, en dichos contratos no figuran \u00ablos honorarios, n\u00famero de personas del equipo, n\u00famero de horas y respectivo valor unitario por hora\u00bb.<\/p>\n<p>La Polic\u00eda ejecut\u00f3 en la v\u00edspera, en total, 60 \u00f3rdenes de registro en domicilios y 32 en otros municipios del \u00e1rea metropolitana de Lisboa liderados por los socialistas como parte de una investigaci\u00f3n por delitos que van desde la prevaricaci\u00f3n o la falsificaci\u00f3n de documentos hasta el fraude fiscal agravado.<\/p>\n","protected":false},"excerpt":{"rendered":"La Polic\u00eda de Portugal ha detenido a Emilio V\u00e1zquez Blanco, exsecretario de Organizaci\u00f3n del PSOE en La Coru\u00f1a&hellip;\n","protected":false},"author":2,"featured_media":578063,"comment_status":"","ping_status":"","sticky":false,"template":"","format":"standard","meta":{"footnotes":""},"categories":[5],"tags":[17,18,1562,25,24,13,14,816,11,7386,19,20,9,10,15,16,1462,1699,14894,23,12,21,22],"class_list":["post-578062","post","type-post","status-publish","format-standard","has-post-thumbnail","category-titulares","tag-breaking-news","tag-breakingnews","tag-detenidos","tag-es","tag-espana","tag-featured-news","tag-featurednews","tag-galicia","tag-headlines","tag-la-coruna","tag-latest-news","tag-latestnews","tag-news","tag-noticias","tag-noticias-destacadas","tag-noticiasdestacadas","tag-portugal","tag-psoe","tag-socialistas","tag-spain","tag-titulares","tag-ultimas-noticias","tag-ultimasnoticias"],"share_on_mastodon":{"url":"https:\/\/pubeurope.com\/@es\/116660848817246031","error":""},"_links":{"self":[{"href":"https:\/\/www.europesays.com\/es\/wp-json\/wp\/v2\/posts\/578062","targetHints":{"allow":["GET"]}}],"collection":[{"href":"https:\/\/www.europesays.com\/es\/wp-json\/wp\/v2\/posts"}],"about":[{"href":"https:\/\/www.europesays.com\/es\/wp-json\/wp\/v2\/types\/post"}],"author":[{"embeddable":true,"href":"https:\/\/www.europesays.com\/es\/wp-json\/wp\/v2\/users\/2"}],"replies":[{"embeddable":true,"href":"https:\/\/www.europesays.com\/es\/wp-json\/wp\/v2\/comments?post=578062"}],"version-history":[{"count":0,"href":"https:\/\/www.europesays.com\/es\/wp-json\/wp\/v2\/posts\/578062\/revisions"}],"wp:featuredmedia":[{"embeddable":true,"href":"https:\/\/www.europesays.com\/es\/wp-json\/wp\/v2\/media\/578063"}],"wp:attachment":[{"href":"https:\/\/www.europesays.com\/es\/wp-json\/wp\/v2\/media?parent=578062"}],"wp:term":[{"taxonomy":"category","embeddable":true,"href":"https:\/\/www.europesays.com\/es\/wp-json\/wp\/v2\/categories?post=578062"},{"taxonomy":"post_tag","embeddable":true,"href":"https:\/\/www.europesays.com\/es\/wp-json\/wp\/v2\/tags?post=578062"}],"curies":[{"name":"wp","href":"https:\/\/api.w.org\/{rel}","templated":true}]}}