{"id":578092,"date":"2026-05-30T01:40:12","date_gmt":"2026-05-30T01:40:12","guid":{"rendered":"https:\/\/www.europesays.com\/es\/578092\/"},"modified":"2026-05-30T01:40:12","modified_gmt":"2026-05-30T01:40:12","slug":"el-informe-forense-de-las-lesiones-de-la-hija-de-anabel-pantoja-apunta-al-padre-como-posible-autor-de-un-zarandeo-violento-la-voz-de-galicia","status":"publish","type":"post","link":"https:\/\/www.europesays.com\/es\/578092\/","title":{"rendered":"El informe forense de las lesiones de la hija de Anabel Pantoja apunta al padre como posible autor de \u00abun zarandeo violento\u00bb &#8211; La Voz de Galicia"},"content":{"rendered":"<ol>\n<li><a href=\"https:\/\/news.google.com\/rss\/articles\/CBMiggJBVV95cUxNREZSZWs0aTFadkVIUGhuY19RbGhVaGk4czJoT044eGNtcWdrRmkxaW5JeDFwMkdrLUZBR2I3aER5N2tfUlhmLWR6cnI1aF9DaGhzbVdpSWNlbUNtTUVpeTFhOFgyVHdJbWxMeFoyYjd3VlN5ZU1pZDBuNjB1NGNkc3dmeEk0RXMzbEk2UVVVSGFRcGlMUnRHMk00NGlZcjIybkdaXy03Rk56RnMxenNWWVpQek5mYjZ4MUx4eHZFOFJ6LVFvbDRUOWttRHdLSm1VMmVaczg1cnBuQms1YVItRjBJTncwQ0VpbjNGbWVWeXU5cXBPeGlGbE45Q2VFNWVHMmfSAZ4CQVVfeXFMT0VJQlQ1by16X2FnbWtnbE0wS2NXUWxpdkxjRmZ3VWtaTFVJYmdYZVcxa1J4MW5zS2RRMklmSm83bkYzZzdKSWJqZjZFU2doZ0JJazlHY0YzT1VzUmNVbGg0aFlFbm5taUc2OElUM0tNWHV4bC1yNWlRLVB2ZHdyTzB1TU1uMEhHUGJCbkVwa3UyQWVEc25WZ2lTRWJ4R1A5VGJPLTVMRk0yNk5TS251TVk1VUw5UzAwUmZkMUFHYVhjdGstaTlpLVlXQ3A1R1lyMF9RdGt0Wm9YTVFpX3V5b29BVGxnNE44bnF3VFBfRGxPY2NlWGFGUm9wenFCV2x5LXZmMlRSNXRXQzMydnJaNEYxZFEzWHAyWV8tTzl0dw?oc=5\" target=\"_blank\" rel=\"nofollow noopener\">El informe forense de las lesiones de la hija de Anabel Pantoja apunta al padre como posible autor de \u00abun zarandeo violento\u00bb<\/a>&nbsp;&nbsp;La Voz de Galicia<\/li>\n<li><a href=\"https:\/\/news.google.com\/rss\/articles\/CBMidkFVX3lxTE1jVXhkMzV3WnVXNGpwTUNRMWQ4QVBzSE9ORjNYbkRGMllWZmVyM2xJUGZndWtEcGZEVDRQaTl0bTg2dklsNmdMM3BleDRhZ0pMR0JNWE1iT0pjXzdVNWQxWGU5bWF3OXl2QmhROENyYWpuYjl2dXfSAXZBVV95cUxQd3A3alF2bERqdVBoXzVLVWh1T3ZXOFI2V1NyN0VKNEExdXhBV0hVeXVnVmVhaF9iVVpRM0locWtacHlnUEdHX3VadkZGektoeVJiUDFZbl9fZ1FRal81VEtJckY3bTdJLWdQbnIyZTEtYzk3SGpR?oc=5\" target=\"_blank\" rel=\"nofollow noopener\">El informe forense concluye que la hija de Anabel Pantoja sufri\u00f3 lesiones violentas cuando ten\u00eda dos meses y todo apunta al padre<\/a>&nbsp;&nbsp;El Mundo<\/li>\n<li><a href=\"https:\/\/news.google.com\/rss\/articles\/CBMi5gFBVV95cUxOOFo1VUVxQ0trTnloWXo1dUt6ZVlFX0NzQXk2X25OeEhKXzgxa21oNzgzU2ZBb004dHo4RlJiOTZLXzd1ajVoVEdHdnhzcjNNaVY4UWhYc0h0dGlvanpOeHFSOXo5ekZfd0FSdHBsVFhVZVZpc2ppOWRxLWVkWDRYQ1lkd3JtSDY1UVF4bXpUdXlfZUkxQkhOUk5pM1IxenJKQ2lybklVMmUweXRSbEwyc2lnSV9KOERKUzJ3QjhYMWtpQ3l1cVVYS0x4Y3dDZEptYlA1NWhycXFjc1cxdWVaYlZsbGM0dw?oc=5\" target=\"_blank\" rel=\"nofollow noopener\">Los forenses concluyen que la hija de Anabel Pantoja sufri\u00f3 lesiones violentas y todo apunta al padre como presunto responsable<\/a>&nbsp;&nbsp;Canarias7<\/li>\n<li><a href=\"https:\/\/news.google.com\/rss\/articles\/CBMiwwFBVV95cUxOOThkRVU1ZEhEajNpQ3J0Rk5BS0h5anhDOVZHcnVQQXpMMEs3NXdoaDNPdjg0Wm9yN2Z5YXFRQVFJa1ZZcGZPanVLVkdlWThjY3FQeUxkVlBiU3JvVmMyMjA4LUM5ODdjX3BDcmt4cmc5X3N0ck1jTUhoUW1UdFdEdWtZQUNHQW5hZDhPMTdrbGNteHVJTDY5MlVYN0dXXzBYWkFuWjJfeFBxTFlSTUZRV0hBM0QyWlRMVlQxOVptYTJZc0U?oc=5\" target=\"_blank\" rel=\"nofollow noopener\">La hija de Anabel Pantoja fue v\u00edctima \u00abde un zarandeo violento\u00bb, seg\u00fan el informe forense definitivo que publica &#8216;Canarias 7&#8217;<\/a>&nbsp;&nbsp;Telecinco<\/li>\n<li><a href=\"https:\/\/news.google.com\/rss\/articles\/CBMi-wFBVV95cUxPOVdwRF9RbjhueWRiZ3BvZktLb1VXb2dpQXJ3NDRLalo0N0NNRTFwMXB6OENROERCVVBqQTlBWTRWZHdQVWpzMFB6cFZJMzIyU1pQMEJVRG1VdnlUU1dnblg5R1ZPaHAwSV9NcHhJSFdqRFFlVU1PYjdyT18xY21vMm5icmdvWkJ6RVZTN0o1Y3hzek1ISFJyaFUwSnk1TDJJZFF4N0Y1dkd3cWRVUVJOS3JLVW13YzN0dWpoVkIwNDNnQzNheWhzamI3dF9GdVk1d3A2QnJleTJXYXV4eTRnZmVVd3E5RFhEOW9faDdBbXhtZXJ6T0s0M1Y4cw?oc=5\" target=\"_blank\" rel=\"nofollow noopener\">El paradero de Anabel Pantoja mientras sale a la luz el informe que se\u00f1alar\u00eda a su pareja, David Rodr\u00edguez, como presunto responsable de las lesiones<\/a>&nbsp;&nbsp;Lecturas<\/li>\n<\/ol>\n","protected":false},"excerpt":{"rendered":"El informe forense de las lesiones de la hija de Anabel Pantoja apunta al padre como posible autor&hellip;\n","protected":false},"author":2,"featured_media":578093,"comment_status":"","ping_status":"","sticky":false,"template":"","format":"standard","meta":{"footnotes":""},"categories":[174],"tags":[4476,255,146,147,25,24,256,23],"class_list":["post-578092","post","type-post","status-publish","format-standard","has-post-thumbnail","category-famosos","tag-anabel-pantoja","tag-celebrities","tag-entertainment","tag-entretenimiento","tag-es","tag-espana","tag-famosos","tag-spain"],"share_on_mastodon":{"url":"https:\/\/pubeurope.com\/@es\/116660982514540888","error":""},"_links":{"self":[{"href":"https:\/\/www.europesays.com\/es\/wp-json\/wp\/v2\/posts\/578092","targetHints":{"allow":["GET"]}}],"collection":[{"href":"https:\/\/www.europesays.com\/es\/wp-json\/wp\/v2\/posts"}],"about":[{"href":"https:\/\/www.europesays.com\/es\/wp-json\/wp\/v2\/types\/post"}],"author":[{"embeddable":true,"href":"https:\/\/www.europesays.com\/es\/wp-json\/wp\/v2\/users\/2"}],"replies":[{"embeddable":true,"href":"https:\/\/www.europesays.com\/es\/wp-json\/wp\/v2\/comments?post=578092"}],"version-history":[{"count":0,"href":"https:\/\/www.europesays.com\/es\/wp-json\/wp\/v2\/posts\/578092\/revisions"}],"wp:featuredmedia":[{"embeddable":true,"href":"https:\/\/www.europesays.com\/es\/wp-json\/wp\/v2\/media\/578093"}],"wp:attachment":[{"href":"https:\/\/www.europesays.com\/es\/wp-json\/wp\/v2\/media?parent=578092"}],"wp:term":[{"taxonomy":"category","embeddable":true,"href":"https:\/\/www.europesays.com\/es\/wp-json\/wp\/v2\/categories?post=578092"},{"taxonomy":"post_tag","embeddable":true,"href":"https:\/\/www.europesays.com\/es\/wp-json\/wp\/v2\/tags?post=578092"}],"curies":[{"name":"wp","href":"https:\/\/api.w.org\/{rel}","templated":true}]}}