{"id":57811,"date":"2025-08-19T11:45:07","date_gmt":"2025-08-19T11:45:07","guid":{"rendered":"https:\/\/www.europesays.com\/es\/57811\/"},"modified":"2025-08-19T11:45:07","modified_gmt":"2025-08-19T11:45:07","slug":"el-impresionante-y-necesario-documental-de-incendios-forestales-disponible-en-streaming","status":"publish","type":"post","link":"https:\/\/www.europesays.com\/es\/57811\/","title":{"rendered":"el impresionante (y necesario) documental de incendios forestales disponible en streaming"},"content":{"rendered":"<p class=\"c-paragraph\">Nuestro pa\u00eds atraviesa una de las peores<a href=\"https:\/\/www.20minutos.es\/nacional\/incendios-forestales-arrasan-control-hectareas-peor-agosto-historia_6236766_0.html\" rel=\"nofollow noopener\" target=\"_blank\"> oleadas de incendios forestales <\/a>de toda su historia. En apenas poco m\u00e1s de una semana, <b>las hect\u00e1reas arrasadas se multiplicaron por 3,5<\/b>, pasando de aproximadamente 39.000 a casi 350.000 hect\u00e1reas, con <b>focos activos en Galicia, Castilla y Le\u00f3n y Extremadura. <\/b>Las autoridades han desplegado miles de efectivos, incluida la UME, y cientos de miles de personas han sido evacuadas mientras <b>el pa\u00eds convive con incendios considerados de quinta o sexta generaci\u00f3n.<\/b><\/p>\n<p class=\"c-paragraph\"><b> Burning<\/b>, disponible en Prime Video, ilumina con im\u00e1genes desgarradoras y numerosos testimonios la devastaci\u00f3n causada por <b>los incendios forestales en Australia entre junio de 2019 y mayo de 2020<\/b>, mostrando c\u00f3mo las pol\u00edticas gubernamentales y el cambio clim\u00e1tico pueden catapultar de manera dram\u00e1tica una crisis ambiental de gran magnitud. <a href=\"https:\/\/www.20minutos.es\/cinemania\/noticias\/5-documentales-para-ver-en-netflix-si-te-ha-gustado-el-timador-de-tinder-4960562\/\" rel=\"nofollow noopener\" target=\"_blank\">El documental est\u00e1 dirigido<\/a> por <b>Eva\u202fOrner<\/b>, galardonada con un Emmy, varios premios de la Academia Australiana, e incluso el Oscar por su labor como productora de <b>Taxi to the Dark Side<\/b> (2008), centrado en el trato que recibieron los prisioneros de guerra norteamericanos en Afganist\u00e1n, Irak y Guant\u00e1namo.\u00a0<\/p>\n<p>&#8216;Verano negro&#8217;<\/p>\n<p class=\"c-paragraph\"> A trav\u00e9s de testimonios de bomberos, cient\u00edficos y supervivientes, Burning expone <b>los m\u00faltiples factores que dieron lugar al llamado &#8216;Verano Negro&#8217; australiano<\/b>: el protagonismo del capital multinacional, las industrias de combustibles f\u00f3siles y la falta de pol\u00edticas ambientalistas contundentes. El resultado: m\u00e1s de 23 millones de hect\u00e1reas quemadas, cerca de <b>mil millones de animales fallecidos, decenas de muertos, problemas respiratorios cr\u00f3nicos <\/b>y fuerte impacto emocional post-cat\u00e1strofe<\/p>\n<p class=\"c-paragraph\"> Tal como en Australia, donde el documental denuncia la pasividad pol\u00edtica \u2014incluida la indiferencia del entonces primer ministro\u2014 y la criminalizaci\u00f3n del activismo juvenil, <b>en Espa\u00f1a afloran cr\u00edticas similares hacia la gesti\u00f3n actual. <\/b>Expertos advierten que la falta de prevenci\u00f3n, el abandono rural y<a href=\"https:\/\/www.20minutos.es\/television\/tension-boca-todos-incendios-espana-hay-hablar-responsabilidades-politicas_6236248_0.html\" rel=\"nofollow noopener\" target=\"_blank\"> las pol\u00edticas fragmentadas<\/a> agravan el riesgo. Organizaciones como Ecologistas en Acci\u00f3n o WWF claman por <b>una revisi\u00f3n estructural, inversi\u00f3n en prevenci\u00f3n y una gesti\u00f3n del territorio m\u00e1s resiliente<\/b><\/p>\n<p class=\"c-paragraph\">Burning adquiere gran relevancia en el contexto espa\u00f1ol: permite entender con profundidad c\u00f3mo la <b>combinaci\u00f3n de factores humanos, econ\u00f3micos y clim\u00e1ticos<\/b> puede desatar incendios de magnitudes descontroladas. Su enfoque sensorial y testimonial ofrece <b>una herramienta poderosa para sensibilizar al p\u00fablico y a los responsables pol\u00edtico<\/b>s, estimulando una reflexi\u00f3n cr\u00edtica sobre la necesidad de pol\u00edticas eficaces.<\/p>\n<p class=\"c-paragraph\"> Disponible en Prime Video, Burning no es solo un documental; es una alerta urgente. Verlo desde Espa\u00f1a, en plena emergencia, sirve para conectar estas realidades y entender que, sin <b>un pacto de Estado fuerte por el clima y una apuesta decidida por la prevenci\u00f3n<\/b>, el pa\u00eds puede quedar atrapado en una espiral de devastaci\u00f3n evitable.\u00a0<\/p>\n","protected":false},"excerpt":{"rendered":"Nuestro pa\u00eds atraviesa una de las peores oleadas de incendios forestales de toda su historia. En apenas poco&hellip;\n","protected":false},"author":2,"featured_media":57812,"comment_status":"","ping_status":"","sticky":false,"template":"","format":"standard","meta":{"footnotes":""},"categories":[169],"tags":[18157,177,146,147,25,24,176,17031,175,3436,24608,23,24609],"class_list":{"0":"post-57811","1":"post","2":"type-post","3":"status-publish","4":"format-standard","5":"has-post-thumbnail","7":"category-cine","8":"tag-18157","9":"tag-cine","10":"tag-entertainment","11":"tag-entretenimiento","12":"tag-es","13":"tag-espana","14":"tag-film","15":"tag-impresionante","16":"tag-movies","17":"tag-necesario","18":"tag-rotten","19":"tag-spain","20":"tag-tomatoes"},"share_on_mastodon":{"url":"","error":""},"_links":{"self":[{"href":"https:\/\/www.europesays.com\/es\/wp-json\/wp\/v2\/posts\/57811","targetHints":{"allow":["GET"]}}],"collection":[{"href":"https:\/\/www.europesays.com\/es\/wp-json\/wp\/v2\/posts"}],"about":[{"href":"https:\/\/www.europesays.com\/es\/wp-json\/wp\/v2\/types\/post"}],"author":[{"embeddable":true,"href":"https:\/\/www.europesays.com\/es\/wp-json\/wp\/v2\/users\/2"}],"replies":[{"embeddable":true,"href":"https:\/\/www.europesays.com\/es\/wp-json\/wp\/v2\/comments?post=57811"}],"version-history":[{"count":0,"href":"https:\/\/www.europesays.com\/es\/wp-json\/wp\/v2\/posts\/57811\/revisions"}],"wp:featuredmedia":[{"embeddable":true,"href":"https:\/\/www.europesays.com\/es\/wp-json\/wp\/v2\/media\/57812"}],"wp:attachment":[{"href":"https:\/\/www.europesays.com\/es\/wp-json\/wp\/v2\/media?parent=57811"}],"wp:term":[{"taxonomy":"category","embeddable":true,"href":"https:\/\/www.europesays.com\/es\/wp-json\/wp\/v2\/categories?post=57811"},{"taxonomy":"post_tag","embeddable":true,"href":"https:\/\/www.europesays.com\/es\/wp-json\/wp\/v2\/tags?post=57811"}],"curies":[{"name":"wp","href":"https:\/\/api.w.org\/{rel}","templated":true}]}}