{"id":57828,"date":"2025-08-19T11:54:13","date_gmt":"2025-08-19T11:54:13","guid":{"rendered":"https:\/\/www.europesays.com\/es\/57828\/"},"modified":"2025-08-19T11:54:13","modified_gmt":"2025-08-19T11:54:13","slug":"un-campeon-del-mundo-para-el-cuerpo-tecnico-del-sano-torcal-la-magia-del-balonmano","status":"publish","type":"post","link":"https:\/\/www.europesays.com\/es\/57828\/","title":{"rendered":"Un campe\u00f3n del mundo para el cuerpo t\u00e9cnico del Sano Torcal: la magia del Balonmano"},"content":{"rendered":"<p>El <strong>Sano Antequera Balonmano Torcal<\/strong> eligi\u00f3 el Mes\u00f3n La V\u00eda de Antequera para desvelar el cuerpo t\u00e9cnico de la nueva y m\u00e1gica temporada: Pepe Vegas \u00abficha\u00bb a <strong>Sergio Castilla, Antonio Gonz\u00e1lez y Luis Olmedo,\u00a0<\/strong>campe\u00f3n del mundo de magia.<\/p>\n<p>El restaurante del Grupo Casa Diego fue el escenario de la puesta en marcha de esta pretemporada donde\u00a0el director deportivo, Diego Bros, desvel\u00f3 la estructura que acompa\u00f1ar\u00e1 al equipo durante la temporada 2025-2626<\/p>\n<p>Al t\u00e9cnico Jos\u00e9 Vegas, como primer entrenador, se le suman Sergio Castilla como segundo entrenador, Antonio Gonz\u00e1lez como ayudante t\u00e9cnico y Luis Olmedo regresa al balonmano para desempe\u00f1ar las funciones de entrenador de porteros bajo la disciplina del Sano Antequera.<\/p>\n<p>Diego Bros asegura que \u201cel acto no habr\u00eda sido posible sin el apoyo de Grupo Casa Diego, que nos ha acogido en su nuevo restaurante Mes\u00f3n La V\u00eda, y sin el respaldo de todos los patrocinadores que nos acompa\u00f1an desde hace varias temporadas\u201d.<\/p>\n<p>Adem\u00e1s, quiso agradecer \u201ca nuestro anterior cuerpo t\u00e9cnico, formado por Chispi, Javi Porras y Borja, por el gran trabajo realizado y por seguir siendo parte de la familia del club\u201d.<\/p>\n<p>En lo referente a las nuevas incorporaciones, \u201cpara esta cuarta temporada, presentamos un cuerpo t\u00e9cnico ilusionante y muy completo. Jos\u00e9 Vegas ser\u00e1 el primer entrenador, acompa\u00f1ado por Sergio Castilla como segundo, Antonio Gonz\u00e1lez como ayudante y el regreso de Luis Olmedo como entrenador de porteros\u201d.<\/p>\n<p>Todos ellos aportan experiencia, ilusi\u00f3n y compromiso con un proyecto que sigue apostando por ser cien por cien antequerano. La plantilla est\u00e1 pr\u00e1cticamente perfilada, aunque no se descarta alguna incorporaci\u00f3n m\u00e1s durante las pr\u00f3ximas semanas.<\/p>\n<p>Las palabras de Jos\u00e9 Vegas sirvieron para mostrar su agradecimiento \u201ca cada miembro del cuerpo t\u00e9cnico por aceptar la propuesta y sumarse a este proyecto. Afronto esta etapa con mucha ilusi\u00f3n y con ganas de trabajar poco a poco, construyendo sobre la base que ya se ha venido haciendo en temporadas anteriores. Nuestro objetivo es claro: competir al m\u00e1ximo cada partido e intentar estar en la zona alta de la clasificaci\u00f3n\u201d.<\/p>\n<p>Adem\u00e1s, a\u00f1adi\u00f3 que \u201cel ADN antequerano es una se\u00f1a de identidad de este club, con una directiva, cuerpo t\u00e9cnico y jugadores de la tierra, lo que demuestra que se est\u00e1n haciendo las cosas bien en el Sano y en la cantera local.<\/p>\n<p>En lo referente a los integrantes del equipo, \u201ctenemos una plantilla equilibrada, con jugadores experimentados que llevan a\u00f1os defendiendo al club y j\u00f3venes que dan el salto a senior, lo que nos ofrece una mezcla muy interesante de experiencia y juventud. La pasada temporada, el equipo ya estuvo en la fase de ascenso y esa experiencia debe servirnos para afrontar con confianza los momentos decisivos. Queremos que el p\u00fablico disfrute en el Arg\u00fcelles y que el equipo sea competitivo en cada partido, dentro y fuera de casa.\u201d<\/p>\n<p>Para Luis Olmedo, \u201cesta vuelta a Antequera es muy especial, se cumplen diez a\u00f1os desde que me fui a trabajar fuera y coincido de nuevo con compa\u00f1eros con los que compart\u00ed vestuario. Aunque en este tiempo me he dedicado al mundo del teatro y el espect\u00e1culo, nunca he perdido la conexi\u00f3n con el balonmano, que ha sido mi pasi\u00f3n desde ni\u00f1o y lo que me ha dado ese esp\u00edritu competitivo que aplico en todos los \u00e1mbitos de mi vida\u00bb.<\/p>\n<p>Cuando surgi\u00f3 la propuesta \u00ablo pens\u00e9 mucho, pero entend\u00ed que era el momento de devolverle al balonmano todo lo que me ha dado. Es un reto personal, porque el juego ha evolucionado y he tenido que reciclarme para estar preparado. Llego con ilusi\u00f3n, humildad y ganas de aportar mi experiencia para ayudar a los porteros y al equipo en esta nueva etapa\u201d.<\/p>\n<p>Antonio Gonz\u00e1lez, por su parte, dijo \u201cestar muy contento de poder involucrarme en este proyecto y aportar mi granito de arena. Es muy bonito que el equipo est\u00e9 formado por gente de Antequera, que nos conozcamos y sigamos unidos por la amistad y el balonmano. Soy el m\u00e1s joven del cuerpo t\u00e9cnico y el que menos experiencia tiene en los banquillos, aunque ya el a\u00f1o pasado estuve colaborando en la cantera. Mi objetivo es aprender de mis compa\u00f1eros, que cuentan con mucha experiencia, y aportar mi visi\u00f3n para seguir creciendo como t\u00e9cnico y ayudar al equipo.\u201d<\/p>\n<p>El segundo entrenador, Sergio Castilla, cont\u00f3 que \u201ccuando el m\u00edster me llam\u00f3 para sumarme al proyecto, lo pens\u00e9 poco, me hizo mucha ilusi\u00f3n. Coincido con gente de la directiva y jugadores con los que compart\u00ed vestuario en anteriores etapas, lo que lo hace a\u00fan m\u00e1s especial\u00bb.<\/p>\n<p>\u00abEstar\u00e9 para apoyar al entrenador en todo lo que necesite y aportar mi granito de arena como segundo. Tras un tiempo apartado por motivos laborales, hace unos a\u00f1os regres\u00e9 al balonmano trabajando en la base con ni\u00f1os y ni\u00f1as, y ahora afronto con ganas este nuevo reto en el primer equipo\u201d.<\/p>\n<p>No es un truco, es la magia del Balonmano de un equipo que se reinventa cada a\u00f1o y busca volver a clasificarse para la eliminatoria de ascenso a Primera Divisi\u00f3n Nacional<\/p>\n","protected":false},"excerpt":{"rendered":"El Sano Antequera Balonmano Torcal eligi\u00f3 el Mes\u00f3n La V\u00eda de Antequera para desvelar el cuerpo t\u00e9cnico de&hellip;\n","protected":false},"author":2,"featured_media":57829,"comment_status":"","ping_status":"","sticky":false,"template":"","format":"standard","meta":{"footnotes":""},"categories":[278],"tags":[16848,376,168,25,24,375,24610,24611,24612,23,167],"class_list":{"0":"post-57828","1":"post","2":"type-post","3":"status-publish","4":"format-standard","5":"has-post-thumbnail","7":"category-balonmano","8":"tag-antequera","9":"tag-balonmano","10":"tag-deportes","11":"tag-es","12":"tag-espana","13":"tag-handball","14":"tag-jose-vegas","15":"tag-luis-olmedo","16":"tag-sano-torcal","17":"tag-spain","18":"tag-sports"},"share_on_mastodon":{"url":"","error":""},"_links":{"self":[{"href":"https:\/\/www.europesays.com\/es\/wp-json\/wp\/v2\/posts\/57828","targetHints":{"allow":["GET"]}}],"collection":[{"href":"https:\/\/www.europesays.com\/es\/wp-json\/wp\/v2\/posts"}],"about":[{"href":"https:\/\/www.europesays.com\/es\/wp-json\/wp\/v2\/types\/post"}],"author":[{"embeddable":true,"href":"https:\/\/www.europesays.com\/es\/wp-json\/wp\/v2\/users\/2"}],"replies":[{"embeddable":true,"href":"https:\/\/www.europesays.com\/es\/wp-json\/wp\/v2\/comments?post=57828"}],"version-history":[{"count":0,"href":"https:\/\/www.europesays.com\/es\/wp-json\/wp\/v2\/posts\/57828\/revisions"}],"wp:featuredmedia":[{"embeddable":true,"href":"https:\/\/www.europesays.com\/es\/wp-json\/wp\/v2\/media\/57829"}],"wp:attachment":[{"href":"https:\/\/www.europesays.com\/es\/wp-json\/wp\/v2\/media?parent=57828"}],"wp:term":[{"taxonomy":"category","embeddable":true,"href":"https:\/\/www.europesays.com\/es\/wp-json\/wp\/v2\/categories?post=57828"},{"taxonomy":"post_tag","embeddable":true,"href":"https:\/\/www.europesays.com\/es\/wp-json\/wp\/v2\/tags?post=57828"}],"curies":[{"name":"wp","href":"https:\/\/api.w.org\/{rel}","templated":true}]}}