{"id":57830,"date":"2025-08-19T11:55:08","date_gmt":"2025-08-19T11:55:08","guid":{"rendered":"https:\/\/www.europesays.com\/es\/57830\/"},"modified":"2025-08-19T11:55:08","modified_gmt":"2025-08-19T11:55:08","slug":"todo-lo-que-pasa-en-arganda-tiene-repercusion","status":"publish","type":"post","link":"https:\/\/www.europesays.com\/es\/57830\/","title":{"rendered":"\u201cTodo lo que pasa en Arganda tiene repercusi\u00f3n\u201d"},"content":{"rendered":"<p><strong>Jorge Hurtado<\/strong> es un joven de Coria de 18 a\u00f1os que se ha hecho un hueco r\u00e1pidamente en el escalaf\u00f3n con caballos pese a haber debutado con picadores a primeros de temporada en M\u00e9rida. A partir de ah\u00ed ha sido una aut\u00e9ntica revelaci\u00f3n en el Circuito de Extremadura donde ha logrado ser finalista puntuando cada tarde. Una sorpresa por su torer\u00eda y profundidad.<\/p>\n<p>Alumno de la Escuela de la Diputaci\u00f3n de Badajoz, Hurtado tiene un concepto cl\u00e1sico del toreo: <strong>\u201cBusco la pureza, la sencillez y el clasicismo. Tengo muchos referentes pero si tuviera que quedarme con dos maestros ser\u00edan Paco Camino y Morante de la Puebla\u00bb.<\/strong><\/p>\n<p>Har\u00e1 el pase\u00edllo el 10 de septiembre en Arganda del Rey con Mart\u00edn Morilla y Julio M\u00e9ndez. <strong>\u201cTodo lo que pasa en Arganda tiene una gran repercusi\u00f3n, para bien y para mal. Si es para bien te puede abrir muchas puertas, mi aspiraci\u00f3n es que me permita entrar en muchas ferias el a\u00f1o que viene\u201d.<\/strong><\/p>\n<p>Se enfrentar\u00e1 a la ganader\u00eda salmantina de Jos\u00e9 Cruz: <strong>\u201cEs una ganader\u00eda muy buena, tengo fe a la novillada. He tenido ocasi\u00f3n de elegirla y lo he hecho siendo consciente de la oportunidad que es. Mi \u00fanica experiencia anterior con ella fue una vaca muy buena en el Bols\u00edn de Ciudad Rodrigo\u201d<\/strong>. Precisamente, en su etapa sin caballos destac\u00f3 en el certamen de Sevilla llegando a la final y triunfando en el Alfarero de Plata de Villaseca de la Sagra.<\/p>\n","protected":false},"excerpt":{"rendered":"Jorge Hurtado es un joven de Coria de 18 a\u00f1os que se ha hecho un hueco r\u00e1pidamente en&hellip;\n","protected":false},"author":2,"featured_media":57831,"comment_status":"","ping_status":"","sticky":false,"template":"","format":"standard","meta":{"footnotes":""},"categories":[277],"tags":[45,12289,373,168,25,24,24613,23,167,374,12290],"class_list":{"0":"post-57830","1":"post","2":"type-post","3":"status-publish","4":"format-standard","5":"has-post-thumbnail","7":"category-toreo","8":"tag-45","9":"tag-arganda-del-rey","10":"tag-bullfighting","11":"tag-deportes","12":"tag-es","13":"tag-espana","14":"tag-jorge-hurtado","15":"tag-spain","16":"tag-sports","17":"tag-toreo","18":"tag-vid-de-oro"},"share_on_mastodon":{"url":"","error":""},"_links":{"self":[{"href":"https:\/\/www.europesays.com\/es\/wp-json\/wp\/v2\/posts\/57830","targetHints":{"allow":["GET"]}}],"collection":[{"href":"https:\/\/www.europesays.com\/es\/wp-json\/wp\/v2\/posts"}],"about":[{"href":"https:\/\/www.europesays.com\/es\/wp-json\/wp\/v2\/types\/post"}],"author":[{"embeddable":true,"href":"https:\/\/www.europesays.com\/es\/wp-json\/wp\/v2\/users\/2"}],"replies":[{"embeddable":true,"href":"https:\/\/www.europesays.com\/es\/wp-json\/wp\/v2\/comments?post=57830"}],"version-history":[{"count":0,"href":"https:\/\/www.europesays.com\/es\/wp-json\/wp\/v2\/posts\/57830\/revisions"}],"wp:featuredmedia":[{"embeddable":true,"href":"https:\/\/www.europesays.com\/es\/wp-json\/wp\/v2\/media\/57831"}],"wp:attachment":[{"href":"https:\/\/www.europesays.com\/es\/wp-json\/wp\/v2\/media?parent=57830"}],"wp:term":[{"taxonomy":"category","embeddable":true,"href":"https:\/\/www.europesays.com\/es\/wp-json\/wp\/v2\/categories?post=57830"},{"taxonomy":"post_tag","embeddable":true,"href":"https:\/\/www.europesays.com\/es\/wp-json\/wp\/v2\/tags?post=57830"}],"curies":[{"name":"wp","href":"https:\/\/api.w.org\/{rel}","templated":true}]}}