{"id":57834,"date":"2025-08-19T11:58:10","date_gmt":"2025-08-19T11:58:10","guid":{"rendered":"https:\/\/www.europesays.com\/es\/57834\/"},"modified":"2025-08-19T11:58:10","modified_gmt":"2025-08-19T11:58:10","slug":"cuando-empieza-el-us-open-2025-fechas-horarios-y-donde-ver-por-tv-y-online","status":"publish","type":"post","link":"https:\/\/www.europesays.com\/es\/57834\/","title":{"rendered":"\u00bfCu\u00e1ndo empieza el US Open 2025? Fechas, horarios y d\u00f3nde ver por TV y online"},"content":{"rendered":"<p class=\"ft-text\">El <a href=\"https:\/\/www.sport.es\/es\/tenis\/us-open\/\" class=\"ft-link ft-link--decoration\" rel=\"nofollow noopener\" target=\"_blank\"><strong>US Open 2025<\/strong><\/a>, \u00faltimo Grand Slam de la temporada, cuenta los d\u00edas para su esperado pistoletazo de salida. El cuarto &#8216;Major&#8217; del a\u00f1o pondr\u00e1 el broche a la gira americana, que ha llevado a las principales raquetas del circuito a Washington, Toronto y Cincinnati.<\/p>\n<p class=\"ft-text\">El torneo estadounidense se celebrar\u00e1 <strong>del domingo 24 de agosto al domingo 7 de septiembre<\/strong> en <strong>Flushing Meadows <\/strong>(Nueva York), que acoge el torneo desde que este abandonase Forest Hills en 1978. La sede ser\u00e1 el <strong>USTA Billie Jean King National Tennis Center<\/strong>, complejo que alberga 22 pistas dentro de sus instalaciones y 11 acidionales en el parque adyacente, siendo la Arthur Ashe la principal.<\/p>\n<p class=\"ft-text\"><strong>Jannik Sinner <\/strong>afronta la presente edici\u00f3n del <strong>US Open<\/strong> como vigente campe\u00f3n y gran favorito a conquistar el t\u00edtulo. El n\u00famero 1 del mundo contar\u00e1 con la habitual oposici\u00f3n de un <a href=\"https:\/\/www.sport.es\/es\/temas\/carlos-alcaraz-1016585\" class=\"ft-link ft-link--decoration\" rel=\"nofollow noopener\" target=\"_blank\"><strong>Carlos Alcaraz<\/strong><\/a> que guarda un grato recuerdo de Flushing Meadows, escenario en el que conquist\u00f3 el primer &#8216;Major&#8217; de su carrera en 2022.<\/p>\n<p class=\"ft-text\">En categor\u00eda femenina, tambi\u00e9n ser\u00e1 la n\u00famero 1 qui\u00e9n defienda su corona. <strong>Aryna Sabalenka<\/strong> aterriza en Nueva York con la voluntad de reponerse de las decepciones en <strong>Roland Garros<\/strong>, d\u00f3nde se qued\u00f3 a las puertas de la gloria en la final ante <strong>Coco Gauff<\/strong>, y <strong>Wimbledon<\/strong>, d\u00f3nde cay\u00f3 en semifinales ante <strong>Anisimova<\/strong>.<\/p>\n<p>\u00bfA qu\u00e9 hora empiezan los partidos del US Open 2025?<\/p>\n<p class=\"ft-text\">Cada d\u00eda de competici\u00f3n, la jornada del US Open dar\u00e1 comienzo a partir de las 11:00 hora local, que en Espa\u00f1a corresponde a las <strong>17:00 horas (CET)<\/strong>. El torneo neoyorkino tambi\u00e9n cuenta con una sesi\u00f3n vespertina que arrancar\u00e1 a partir de las 19:00 horas (CET), lo que corresponde a la <strong>1:00 de la madrugada en Espa\u00f1a<\/strong>.<\/p>\n<p>\u00bfD\u00f3nde ver por TV en Espa\u00f1a todos los partidos del US Open 2025?<\/p>\n<p class=\"ft-text\">En Espa\u00f1a, todos los partidos del US Open 2025 se podr\u00e1n ver por TV y online a trav\u00e9s de <strong>Movistar Plus +<\/strong>, que ofrece la cobertura completa del torneo.<\/p>\n<p class=\"ft-text\">Movistar+ retransmitir\u00e1 los diferentes partidos de cada jornada de la mano de su paquete <strong>Deportes+<\/strong>, mientras que los de Carlos Alcaraz se emitir\u00e1n a trav\u00e9s del <strong>dial 7<\/strong> o <strong>#Vamos<\/strong>, canales reservados para los cruces en las pistas m\u00e1s importantes, con narraci\u00f3n de Jos\u00e9 Antonio Mielgo y comentarios de Roberto Carretero.<\/p>\n<p class=\"ft-text\">Adem\u00e1s, los usuarios podr\u00e1n seguir todos los partidos en streaming mediante la app de <strong>Movistar Plus+<\/strong>, con acceso a m\u00faltiples pistas simult\u00e1neamente y posibilidad de ver el torneo desde cualquier dispositivo con conexi\u00f3n a internet.<\/p>\n<p class=\"ft-text\">Desde\u00a0<strong>SPORT\u00a0<\/strong>te ofrecemos una cobertura completa del US Open 2025 con cr\u00f3nicas, reacciones de los protagonistas y an\u00e1lisis de los partidos clave, con especial atenci\u00f3n al desempe\u00f1o de Carlos Alcaraz.<\/p>\n","protected":false},"excerpt":{"rendered":"El US Open 2025, \u00faltimo Grand Slam de la temporada, cuenta los d\u00edas para su esperado pistoletazo de&hellip;\n","protected":false},"author":2,"featured_media":57835,"comment_status":"","ping_status":"","sticky":false,"template":"","format":"standard","meta":{"footnotes":""},"categories":[274],"tags":[45,168,3169,25,24,4400,4074,5829,23,167,327,326,1559,809],"class_list":{"0":"post-57834","1":"post","2":"type-post","3":"status-publish","4":"format-standard","5":"has-post-thumbnail","7":"category-tenis","8":"tag-45","9":"tag-deportes","10":"tag-donde","11":"tag-es","12":"tag-espana","13":"tag-fechas","14":"tag-horarios","15":"tag-open","16":"tag-spain","17":"tag-sports","18":"tag-tenis","19":"tag-tennis","20":"tag-us","21":"tag-ver"},"share_on_mastodon":{"url":"","error":""},"_links":{"self":[{"href":"https:\/\/www.europesays.com\/es\/wp-json\/wp\/v2\/posts\/57834","targetHints":{"allow":["GET"]}}],"collection":[{"href":"https:\/\/www.europesays.com\/es\/wp-json\/wp\/v2\/posts"}],"about":[{"href":"https:\/\/www.europesays.com\/es\/wp-json\/wp\/v2\/types\/post"}],"author":[{"embeddable":true,"href":"https:\/\/www.europesays.com\/es\/wp-json\/wp\/v2\/users\/2"}],"replies":[{"embeddable":true,"href":"https:\/\/www.europesays.com\/es\/wp-json\/wp\/v2\/comments?post=57834"}],"version-history":[{"count":0,"href":"https:\/\/www.europesays.com\/es\/wp-json\/wp\/v2\/posts\/57834\/revisions"}],"wp:featuredmedia":[{"embeddable":true,"href":"https:\/\/www.europesays.com\/es\/wp-json\/wp\/v2\/media\/57835"}],"wp:attachment":[{"href":"https:\/\/www.europesays.com\/es\/wp-json\/wp\/v2\/media?parent=57834"}],"wp:term":[{"taxonomy":"category","embeddable":true,"href":"https:\/\/www.europesays.com\/es\/wp-json\/wp\/v2\/categories?post=57834"},{"taxonomy":"post_tag","embeddable":true,"href":"https:\/\/www.europesays.com\/es\/wp-json\/wp\/v2\/tags?post=57834"}],"curies":[{"name":"wp","href":"https:\/\/api.w.org\/{rel}","templated":true}]}}