{"id":578537,"date":"2026-05-30T08:21:15","date_gmt":"2026-05-30T08:21:15","guid":{"rendered":"https:\/\/www.europesays.com\/es\/578537\/"},"modified":"2026-05-30T08:21:15","modified_gmt":"2026-05-30T08:21:15","slug":"carrera-sprint-del-gp-de-italia-de-motogp-horario-y-donde-ver-motogp-hoy-por-tv-en-directo-con-marc-marquez-y-jorge-martin","status":"publish","type":"post","link":"https:\/\/www.europesays.com\/es\/578537\/","title":{"rendered":"Carrera Sprint del GP de Italia de MotoGP: horario y d\u00f3nde ver MotoGP hoy por TV, en directo con Marc M\u00e1rquez y Jorge Mart\u00edn"},"content":{"rendered":"<p class=\"ft-text\">El <strong>GP de Italia 2026<\/strong> de <a class=\"ft-link ft-link--decoration\" href=\"https:\/\/www.sport.es\/es\/motor\/moto-gp\/\" target=\"_blank\" rel=\"nofollow noopener\"><strong>MotoGP<\/strong><\/a><strong> <\/strong>entra en su fase m\u00e1s decisiva. Una vez disputadas las primeras sesiones de entrenamientos este viernes en el trazado de <strong>Mugello<\/strong>, este s\u00e1bado la acci\u00f3n vuelve a pista con la disputa de la <a class=\"ft-link ft-link--decoration\" href=\"https:\/\/www.sport.es\/es\/motor\/moto-gp\/clasificacion\/\" rel=\"nofollow noopener\" target=\"_blank\"><strong>clasificaci\u00f3n<\/strong><\/a><strong> <\/strong>y de la <strong>carrera al Sprint<\/strong>, que otorgar\u00e1 los primeros puntos del fin de semana.<\/p>\n<p class=\"ft-text\">La vuelta de <a class=\"ft-link ft-link--decoration\" href=\"https:\/\/www.sport.es\/es\/temas\/marc-marquez-99\" target=\"_blank\" rel=\"nofollow noopener\"><strong>Marc M\u00e1rquez<\/strong><\/a> ha sido la noticia m\u00e1s positiva de las sesiones de este viernes. El piloto de <strong>Ducati <\/strong>se prob\u00f3 en <strong>Mugello <\/strong>despu\u00e9s de semanas apartado de la competici\u00f3n tras su ca\u00edda en <strong>Le Mans<\/strong>, aunque no confirm\u00f3 su presencia en el circuito italiano hasta tarde. Sin embargo, <strong>Marc <\/strong>se encuentra con buenas sensaciones, si bien no recuperado del todo pero s\u00ed con el cuerpo suficiente como para poder competir con lo m\u00ednimo.<\/p>\n<p><img decoding=\"async\" src=\"https:\/\/www.europesays.com\/es\/wp-content\/uploads\/2026\/05\/d8bd0f98-a28a-4bc6-a08a-10cbdae8f099_alta-libre-aspect-ratio_default_0_x600y225.jpg\" width=\"1200\" height=\"675\" alt=\"Marc M\u00e1rquez (Ducati), asaltado por unos aficionados en el 'paddock' del Mugello\" class=\"ft-helper-img-rd\" loading=\"lazy\" fetchpriority=\"auto\"\/><\/p>\n<p class=\"ft-helper-fontColor-quaternary ft-helper-fontSize-body-S ft-helper-spacer-t-xxs\">Marc M\u00e1rquez (Ducati), asaltado por unos aficionados en el &#8216;paddock&#8217; del Mugello  \/ EMILIO P\u00c9REZ DE ROZAS<\/p>\n<p class=\"ft-text\">Al GP de Italia llega <strong>Marco Bezzecchi<\/strong> como l\u00edder del Mundial, 15 puntos por encima de <strong>Jorge Mart\u00edn<\/strong>. El piloto de San Sebasti\u00e1n de los Reyes tiene una oportunidad perfecta en Mugello para asaltar el lidearto del Mundial o, como m\u00ednimo, acercarse al italiano. Marco cuenta con el factor local a favor, pero Jorge tiene la motivaci\u00f3n por las nubes tras una temporada complicada con Aprilia.<\/p>\n<p class=\"ft-text\">No estar\u00e1n en Mugello ni Alex M\u00e1rquez ni <strong>Johann Zarco<\/strong>, el piloto de Honda LCR, que se perder\u00e1 el GP de Italia de este fin de semana. Cabe recordar que Mugello cuenta con un total de\u00a0<strong>5.245 kil\u00f3metros<\/strong>\u00a0y\u00a0<strong>15 curvas<\/strong>\u00a0donde, por encima de todo, se premia la precisi\u00f3n, la estabilidad de la moto y la valent\u00eda de los pilotos en frenadas y cambios de direcci\u00f3n. La <strong>carrera <\/strong>de MotoGP se disputa a <strong>23 vueltas<\/strong>, lo que supone algo m\u00e1s de 120 kil\u00f3metros hasta ver la bandera a cuadros; la <strong>Sprint<\/strong>, a<strong> 11 giros<\/strong>.<\/p>\n<p>Horarios de la clasificaci\u00f3n y Sprint del GP de Italia de MotoGP 2026<\/p>\n<p class=\"ft-text\"><strong>S\u00e1bado 30 de mayo:<\/strong><\/p>\n<ul class=\"ft-list ft-list--primary\">\n<li class=\"ft-list__item\">Moto3 | FP2: 08:40 horas<\/li>\n<li class=\"ft-list__item\">Moto2 | FP2: 09:25 horas<\/li>\n<li class=\"ft-list__item\"><strong>MotoGP | FP2: 10:10 horas<\/strong><\/li>\n<li class=\"ft-list__item\"><strong>MotoGP | Q1: 10:50 horas<\/strong><\/li>\n<li class=\"ft-list__item\"><strong>MotoGP | Q2: 11:15 horas<\/strong><\/li>\n<li class=\"ft-list__item\">Moto3 | Q1: 12:45 horas<\/li>\n<li class=\"ft-list__item\">Moto3 | Q2: 13:10 horas<\/li>\n<li class=\"ft-list__item\">Moto2 | Q1: 13:40 horas<\/li>\n<li class=\"ft-list__item\">Moto2 | Q2: 14:05 horas<\/li>\n<li class=\"ft-list__item\"><strong>MotoGP | Sprint (11 vueltas): 15:00 horas<\/strong><\/li>\n<\/ul>\n<p>D\u00f3nde ver el GP de Italia 2026 en directo y por TV<\/p>\n<p class=\"ft-text\">En Espa\u00f1a, el\u00a0<strong>Gran Premio de Italia <\/strong>y todas las carreras y entrenamientos del Mundial de MotoGP de este a\u00f1o se pueden ver en directo por\u00a0televisi\u00f3n y online a trav\u00e9s de la plataforma\u00a0<strong>DAZN<\/strong>, as\u00ed como en\u00a0<strong>Movistar Plus<\/strong>. Por su parte, en Argentina, Chile, M\u00e9xico, Colombia y Per\u00fa se retransmitir\u00e1 a trav\u00e9s de\u00a0<strong>ESPN;<\/strong>\u00a0en Estados Unidos, ser\u00e1 a cargo de\u00a0<strong>NBC<\/strong>\u00a0<strong>Sports<\/strong>\u00a0y\u00a0<strong>CNBC<\/strong>. Tambi\u00e9n est\u00e1 la opci\u00f3n de usar el servicio de pago\u00a0<strong>VideoPass\u00a0<\/strong>que ofrece el propio campeonato de\u00a0<strong>MotoGP<\/strong>.<\/p>\n<p class=\"ft-text\">Desde\u00a0<strong>SPORT<\/strong>, te contamos todo lo que suceda en el Mundial de MotoGP con nuestras narraciones\u00a0<a href=\"https:\/\/www.sport.es\/es\/motor\/moto-gp\/directo\/\" class=\"ft-link ft-link--decoration\" rel=\"nofollow noopener\" target=\"_blank\">en directo<\/a>\u00a0de entrenamientos, clasificaciones y carreras, as\u00ed como las cr\u00f3nicas y las reacciones de los protagonistas una vez finalicen los mismos.<\/p>\n","protected":false},"excerpt":{"rendered":"El GP de Italia 2026 de MotoGP entra en su fase m\u00e1s decisiva. Una vez disputadas las primeras&hellip;\n","protected":false},"author":2,"featured_media":578538,"comment_status":"","ping_status":"","sticky":false,"template":"","format":"standard","meta":{"footnotes":""},"categories":[93],"tags":[4860,168,25,24,3170,319,110397,628,12143,23,167,3596],"class_list":["post-578537","post","type-post","status-publish","format-standard","has-post-thumbnail","category-deportes","tag-carrera","tag-deportes","tag-es","tag-espana","tag-gp","tag-horario","tag-horarios-motogp","tag-italia","tag-motogp","tag-spain","tag-sports","tag-sprint"],"share_on_mastodon":{"url":"https:\/\/pubeurope.com\/@es\/116662559637068248","error":""},"_links":{"self":[{"href":"https:\/\/www.europesays.com\/es\/wp-json\/wp\/v2\/posts\/578537","targetHints":{"allow":["GET"]}}],"collection":[{"href":"https:\/\/www.europesays.com\/es\/wp-json\/wp\/v2\/posts"}],"about":[{"href":"https:\/\/www.europesays.com\/es\/wp-json\/wp\/v2\/types\/post"}],"author":[{"embeddable":true,"href":"https:\/\/www.europesays.com\/es\/wp-json\/wp\/v2\/users\/2"}],"replies":[{"embeddable":true,"href":"https:\/\/www.europesays.com\/es\/wp-json\/wp\/v2\/comments?post=578537"}],"version-history":[{"count":0,"href":"https:\/\/www.europesays.com\/es\/wp-json\/wp\/v2\/posts\/578537\/revisions"}],"wp:featuredmedia":[{"embeddable":true,"href":"https:\/\/www.europesays.com\/es\/wp-json\/wp\/v2\/media\/578538"}],"wp:attachment":[{"href":"https:\/\/www.europesays.com\/es\/wp-json\/wp\/v2\/media?parent=578537"}],"wp:term":[{"taxonomy":"category","embeddable":true,"href":"https:\/\/www.europesays.com\/es\/wp-json\/wp\/v2\/categories?post=578537"},{"taxonomy":"post_tag","embeddable":true,"href":"https:\/\/www.europesays.com\/es\/wp-json\/wp\/v2\/tags?post=578537"}],"curies":[{"name":"wp","href":"https:\/\/api.w.org\/{rel}","templated":true}]}}